{"id":3746,"date":"2021-08-20T16:26:48","date_gmt":"2021-08-20T16:26:48","guid":{"rendered":"http:\/\/sinasefesm.com\/?p=3746"},"modified":"2021-08-20T16:26:48","modified_gmt":"2021-08-20T16:26:48","slug":"sindicatos-foram-a-praca-sensibilizar-populacao-sobre-prejuizos-da-reforma-administrativa","status":"publish","type":"post","link":"https:\/\/sinasefesm.com\/index.php\/2021\/08\/20\/sindicatos-foram-a-praca-sensibilizar-populacao-sobre-prejuizos-da-reforma-administrativa\/","title":{"rendered":"Sindicatos foram \u00e0 pra\u00e7a sensibilizar popula\u00e7\u00e3o sobre preju\u00edzos da Reforma Administrativa"},"content":{"rendered":"\n<p>Nesta quarta-feira, 18, a pra\u00e7a Saldanha Marinho foi ocupada por dezenas de sindicatos e movimentos sociais de Santa Maria, que manifestaram, por meio de uma aula p\u00fablica,&nbsp; seu rep\u00fadio \u00e0 Reforma Administrativa (PEC 32\/2020). Nessa aula, um representante de cada organiza\u00e7\u00e3o pode fazer sua fala em defesa da educa\u00e7\u00e3o e do servi\u00e7o p\u00fablico.<\/p>\n\n\n\n<p>Como representante do Sinasefe, Jos\u00e9 Abilio de Freitas, um dos tr\u00eas coordenadores gerais do sindicato, destacou a import\u00e2ncia e a relev\u00e2ncia do servi\u00e7o p\u00fablico hoje, no Brasil, n\u00e3o somente na \u00e1rea educacional, mas tamb\u00e9m nas \u00e1reas do transporte, do meio ambiente e da sa\u00fade.<\/p>\n\n\n\n<p>Ele tamb\u00e9m falou que: \u201cO governo coloca a Reforma Administrativa como necess\u00e1ria ao combate dos privil\u00e9gios do funcion\u00e1rio p\u00fablico. S\u00f3 que a gente sabe bem que os funcion\u00e1rios p\u00fablicos que v\u00e3o ser impactados por essa reforma n\u00e3o s\u00e3o os privilegiados [&#8230;]\u201d. Segundo ele, os servidores p\u00fablicos realmente favorecidos e que n\u00e3o ser\u00e3o impactados pela reforma s\u00e3o os parlamentares, ju\u00edzes e procuradores.<\/p>\n\n\n\n<blockquote class=\"wp-block-quote is-layout-flow wp-block-quote-is-layout-flow\"><p>\u201cEssa reforma vai colocar uma carta branca na m\u00e3o do Executivo, que vai poder, atrav\u00e9s de decreto, simplesmente extinguir autarquias, extinguir cargos, contratar sem concurso p\u00fablico. N\u00f3s seremos funcion\u00e1rios de governos e n\u00e3o funcion\u00e1rios do Estado\u201d<\/p><cite><em>, complementa o professor.<\/em><\/cite><\/blockquote>\n\n\n\n<p>Em nome do DCE, Luiz Eduardo Barbosa, estudante de Direito da UFSM, expressou seu rep\u00fadio \u00e0 Reforma Administrativa, falando que ela nem deveria receber tal nome, uma vez que uma reforma serve para melhorar determinada situa\u00e7\u00e3o, enquanto a PEC 32\/2020 somente precariza ainda mais o servi\u00e7o p\u00fablico.&nbsp;<\/p>\n\n\n\n<p>O estudante ainda afirmou: \u201c[&#8230;] enquanto a gente n\u00e3o derrubar o governo Bolsonaro, vamos ter que ficar todos os meses, todos os dias, colocando uma nova a\u00e7\u00e3o defensiva para conseguir barrar essas reformas [&#8230;]\u201d.<\/p>\n\n\n\n<div class=\"wp-block-image\"><figure class=\"alignleft size-full is-resized\"><img fetchpriority=\"high\" decoding=\"async\" src=\"https:\/\/sinasefesm.com\/wp-content\/uploads\/2021\/08\/WhatsApp-Image-2021-08-18-at-18.48.41-1.jpeg\" alt=\"\" class=\"wp-image-3751\" width=\"474\" height=\"315\" srcset=\"https:\/\/sinasefesm.com\/wp-content\/uploads\/2021\/08\/WhatsApp-Image-2021-08-18-at-18.48.41-1.jpeg 1280w, https:\/\/sinasefesm.com\/wp-content\/uploads\/2021\/08\/WhatsApp-Image-2021-08-18-at-18.48.41-1-300x200.jpeg 300w, https:\/\/sinasefesm.com\/wp-content\/uploads\/2021\/08\/WhatsApp-Image-2021-08-18-at-18.48.41-1-1024x682.jpeg 1024w, https:\/\/sinasefesm.com\/wp-content\/uploads\/2021\/08\/WhatsApp-Image-2021-08-18-at-18.48.41-1-768x512.jpeg 768w, https:\/\/sinasefesm.com\/wp-content\/uploads\/2021\/08\/WhatsApp-Image-2021-08-18-at-18.48.41-1-150x100.jpeg 150w, https:\/\/sinasefesm.com\/wp-content\/uploads\/2021\/08\/WhatsApp-Image-2021-08-18-at-18.48.41-1-450x300.jpeg 450w, https:\/\/sinasefesm.com\/wp-content\/uploads\/2021\/08\/WhatsApp-Image-2021-08-18-at-18.48.41-1-1200x800.jpeg 1200w\" sizes=\"(max-width: 474px) 100vw, 474px\" \/><figcaption>  Jos\u00e9 Abilio de Freitas<\/figcaption><\/figure><\/div>\n\n\n\n<p>Em conson\u00e2ncia com essa fala, Jos\u00e9 Abilio de Freitas refor\u00e7ou a import\u00e2ncia da sociedade se mobilizar em prol do funcionalismo p\u00fablico, para que n\u00e3o sejam perdidos os poucos benef\u00edcios sociais que restaram tanto aos servidores e servidoras, quanto \u00e0 popula\u00e7\u00e3o brasileira.&nbsp;<\/p>\n\n\n\n<p>A aula p\u00fablica foi uma das a\u00e7\u00f5es da agenda de mobiliza\u00e7\u00e3o constru\u00edda por sindicatos e movimentos de Santa Maria. Na ter\u00e7a, 17, o Sinasefe participou de plen\u00e1ria virtual a respeito da PEC e, nesta quarta, 18, \u00e0s 18h, promoveu uma live que tratou, dentre outros aspectos, sobre os impactos da Reforma para o setor da Educa\u00e7\u00e3o, para os servidores aposentados e para a popula\u00e7\u00e3o brasileira que necessita da rede protetiva representada pelos servi\u00e7os p\u00fablicos.&nbsp;<\/p>\n\n\n\n<p>A quarta-feira, ou 18A, marcou mais um Dia Nacional de Mobiliza\u00e7\u00e3o, de forma que diversas outras cidades brasileiras registraram tamb\u00e9m atos e atividades pol\u00edticas nesta data.&nbsp;<\/p>\n","protected":false},"excerpt":{"rendered":"<p>Nesta quarta-feira, 18, a pra\u00e7a Saldanha Marinho foi ocupada por dezenas de sindicatos e movimentos sociais de Santa Maria, que manifestaram, por meio de uma aula p\u00fablica,&nbsp; seu rep\u00fadio \u00e0 Reforma Administrativa (PEC 32\/2020). Nessa aula, um representante de cada organiza\u00e7\u00e3o pode fazer sua fala em defesa da educa\u00e7\u00e3o e do servi\u00e7o p\u00fablico. Como representante<\/p>\n","protected":false},"author":1,"featured_media":3750,"comment_status":"closed","ping_status":"closed","sticky":false,"template":"","format":"standard","meta":{"footnotes":""},"categories":[41],"tags":[],"class_list":{"0":"post-3746","1":"post","2":"type-post","3":"status-publish","4":"format-standard","5":"has-post-thumbnail","7":"category-movimento"},"_links":{"self":[{"href":"https:\/\/sinasefesm.com\/index.php\/wp-json\/wp\/v2\/posts\/3746","targetHints":{"allow":["GET"]}}],"collection":[{"href":"https:\/\/sinasefesm.com\/index.php\/wp-json\/wp\/v2\/posts"}],"about":[{"href":"https:\/\/sinasefesm.com\/index.php\/wp-json\/wp\/v2\/types\/post"}],"author":[{"embeddable":true,"href":"https:\/\/sinasefesm.com\/index.php\/wp-json\/wp\/v2\/users\/1"}],"replies":[{"embeddable":true,"href":"https:\/\/sinasefesm.com\/index.php\/wp-json\/wp\/v2\/comments?post=3746"}],"version-history":[{"count":0,"href":"https:\/\/sinasefesm.com\/index.php\/wp-json\/wp\/v2\/posts\/3746\/revisions"}],"wp:featuredmedia":[{"embeddable":true,"href":"https:\/\/sinasefesm.com\/index.php\/wp-json\/wp\/v2\/media\/3750"}],"wp:attachment":[{"href":"https:\/\/sinasefesm.com\/index.php\/wp-json\/wp\/v2\/media?parent=3746"}],"wp:term":[{"taxonomy":"category","embeddable":true,"href":"https:\/\/sinasefesm.com\/index.php\/wp-json\/wp\/v2\/categories?post=3746"},{"taxonomy":"post_tag","embeddable":true,"href":"https:\/\/sinasefesm.com\/index.php\/wp-json\/wp\/v2\/tags?post=3746"}],"curies":[{"name":"wp","href":"https:\/\/api.w.org\/{rel}","templated":true}]}}