{"id":3835,"date":"2021-08-30T19:50:22","date_gmt":"2021-08-30T19:50:22","guid":{"rendered":"https:\/\/sinasefesm.com\/?p=3835"},"modified":"2021-08-30T19:50:22","modified_gmt":"2021-08-30T19:50:22","slug":"sinasefe-santa-maria-mais-de-tres-decadas-de-luta-em-defesa-da-educacao-e-dosas-servidoresas","status":"publish","type":"post","link":"https:\/\/sinasefesm.com\/index.php\/2021\/08\/30\/sinasefe-santa-maria-mais-de-tres-decadas-de-luta-em-defesa-da-educacao-e-dosas-servidoresas\/","title":{"rendered":"SINASEFE SANTA MARIA: MAIS DE TR\u00caS D\u00c9CADAS DE LUTA EM DEFESA DA EDUCA\u00c7\u00c3O E DOS(AS) SERVIDORES(AS)"},"content":{"rendered":"\n<p>O Sindicato Nacional dos Servidores Federais da Educa\u00e7\u00e3o B\u00e1sica, Profissional e Tecnol\u00f3gica (SINASEFE) fundou sua se\u00e7\u00e3o sindical em Santa Maria no dia 6 de dezembro de 1990, ap\u00f3s a promulga\u00e7\u00e3o da Constitui\u00e7\u00e3o Federal de 1988, que permitiu a sindicaliza\u00e7\u00e3o dos servidores p\u00fablicos, a\u00e7\u00e3o que, at\u00e9 ent\u00e3o, estava proibida pela lei vigente. A se\u00e7\u00e3o foi uma das primeiras a serem criadas no pa\u00eds, devido \u00e0 participa\u00e7\u00e3o de servidores da cidade na comiss\u00e3o organizadora do Sinasefe Nacional, em Bras\u00edlia, no ano de 1988.<\/p>\n\n\n\n<p>De acordo com Milton Ferrari, atual coordenador geral do Sinasefe SM e um dos fundadores da se\u00e7\u00e3o sindical santa-mariense, o desejo de criar a se\u00e7\u00e3o era antigo, porque \u201c[\u2026] as associa\u00e7\u00f5es da \u00e9poca tinham um car\u00e1ter muito limitado de representa\u00e7\u00e3o dos servidores, principalmente diante de quest\u00f5es jur\u00eddicas ou administrativas. Ent\u00e3o, quando a constitui\u00e7\u00e3o permitiu a cria\u00e7\u00e3o de sindicatos, houve aquela \u2018corrida\u2019 para constituir, imediatamente, as se\u00e7\u00f5es sindicais, ou sindicatos nacionais\u201d.<\/p>\n\n\n\n<p>Primordialmente, a se\u00e7\u00e3o sindical foi criada no Col\u00e9gio Polit\u00e9cnico da UFSM, conhecido, \u00e0 \u00e9poca, como Col\u00e9gio Agr\u00edcola, onde se estruturou, por meio de uma comiss\u00e3o provis\u00f3ria, o Regimento do sindicato e a primeira diretoria. No entanto, entre os anos 2000 e 2006, a dire\u00e7\u00e3o sindical foi alternada entre servidores p\u00fablicos de Frederico Westphalen e de Santa Maria, porque o sindicato foi estruturado, inicialmente, tamb\u00e9m por integrantes do Col\u00e9gio Agr\u00edcola de Frederico Westphalen.<\/p>\n\n\n\n<p>Contudo, Ad\u00e3o Damasceno, atual Secret\u00e1rio de Carreira e de Rela\u00e7\u00f5es de Trabalho do Sinasefe SM e tamb\u00e9m um dos fundadores da se\u00e7\u00e3o, relatou que, em 2005, conversou com filiados da UFSM sobre a inadequa\u00e7\u00e3o de a dire\u00e7\u00e3o sindical santa-mariense ser composta por representantes de outra cidade. Nesse sentido, \u201c[\u2026] ap\u00f3s alguns contatos com companheiros de Frederico Westphalen, surgiu a op\u00e7\u00e3o de reorganizarmos a se\u00e7\u00e3o em Santa Maria, juntamente ao Col\u00e9gio Militar, com outros moldes de estrutura administrativa, mais adequados ao estatuto do Sinasefe, e com tr\u00eas coordenadores [\u2026]\u201d relembra.<\/p>\n\n\n\n<p>A reestrutura\u00e7\u00e3o do sindicato foi estabelecida em 16 de outubro de 2006, quando um novo regimento foi criado, incluindo as seguintes institui\u00e7\u00f5es: CTISM, Col\u00e9gio Polit\u00e9cnico da UFSM e Col\u00e9gio Militar de Santa Maria.<\/p>\n\n\n\n<h2 class=\"wp-block-heading\">BANDEIRAS DEFENDIDAS<\/h2>\n\n\n\n<p>O Sinasefe de Santa Maria defende os direitos e os interesses coletivos e individuais da categoria, seja no \u00e2mbito jur\u00eddico, administrativo, econ\u00f4mico ou pol\u00edtico. Para al\u00e9m disso, o sindicato \u00e9 respons\u00e1vel por organizar, representar e dirigir as lutas dos servidores federais em educa\u00e7\u00e3o, sempre em estreito di\u00e1logo com o Sinasefe Nacional e com outras entidades envolvidas na luta em defesa dos servi\u00e7os p\u00fablicos, da democracia e da igualdade social.&nbsp;<\/p>\n\n\n\n<p>Ao(\u00e0) sindicalizado(a), nossa se\u00e7\u00e3o sindical oferece suporte, firmeza e acolhida. Acreditamos que, se nossos problemas s\u00e3o de ordem coletiva, j\u00e1 que sentidos pela ampla maioria da categoria, nossas solu\u00e7\u00f5es tamb\u00e9m s\u00e3o coletivas. Contra toda a ideologia neoliberal que apregoa sa\u00eddas individuais para problemas de ordem social, apostamos na organiza\u00e7\u00e3o, na forma\u00e7\u00e3o pol\u00edtica, na democracia, na autonomia e no enfrentamento incans\u00e1vel a todas as pol\u00edticas que penalizem o(a) servidor(a) EBTT, os servi\u00e7os p\u00fablicos e a classe trabalhadora brasileira.&nbsp;<\/p>\n","protected":false},"excerpt":{"rendered":"<p>O Sindicato Nacional dos Servidores Federais da Educa\u00e7\u00e3o B\u00e1sica, Profissional e Tecnol\u00f3gica (SINASEFE) fundou sua se\u00e7\u00e3o sindical em Santa Maria no dia 6 de dezembro de 1990, ap\u00f3s a promulga\u00e7\u00e3o da Constitui\u00e7\u00e3o Federal de 1988, que permitiu a sindicaliza\u00e7\u00e3o dos servidores p\u00fablicos, a\u00e7\u00e3o que, at\u00e9 ent\u00e3o, estava proibida pela lei vigente. A se\u00e7\u00e3o foi uma<\/p>\n","protected":false},"author":1,"featured_media":3836,"comment_status":"closed","ping_status":"closed","sticky":false,"template":"","format":"standard","meta":{"footnotes":""},"categories":[45],"tags":[],"class_list":{"0":"post-3835","1":"post","2":"type-post","3":"status-publish","4":"format-standard","5":"has-post-thumbnail","7":"category-sindicato"},"_links":{"self":[{"href":"https:\/\/sinasefesm.com\/index.php\/wp-json\/wp\/v2\/posts\/3835","targetHints":{"allow":["GET"]}}],"collection":[{"href":"https:\/\/sinasefesm.com\/index.php\/wp-json\/wp\/v2\/posts"}],"about":[{"href":"https:\/\/sinasefesm.com\/index.php\/wp-json\/wp\/v2\/types\/post"}],"author":[{"embeddable":true,"href":"https:\/\/sinasefesm.com\/index.php\/wp-json\/wp\/v2\/users\/1"}],"replies":[{"embeddable":true,"href":"https:\/\/sinasefesm.com\/index.php\/wp-json\/wp\/v2\/comments?post=3835"}],"version-history":[{"count":0,"href":"https:\/\/sinasefesm.com\/index.php\/wp-json\/wp\/v2\/posts\/3835\/revisions"}],"wp:featuredmedia":[{"embeddable":true,"href":"https:\/\/sinasefesm.com\/index.php\/wp-json\/wp\/v2\/media\/3836"}],"wp:attachment":[{"href":"https:\/\/sinasefesm.com\/index.php\/wp-json\/wp\/v2\/media?parent=3835"}],"wp:term":[{"taxonomy":"category","embeddable":true,"href":"https:\/\/sinasefesm.com\/index.php\/wp-json\/wp\/v2\/categories?post=3835"},{"taxonomy":"post_tag","embeddable":true,"href":"https:\/\/sinasefesm.com\/index.php\/wp-json\/wp\/v2\/tags?post=3835"}],"curies":[{"name":"wp","href":"https:\/\/api.w.org\/{rel}","templated":true}]}}