{"id":3852,"date":"2021-09-04T17:07:00","date_gmt":"2021-09-04T17:07:00","guid":{"rendered":"https:\/\/sinasefesm.com\/?p=3852"},"modified":"2021-09-04T17:07:00","modified_gmt":"2021-09-04T17:07:00","slug":"7-de-setembro-manifestacao-em-santa-maria-pedira-vida-em-primeiro-lugar-e-fora-bolsonaro","status":"publish","type":"post","link":"https:\/\/sinasefesm.com\/index.php\/2021\/09\/04\/7-de-setembro-manifestacao-em-santa-maria-pedira-vida-em-primeiro-lugar-e-fora-bolsonaro\/","title":{"rendered":"7 de setembro: manifesta\u00e7\u00e3o em Santa Maria pedir\u00e1 \u201cvida em primeiro lugar\u201d e \u201cFora Bolsonaro"},"content":{"rendered":"\n<p>No dia da Independ\u00eancia do Brasil, manifestantes ir\u00e3o \u00e0s ruas reivindicar sa\u00fade, educa\u00e7\u00e3o, renda, servi\u00e7o p\u00fablico e o impeachment do presidente Jair Bolsonaro. Em Santa Maria, o protesto inicia \u00e0s 14h, na Pra\u00e7a Saldanha Marinho, com pronunciamentos de sindicatos, movimentos sociais, organiza\u00e7\u00f5es de juventude e demais pessoas que queiram externar seu descontentamento com a pol\u00edtica brasileira e seu anseio por mudan\u00e7as. Num segundo momento, uma marcha coletiva deve percorrer o centro da cidade.<\/p>\n\n\n\n<div class=\"wp-block-image\"><figure class=\"alignright size-full\"><img fetchpriority=\"high\" decoding=\"async\" width=\"1280\" height=\"1280\" src=\"https:\/\/sinasefesm.com\/wp-content\/uploads\/2021\/09\/WhatsApp-Image-2021-09-04-at-13.58.26.jpeg\" alt=\"\" class=\"wp-image-3853\" srcset=\"https:\/\/sinasefesm.com\/wp-content\/uploads\/2021\/09\/WhatsApp-Image-2021-09-04-at-13.58.26.jpeg 1280w, https:\/\/sinasefesm.com\/wp-content\/uploads\/2021\/09\/WhatsApp-Image-2021-09-04-at-13.58.26-300x300.jpeg 300w, https:\/\/sinasefesm.com\/wp-content\/uploads\/2021\/09\/WhatsApp-Image-2021-09-04-at-13.58.26-1024x1024.jpeg 1024w, https:\/\/sinasefesm.com\/wp-content\/uploads\/2021\/09\/WhatsApp-Image-2021-09-04-at-13.58.26-150x150.jpeg 150w, https:\/\/sinasefesm.com\/wp-content\/uploads\/2021\/09\/WhatsApp-Image-2021-09-04-at-13.58.26-768x768.jpeg 768w, https:\/\/sinasefesm.com\/wp-content\/uploads\/2021\/09\/WhatsApp-Image-2021-09-04-at-13.58.26-450x450.jpeg 450w, https:\/\/sinasefesm.com\/wp-content\/uploads\/2021\/09\/WhatsApp-Image-2021-09-04-at-13.58.26-1200x1200.jpeg 1200w\" sizes=\"(max-width: 1280px) 100vw, 1280px\" \/><\/figure><\/div>\n\n\n\n<p>O ato corresponde \u00e0 27\u00aa edi\u00e7\u00e3o do Grito dos Exclu\u00eddos, que, este ano, tem como lema &#8220;A vida em primeiro lugar!&#8221;. Essa mobiliza\u00e7\u00e3o acontece anualmente, por todo pa\u00eds, desde 1995, tradicionalmente na semana da Independ\u00eancia, com objetivo de dar voz aos marginalizados da sociedade.<\/p>\n\n\n\n<p>A manifesta\u00e7\u00e3o do pr\u00f3ximo dia 7 integrar\u00e1 a agenda nacional de atos em defesa da vida e contra o governo vigente, iniciada dia 29 de maio e prosseguida nos dias 19 de junho, 3 de julho, 24 de julho e 18 de agosto.<\/p>\n\n\n\n<p>A participa\u00e7\u00e3o do Sinasefe Nacional \u2013 e de suas se\u00e7\u00f5es sindicais &#8211; nos atos da pr\u00f3xima ter\u00e7a foi aprovada pelas 36 se\u00e7\u00f5es sindicais que se fizeram presentes na 168\u00aa Plen\u00e1ria Nacional, ocorrida em 28 de agosto.<\/p>\n\n\n\n<p>O Sinasefe de Santa Maria convida seus sindicalizados a participarem de mais este cap\u00edtulo da luta sindical e pol\u00edtica do nosso pa\u00eds!<\/p>\n\n\n\n<p><strong>Recomenda\u00e7\u00f5es sanit\u00e1rias:<\/strong><\/p>\n\n\n\n<p>\u2022&nbsp;&nbsp;&nbsp;&nbsp;&nbsp;&nbsp;&nbsp;&nbsp;&nbsp;&nbsp;&nbsp;&nbsp; Mantenha 2 metros de dist\u00e2ncia dos demais manifestantes;<\/p>\n\n\n\n<p>\u2022&nbsp;&nbsp;&nbsp;&nbsp;&nbsp;&nbsp;&nbsp;&nbsp;&nbsp;&nbsp;&nbsp;&nbsp; Utilize m\u00e1scara durante todo o ato, preferencialmente PFF2\/N95 ou m\u00e1scara cir\u00fargica embaixo de uma m\u00e1scara de pano;<\/p>\n\n\n\n<p>\u2022&nbsp;&nbsp;&nbsp;&nbsp;&nbsp;&nbsp;&nbsp;&nbsp;&nbsp;&nbsp;&nbsp;&nbsp; Evite compartilhar objetos pessoais, \u00e1gua e alimentos;<\/p>\n\n\n\n<p>\u2022&nbsp;&nbsp;&nbsp;&nbsp;&nbsp;&nbsp;&nbsp;&nbsp;&nbsp;&nbsp;&nbsp;&nbsp; Sempre utilize \u00e1lcool em gel antes de levar a m\u00e3o ao rosto;<\/p>\n\n\n\n<p>\u2022&nbsp;&nbsp;&nbsp;&nbsp;&nbsp;&nbsp;&nbsp;&nbsp;&nbsp;&nbsp;&nbsp;&nbsp; Caso esteja sentindo sintomas da doen\u00e7a, como tosse, febre, dor de cabe\u00e7a e coriza, n\u00e3o participe do ato.<\/p>\n","protected":false},"excerpt":{"rendered":"<p>No dia da Independ\u00eancia do Brasil, manifestantes ir\u00e3o \u00e0s ruas reivindicar sa\u00fade, educa\u00e7\u00e3o, renda, servi\u00e7o p\u00fablico e o impeachment do presidente Jair Bolsonaro. Em Santa Maria, o protesto inicia \u00e0s 14h, na Pra\u00e7a Saldanha Marinho, com pronunciamentos de sindicatos, movimentos sociais, organiza\u00e7\u00f5es de juventude e demais pessoas que queiram externar seu descontentamento com a pol\u00edtica<\/p>\n","protected":false},"author":1,"featured_media":0,"comment_status":"closed","ping_status":"closed","sticky":false,"template":"","format":"standard","meta":{"footnotes":""},"categories":[39,41,42],"tags":[137],"class_list":{"0":"post-3852","1":"post","2":"type-post","3":"status-publish","4":"format-standard","6":"category-eventos","7":"category-movimento","8":"category-noticia","9":"tag-fora-bolsonaro-grito-dos-excluidos-santa-maria-sinasefe-sinasefe-santa-maria"},"_links":{"self":[{"href":"https:\/\/sinasefesm.com\/index.php\/wp-json\/wp\/v2\/posts\/3852","targetHints":{"allow":["GET"]}}],"collection":[{"href":"https:\/\/sinasefesm.com\/index.php\/wp-json\/wp\/v2\/posts"}],"about":[{"href":"https:\/\/sinasefesm.com\/index.php\/wp-json\/wp\/v2\/types\/post"}],"author":[{"embeddable":true,"href":"https:\/\/sinasefesm.com\/index.php\/wp-json\/wp\/v2\/users\/1"}],"replies":[{"embeddable":true,"href":"https:\/\/sinasefesm.com\/index.php\/wp-json\/wp\/v2\/comments?post=3852"}],"version-history":[{"count":0,"href":"https:\/\/sinasefesm.com\/index.php\/wp-json\/wp\/v2\/posts\/3852\/revisions"}],"wp:attachment":[{"href":"https:\/\/sinasefesm.com\/index.php\/wp-json\/wp\/v2\/media?parent=3852"}],"wp:term":[{"taxonomy":"category","embeddable":true,"href":"https:\/\/sinasefesm.com\/index.php\/wp-json\/wp\/v2\/categories?post=3852"},{"taxonomy":"post_tag","embeddable":true,"href":"https:\/\/sinasefesm.com\/index.php\/wp-json\/wp\/v2\/tags?post=3852"}],"curies":[{"name":"wp","href":"https:\/\/api.w.org\/{rel}","templated":true}]}}