{"id":3916,"date":"2021-09-16T20:55:59","date_gmt":"2021-09-16T20:55:59","guid":{"rendered":"http:\/\/sinasefesm.com\/?p=3916"},"modified":"2021-09-16T20:55:59","modified_gmt":"2021-09-16T20:55:59","slug":"comunidade-academica-mobiliza-se-contra-o-reordenamento-dos-institutos-federais","status":"publish","type":"post","link":"https:\/\/sinasefesm.com\/index.php\/2021\/09\/16\/comunidade-academica-mobiliza-se-contra-o-reordenamento-dos-institutos-federais\/","title":{"rendered":"Comunidade acad\u00eamica mobiliza-se contra o Reordenamento dos Institutos Federais"},"content":{"rendered":"\n<p>Estudantes e servidores p\u00fablicos de todo pa\u00eds s\u00e3o contr\u00e1rios ao projeto de Reordenamento dos Institutos Federais, apresentado recentemente pelo Minist\u00e9rio da Educa\u00e7\u00e3o (MEC). As cr\u00edticas ao projeto decorrem do fato de que, n\u00e3o obstante seja propagandeado como um meio para expandir a Rede Federal de Educa\u00e7\u00e3o, n\u00e3o prev\u00ea abertura de novos campi, novas matr\u00edculas ou novas contrata\u00e7\u00f5es de corpo docente.<\/p>\n\n\n\n<p>Em nota, a Dire\u00e7\u00e3o Nacional do Sinasefe exige que se discuta a proposta de reordenamento com gestores e trabalhadores dos IF\u2019s. <em>\u201c\u00c9 lament\u00e1vel que o governo Bolsonaro apresente um projeto de constru\u00e7\u00e3o de 10 novos Institutos sem promover qualquer discuss\u00e3o com a comunidade acad\u00eamica, seus professores e t\u00e9cnico-administrativos, respons\u00e1veis diretos pelo sucesso do trabalho realizado na Rede, nem mesmo converse com os atuais gestores, reitores, diretores de campus, pr\u00f3-reitores, diretores de ensino e diretores administrativos\u201d<\/em>, aponta trecho do documento, que pode ser lido, na \u00edntegra, <a href=\"https:\/\/sinasefe.org.br\/site\/nossa-rede-de-ensino-quer-crescer-com-garantia-de-investimento-e-autonomia-academica\/\">aqui<\/a>.<\/p>\n\n\n\n<p><\/p>\n\n\n\n<h2 class=\"wp-block-heading\"><strong>Sinasefe-SM participar\u00e1 de Plen\u00e1ria P\u00fablica sobre o projeto<\/strong><\/h2>\n\n\n\n<p>Nesta sexta-feira, 17, \u00e0s 18 horas, o Sinasefe Nacional realizar\u00e1 uma Plen\u00e1ria P\u00fablica virtual a respeito do reordenamento, instigando o debate sobre <em>\u201cO que ganhamos?\u201d<\/em> com as mudan\u00e7as dos IF\u2019s. Contribuindo com a discuss\u00e3o, representantes da se\u00e7\u00e3o sindical de Santa Maria participar\u00e3o do evento, junto a demais dirigentes sindicais do restante do Brasil.<\/p>\n\n\n\n<p>A Plen\u00e1ria poder\u00e1 ser acompanhada ao vivo no <a href=\"http:\/\/www.facebook.com\/sinasefe.nacional\">Facebook do Sindicato Nacional<\/a>, ou diretamente pelo link <a href=\"https:\/\/us02web.zoom.us\/j\/89170972990?pwd=K3g4c2N6akxEOUZMY0NNWkdMV1hQdz09\">https:\/\/us02web.zoom.us\/j\/89170972990?pwd=K3g4c2N6akxEOUZMY0NNWkdMV1hQdz09<\/a>.<\/p>\n\n\n\n<p><\/p>\n\n\n\n<h2 class=\"wp-block-heading\"><strong>Em que consiste a proposta?<\/strong><\/h2>\n\n\n\n<p>O projeto do MEC consiste em uma contradi\u00e7\u00e3o, porque se apresenta como forma de criar 10 novos Institutos Federais, mas n\u00e3o prop\u00f5e a abertura efetiva de novos <em>campi<\/em>, ou novas vagas para estudantes e docentes. Inclusive, a proposta indica diminui\u00e7\u00e3o do n\u00famero de <em>campi<\/em> em algumas localidades, como na Para\u00edba, onde a quantidade deve reduzir de 21 para 18.<\/p>\n\n\n\n<p>O que o reordenamento verdadeiramente prop\u00f5e \u00e9 a cria\u00e7\u00e3o de 10 novas reitorias, por meio da divis\u00e3o de 11 Institutos j\u00e1 existentes (IFPA, IFMA, IFPB, IFBA, IF Baiano, IFPE, IF Sert\u00e3o-PE, IFSP, IFCE, IFPI e IFPR). Nesses \u201cnovos\u201d IF\u2019s, os reitores seriam indicados pelo presidente Jair Bolsonaro, conforme determina a lei n\u00ba 11892\/2008.<\/p>\n\n\n\n<p>Para David Lob\u00e3o, coordenador geral do Sinasefe, a proposta representa um plano do Governo Federal de desconstru\u00e7\u00e3o do papel pedag\u00f3gico que os Institutos Federais cumprem, uma vez que tais institui\u00e7\u00f5es s\u00e3o as maiores respons\u00e1veis pelo ingresso de alunos de baixa renda em universidades p\u00fablicas.<\/p>\n\n\n\n<p>A respeito do reordenamento, o coordenador ainda destaca que:<em> \u201cN\u00f3s n\u00e3o somos contra o crescimento de 10 novos institutos, desde que esse crescimento represente um crescimento de vagas, um crescimento de cursos, um crescimento de campi, chegar a novas cidades\u201d.<\/em><\/p>\n\n\n\n<p>At\u00e9 o momento, n\u00e3o h\u00e1 informa\u00e7\u00f5es sobre quando o projeto seria posto em pr\u00e1tica, quem \u00e9 o seu autor, nem mesmo um documento oficial do MEC sobre a proposta. Toda essa imprecis\u00e3o torna a proposta ainda mais problem\u00e1tica e temerosa.<\/p>\n\n\n\n<p><em>Fonte e imagem: Sinasefe<\/em><\/p>\n\n\n\n<p><em>Edi\u00e7\u00e3o: Laurent Keller<\/em><\/p>\n\n\n\n<p><\/p>\n\n\n\n<p><\/p>\n","protected":false},"excerpt":{"rendered":"<p>Estudantes e servidores p\u00fablicos de todo pa\u00eds s\u00e3o contr\u00e1rios ao projeto de Reordenamento dos Institutos Federais, apresentado recentemente pelo Minist\u00e9rio da Educa\u00e7\u00e3o (MEC). As cr\u00edticas ao projeto decorrem do fato de que, n\u00e3o obstante seja propagandeado como um meio para expandir a Rede Federal de Educa\u00e7\u00e3o, n\u00e3o prev\u00ea abertura de novos campi, novas matr\u00edculas ou<\/p>\n","protected":false},"author":5,"featured_media":3917,"comment_status":"closed","ping_status":"closed","sticky":false,"template":"","format":"standard","meta":{"footnotes":""},"categories":[39,42],"tags":[155,167,172,188,208],"class_list":{"0":"post-3916","1":"post","2":"type-post","3":"status-publish","4":"format-standard","5":"has-post-thumbnail","7":"category-eventos","8":"category-noticia","9":"tag-institutos-federais","10":"tag-mec","11":"tag-mobilizacao","12":"tag-plenaria-publica","13":"tag-reordenamento"},"_links":{"self":[{"href":"https:\/\/sinasefesm.com\/index.php\/wp-json\/wp\/v2\/posts\/3916","targetHints":{"allow":["GET"]}}],"collection":[{"href":"https:\/\/sinasefesm.com\/index.php\/wp-json\/wp\/v2\/posts"}],"about":[{"href":"https:\/\/sinasefesm.com\/index.php\/wp-json\/wp\/v2\/types\/post"}],"author":[{"embeddable":true,"href":"https:\/\/sinasefesm.com\/index.php\/wp-json\/wp\/v2\/users\/5"}],"replies":[{"embeddable":true,"href":"https:\/\/sinasefesm.com\/index.php\/wp-json\/wp\/v2\/comments?post=3916"}],"version-history":[{"count":0,"href":"https:\/\/sinasefesm.com\/index.php\/wp-json\/wp\/v2\/posts\/3916\/revisions"}],"wp:featuredmedia":[{"embeddable":true,"href":"https:\/\/sinasefesm.com\/index.php\/wp-json\/wp\/v2\/media\/3917"}],"wp:attachment":[{"href":"https:\/\/sinasefesm.com\/index.php\/wp-json\/wp\/v2\/media?parent=3916"}],"wp:term":[{"taxonomy":"category","embeddable":true,"href":"https:\/\/sinasefesm.com\/index.php\/wp-json\/wp\/v2\/categories?post=3916"},{"taxonomy":"post_tag","embeddable":true,"href":"https:\/\/sinasefesm.com\/index.php\/wp-json\/wp\/v2\/tags?post=3916"}],"curies":[{"name":"wp","href":"https:\/\/api.w.org\/{rel}","templated":true}]}}