{"id":3922,"date":"2021-09-17T15:45:47","date_gmt":"2021-09-17T15:45:47","guid":{"rendered":"https:\/\/sinasefesm.com\/?p=3922"},"modified":"2021-09-17T15:45:47","modified_gmt":"2021-09-17T15:45:47","slug":"forum-popular-da-cidadania","status":"publish","type":"post","link":"https:\/\/sinasefesm.com\/index.php\/2021\/09\/17\/forum-popular-da-cidadania\/","title":{"rendered":"F\u00d3RUM POPULAR DA CIDADANIA"},"content":{"rendered":"\n<p>Passadas as elei\u00e7\u00f5es majorit\u00e1rias de 1994, enquanto o presidente eleito Fernando Henrique Cardoso come\u00e7ava a organizar seu minist\u00e9rio, j\u00e1 ficava evidente que o movimento sindical e popular do Brasil seria seriamente afetado pela implanta\u00e7\u00e3o de pol\u00edticas neoliberais, reclamadas pelas classes dominantes nacionais, em conson\u00e2ncia com a mar\u00e9 neoliberal que se alastrava pela Am\u00e9rica Latina.&nbsp;<\/p>\n\n\n\n<p>H\u00e1 apenas dez anos, os movimentos sociais brasileiros sa\u00edam de um largo per\u00edodo de dificuldades de organiza\u00e7\u00e3o, pressionados por uma Ditadura Militar que n\u00e3o via com bons olhos qualquer tentativa de organiza\u00e7\u00e3o da sociedade civil.<\/p>\n\n\n\n<p>Sociedade civil que, num movimento quase espont\u00e2neo, conseguiu se mobilizar e propor o impedimento do primeiro presidente eleito ap\u00f3s a ditadura militar, Fernando Collor de Mello. Esse foi substitu\u00eddo pelo vice-presidente Itamar Franco, que conclui o mandato, elegendo Fernando Henrique Cardoso por larga vantagem e apoio popular, ancorado pelo sucesso do plano de estabiliza\u00e7\u00e3o da economia, que criou a moeda REAL.<\/p>\n\n\n\n<p>Entre o final do ano de 1994 e o in\u00edcio de 1995, parcela importante do movimento sindical e social da cidade de Santa Maria resolveu constituir uma entidade que seria a coordenadora das atividades de discuss\u00e3o, debates, organiza\u00e7\u00e3o e lutas contra a onda neoliberal que atingia o Brasil e a maioria dos pa\u00edses americanos, amea\u00e7ando direitos conquistados pelas classes populares, direitos esses acumulados por d\u00e9cadas de lutas.<\/p>\n\n\n\n<p>Participavam das atividades do F\u00f3rum as seguintes entidades: SINDI\u00c1GUA, Sindicato dos Trabalhadores da Ind\u00fastria da Alimenta\u00e7\u00e3o, ASSUFSM, SINPRO, CPERS-SINDICATO, Sindicato dos Banc\u00e1rios, SINPROSM, SINDISERF-RS, SEDUFSM, SINDSEPE, SINDISPREV, Sindicato dos Metal\u00fargicos, SENERGISUL, Sindicato dos Rodovi\u00e1rios, Sindicato dos Correios, Sindicato da Constru\u00e7\u00e3o Civil, SETURH, Sindicato dos Comerci\u00e1rios, Associa\u00e7\u00e3o de familiares de portadores de necessidades especiais, associa\u00e7\u00e3o de aposentados, associa\u00e7\u00f5es de moradores, eventualmente o MST, ou outras entidades que buscavam apoio para suas reivindica\u00e7\u00f5es.<\/p>\n\n\n\n<p>A soci\u00f3loga Maria da Gl\u00f3ria Gohn, em \u2018Teoria dos Movimentos Sociais\u2019, assim se refere sobre tais movimentos: \u201cn\u00f3s os vemos como a\u00e7\u00f5es sociais coletivas de car\u00e1ter s\u00f3cio-pol\u00edtico e cultural que viabilizam distintas formas da popula\u00e7\u00e3o se organizar e expressar suas demandas\u201d.<\/p>\n\n\n\n<p>Foi assim, com a inten\u00e7\u00e3o de empreender a\u00e7\u00f5es coletivas de car\u00e1ter s\u00f3cio-pol\u00edtico e cultural que surge o F\u00f3rum Popular da Cidadania, agrupando entidades sindicais e populares, que sentando \u00e0 mesma mesa passaram a conciliar demandas, afli\u00e7\u00f5es e capacidades de resist\u00eancia, acumulados nos diferentes enfrentamentos a que eram submetidas.<\/p>\n\n\n\n<p>A organiza\u00e7\u00e3o era horizontal, n\u00e3o havia presid\u00eancia, nem hierarquia. As reuni\u00f5es ocorriam todas as segundas-feiras, \u00e0s 18 horas, no audit\u00f3rio da Se\u00e7\u00e3o Sindical dos Docentes da UFSM, sendo que a coordena\u00e7\u00e3o dos trabalhos era escolhida democraticamente entre os representantes de entidades presentes.<\/p>\n\n\n\n<p>Sob a inspira\u00e7\u00e3o dos debates ocorridos no interior do F\u00f3rum Popular da Cidadania, muitas a\u00e7\u00f5es foram empreendidas, tais como: convoca\u00e7\u00e3o de atos p\u00fablicos, passeatas, participa\u00e7\u00e3o em eventos em outras cidades, etc.<\/p>\n\n\n\n<p>Uma das mais importantes discuss\u00f5es havidas no F\u00f3rum foi sobre a democratiza\u00e7\u00e3o dos meios de comunica\u00e7\u00e3o de massa. Os representantes das entidades sindicais e populares tinham consci\u00eancia do monop\u00f3lio exclusivo exercido pelos grandes ve\u00edculos de comunica\u00e7\u00e3o e da manipula\u00e7\u00e3o de informa\u00e7\u00f5es que isso representava.<\/p>\n\n\n\n<p>Afirmavam os membros do F\u00f3rum que sabiam ser imposs\u00edvel constituir um ve\u00edculo de comunica\u00e7\u00e3o capaz de concorrer com os grandes ve\u00edculos, mas sim iniciar um trabalho que disseminasse, em cada comunidade, um meio de comunica\u00e7\u00e3o alternativo, que fosse capaz de respeitar a cultura e peculiaridades locais, podendo assim, no futuro, constituir-se uma rede de pequenas r\u00e1dios comunit\u00e1rias, que poderiam repercutir as opini\u00f5es dos membros de cada comunidade.<\/p>\n\n\n\n<p>Em agosto de 1996, \u00e9 criada uma Comiss\u00e3o Provis\u00f3ria composta por: Paulo Roberto Tavares, membro do Sindicato dos Banc\u00e1rios, Jorge Nascimento, membro do Sindicato dos Radialistas, e Milton Ferrari, membro do Sindicato dos Servidores Federais do RS, para discutir e propor a cria\u00e7\u00e3o de uma R\u00e1dio Comunit\u00e1ria.<\/p>\n\n\n\n<p>Nos dias 16 e 17 de dezembro de 1996, foi organizado pela Comiss\u00e3o Provis\u00f3ria, no Audit\u00f3rio da C\u00e2mara de Vereadores, um Semin\u00e1rio sobre R\u00e1dios e TVs Comunit\u00e1rias.<\/p>\n\n\n\n<p>No dia 23 de dezembro de 1996, no audit\u00f3rio da SEDUFSM, foi constitu\u00edda a Associa\u00e7\u00e3o Cultural de Difus\u00e3o Comunit\u00e1ria de Santa Maria \u2013 ACDC, cuja atua\u00e7\u00e3o deveria dirigir-se \u00e0 propaga\u00e7\u00e3o do ideal de comunica\u00e7\u00e3o comunit\u00e1ria, tentando obter o apoio para a cria\u00e7\u00e3o de legisla\u00e7\u00e3o que permitisse o funcionamento de emissoras de r\u00e1dio nas pequenas comunidades, como bairros, vilas, ou localidades rurais.<\/p>\n\n\n\n<p>Procedeu-se tamb\u00e9m a algumas experi\u00eancias com radiodifus\u00e3o, as quais contaram com a constru\u00e7\u00e3o por um t\u00e9cnico, de uma esta\u00e7\u00e3o de r\u00e1dio FM, que funcionou em est\u00e1gio experimental, por\u00e9m como n\u00e3o havia legisla\u00e7\u00e3o que autorizasse seu funcionamento, a r\u00e1dio da ACDC jamais funcionou em car\u00e1ter permanente.<\/p>\n\n\n\n<p>Aos poucos, em vista das dificuldades enfrentadas pelas entidades sindicais e populares no enfrentamento \u00e0s poderosas for\u00e7as do capital, o F\u00f3rum Popular da Cidadania foi perdendo a sua vitalidade, e ap\u00f3s aproximadamente dois anos de atividade, foi encerrado.<\/p>\n\n\n\n<p>No entanto, como muitas entidades sindicais eram membros da CUT e sob a bandeira dessa Central, continuaram na defesa dos interesses dos trabalhadores e das entidades populares, e o F\u00f3rum Popular da Cidadania ficou como exemplo de iniciativa que pode ser retomado quando a classe trabalhadora se der conta da necessidade de uni\u00e3o de for\u00e7as na luta por seus direitos.<\/p>\n\n\n\n<figure class=\"wp-block-image size-full\"><img fetchpriority=\"high\" decoding=\"async\" width=\"1212\" height=\"658\" src=\"https:\/\/sinasefesm.com\/wp-content\/uploads\/2021\/09\/WhatsApp-Image-2021-09-17-at-13.50.38-1.jpeg\" alt=\"\" class=\"wp-image-3928\" srcset=\"https:\/\/sinasefesm.com\/wp-content\/uploads\/2021\/09\/WhatsApp-Image-2021-09-17-at-13.50.38-1.jpeg 1212w, https:\/\/sinasefesm.com\/wp-content\/uploads\/2021\/09\/WhatsApp-Image-2021-09-17-at-13.50.38-1-300x163.jpeg 300w, https:\/\/sinasefesm.com\/wp-content\/uploads\/2021\/09\/WhatsApp-Image-2021-09-17-at-13.50.38-1-1024x556.jpeg 1024w, https:\/\/sinasefesm.com\/wp-content\/uploads\/2021\/09\/WhatsApp-Image-2021-09-17-at-13.50.38-1-768x417.jpeg 768w, https:\/\/sinasefesm.com\/wp-content\/uploads\/2021\/09\/WhatsApp-Image-2021-09-17-at-13.50.38-1-150x81.jpeg 150w, https:\/\/sinasefesm.com\/wp-content\/uploads\/2021\/09\/WhatsApp-Image-2021-09-17-at-13.50.38-1-450x244.jpeg 450w, https:\/\/sinasefesm.com\/wp-content\/uploads\/2021\/09\/WhatsApp-Image-2021-09-17-at-13.50.38-1-1200x651.jpeg 1200w\" sizes=\"(max-width: 1212px) 100vw, 1212px\" \/><figcaption><strong> Milton M\u00e1ximo Ferrari &#8211; Coordenador Geral do Sinasefe Santa Maria <\/strong><\/figcaption><\/figure>\n\n\n\n<p><\/p>\n","protected":false},"excerpt":{"rendered":"<p>Passadas as elei\u00e7\u00f5es majorit\u00e1rias de 1994, enquanto o presidente eleito Fernando Henrique Cardoso come\u00e7ava a organizar seu minist\u00e9rio, j\u00e1 ficava evidente que o movimento sindical e popular do Brasil seria seriamente afetado pela implanta\u00e7\u00e3o de pol\u00edticas neoliberais, reclamadas pelas classes dominantes nacionais, em conson\u00e2ncia com a mar\u00e9 neoliberal que se alastrava pela Am\u00e9rica Latina.&nbsp; H\u00e1<\/p>\n","protected":false},"author":1,"featured_media":0,"comment_status":"closed","ping_status":"closed","sticky":false,"template":"","format":"standard","meta":{"footnotes":""},"categories":[36],"tags":[],"class_list":{"0":"post-3922","1":"post","2":"type-post","3":"status-publish","4":"format-standard","6":"category-artigo"},"_links":{"self":[{"href":"https:\/\/sinasefesm.com\/index.php\/wp-json\/wp\/v2\/posts\/3922","targetHints":{"allow":["GET"]}}],"collection":[{"href":"https:\/\/sinasefesm.com\/index.php\/wp-json\/wp\/v2\/posts"}],"about":[{"href":"https:\/\/sinasefesm.com\/index.php\/wp-json\/wp\/v2\/types\/post"}],"author":[{"embeddable":true,"href":"https:\/\/sinasefesm.com\/index.php\/wp-json\/wp\/v2\/users\/1"}],"replies":[{"embeddable":true,"href":"https:\/\/sinasefesm.com\/index.php\/wp-json\/wp\/v2\/comments?post=3922"}],"version-history":[{"count":0,"href":"https:\/\/sinasefesm.com\/index.php\/wp-json\/wp\/v2\/posts\/3922\/revisions"}],"wp:attachment":[{"href":"https:\/\/sinasefesm.com\/index.php\/wp-json\/wp\/v2\/media?parent=3922"}],"wp:term":[{"taxonomy":"category","embeddable":true,"href":"https:\/\/sinasefesm.com\/index.php\/wp-json\/wp\/v2\/categories?post=3922"},{"taxonomy":"post_tag","embeddable":true,"href":"https:\/\/sinasefesm.com\/index.php\/wp-json\/wp\/v2\/tags?post=3922"}],"curies":[{"name":"wp","href":"https:\/\/api.w.org\/{rel}","templated":true}]}}