{"id":3934,"date":"2021-09-22T13:23:53","date_gmt":"2021-09-22T13:23:53","guid":{"rendered":"https:\/\/sinasefesm.com\/?p=3934"},"modified":"2021-09-22T13:23:53","modified_gmt":"2021-09-22T13:23:53","slug":"plenaria-publica-critica-proposta-de-reordenamento-dos-institutos-federais","status":"publish","type":"post","link":"https:\/\/sinasefesm.com\/index.php\/2021\/09\/22\/plenaria-publica-critica-proposta-de-reordenamento-dos-institutos-federais\/","title":{"rendered":"Plen\u00e1ria P\u00fablica critica proposta de reordenamento dos Institutos Federais"},"content":{"rendered":"\n<p>Na \u00faltima sexta-feira, 17, o Sinasefe realizou uma Plen\u00e1ria P\u00fablica com representantes sindicais de todo pa\u00eds para discutir a proposta de reordenamento dos IF\u2019s, apresentada pelo Minist\u00e9rio da Educa\u00e7\u00e3o (MEC). Para membros das se\u00e7\u00f5es sindicais que participaram do evento, o projeto representa um processo de desmonte da educa\u00e7\u00e3o p\u00fablica e necessita da mobiliza\u00e7\u00e3o popular para ser combatido.<\/p>\n\n\n\n<p>A plen\u00e1ria iniciou com uma apresenta\u00e7\u00e3o cultural. Na sequ\u00eancia, David Lob\u00e3o &#8211; um dos coordenadores do Sinasefe Nacional e mediador do evento &#8211; deu boas-vidas aos parlamentares, reitores de IFEs e representantes sindicais presentes na live, considerada por ele e por muitos como hist\u00f3rica.<\/p>\n\n\n\n<p>De in\u00edcio, o dirigente realizou uma retrospectiva hist\u00f3rica dos IFEs desde 2008, destacando a import\u00e2ncia da mobiliza\u00e7\u00e3o da categoria para impedir o avan\u00e7o do processo de desmonte da Rede Federal de Educa\u00e7\u00e3o Profissional e Tecnol\u00f3gica e, em especial, da proposta de reordenamento dos IFEs. Por fim, Lob\u00e3o convidou a todas\/os para a Audi\u00eancia P\u00fablica desta sexta-feira, 24 de setembro, que trar\u00e1 \u00e0 discuss\u00e3o tamb\u00e9m a Portaria 983\/2020.&nbsp;<\/p>\n\n\n\n<p>Miriane Fonseca, uma das coordenadoras gerais do Sinasefe Santa Maria, esteve presente \u00e0 plen\u00e1ria e destaca que \u201chouve muitas manifesta\u00e7\u00f5es e, apesar disso, havia entre elas posicionamentos recorrentes e compartilhados: a defesa da Escola p\u00fablica e de qualidade; a destacada import\u00e2ncia da Rede Federal de Educa\u00e7\u00e3o Profissional e Tecnol\u00f3gica na forma\u00e7\u00e3o dos brasileiros; a inviabilidade de ampla discuss\u00e3o da proposta do governo devido ao limitado tempo destinado para isso (vinte dias); o interesse do governo em destituir a autonomia dos Institutos Federais; [e o fato de que] toda proposta de mudan\u00e7a necessita ser debatida e constru\u00edda a partir do processo democr\u00e1tico, que envolva ampla&nbsp; discuss\u00e3o de toda a comunidade nas decis\u00f5es; a contrariedade \u00e0 proposta de reordenamento\u201d.<\/p>\n\n\n\n<p>Ap\u00f3s o in\u00edcio da live, os parlamentares Dep. Fernanda Melchiona (PSOL\/RS); Dep. Maria do Ros\u00e1rio (PT\/RS); Sen. Jean Paul Prates (PT\/RN); e Dep. Alice Portugal (PCdoB\/BA) questionaram a proposta de reordenamento, que, para eles, \u00e9 irregular e n\u00e3o tem sentido pr\u00e1tico. Tamb\u00e9m defenderam a import\u00e2ncia dos Institutos Federais para que classes populares recebam educa\u00e7\u00e3o gratuita de qualidade, e afirmaram que, com o projeto, o governo Bolsonaro deseja acabar com a autonomia dos IF\u2019s.<\/p>\n\n\n\n<p>Posteriormente, reitores dos IF\u2019s escolhidos para a reordena\u00e7\u00e3o fizeram fortes cr\u00edticas ao presidente Jair Bolsonaro e expuseram que desconheciam os detalhes da proposta, porque o governo apresentou-lhes somente um Power Point sobre o assunto.<\/p>\n\n\n\n<p>Roselene Pommer, Secret\u00e1ria de Comunica\u00e7\u00e3o, Forma\u00e7\u00e3o Pol\u00edtica e Sindical do Sinasefe Santa Maria, tamb\u00e9m se fez presente no evento e comentou que \u2018\u2019 a live foi um s\u00edmbolo para demarcar o in\u00edcio de um movimento em defesa dos IF\u2019s, sendo um acontecimento claramente pol\u00edtico partid\u00e1rio de resist\u00eancia ao governo Bolsonaro[&#8230;]\u2019\u2019.<\/p>\n\n\n\n<p>Em converg\u00eancia ao pensamento de Roselene, David Lob\u00e3o, coordenador do Sinasefe Nacional, convocou todos sindicalizados a participarem do movimento \u2018\u2019tira a m\u00e3o do meu IF\u2019\u2019 e da Audi\u00eancia P\u00fablica sobre a proposta no dia 24, \u00e0s 14h, por meio de uma transmiss\u00e3o ao vivo no site e canal do YouTube da C\u00e2mara dos Deputados.<\/p>\n\n\n\n<p>Somente com o apoio da sociedade conseguiremos impedir o desmonte dos Institutos Federais!<\/p>\n","protected":false},"excerpt":{"rendered":"<p>Na \u00faltima sexta-feira, 17, o Sinasefe realizou uma Plen\u00e1ria P\u00fablica com representantes sindicais de todo pa\u00eds para discutir a proposta de reordenamento dos IF\u2019s, apresentada pelo Minist\u00e9rio da Educa\u00e7\u00e3o (MEC). Para membros das se\u00e7\u00f5es sindicais que participaram do evento, o projeto representa um processo de desmonte da educa\u00e7\u00e3o p\u00fablica e necessita da mobiliza\u00e7\u00e3o popular para<\/p>\n","protected":false},"author":4,"featured_media":3937,"comment_status":"closed","ping_status":"closed","sticky":false,"template":"","format":"standard","meta":{"footnotes":""},"categories":[41],"tags":[],"class_list":{"0":"post-3934","1":"post","2":"type-post","3":"status-publish","4":"format-standard","5":"has-post-thumbnail","7":"category-movimento"},"_links":{"self":[{"href":"https:\/\/sinasefesm.com\/index.php\/wp-json\/wp\/v2\/posts\/3934","targetHints":{"allow":["GET"]}}],"collection":[{"href":"https:\/\/sinasefesm.com\/index.php\/wp-json\/wp\/v2\/posts"}],"about":[{"href":"https:\/\/sinasefesm.com\/index.php\/wp-json\/wp\/v2\/types\/post"}],"author":[{"embeddable":true,"href":"https:\/\/sinasefesm.com\/index.php\/wp-json\/wp\/v2\/users\/4"}],"replies":[{"embeddable":true,"href":"https:\/\/sinasefesm.com\/index.php\/wp-json\/wp\/v2\/comments?post=3934"}],"version-history":[{"count":0,"href":"https:\/\/sinasefesm.com\/index.php\/wp-json\/wp\/v2\/posts\/3934\/revisions"}],"wp:featuredmedia":[{"embeddable":true,"href":"https:\/\/sinasefesm.com\/index.php\/wp-json\/wp\/v2\/media\/3937"}],"wp:attachment":[{"href":"https:\/\/sinasefesm.com\/index.php\/wp-json\/wp\/v2\/media?parent=3934"}],"wp:term":[{"taxonomy":"category","embeddable":true,"href":"https:\/\/sinasefesm.com\/index.php\/wp-json\/wp\/v2\/categories?post=3934"},{"taxonomy":"post_tag","embeddable":true,"href":"https:\/\/sinasefesm.com\/index.php\/wp-json\/wp\/v2\/tags?post=3934"}],"curies":[{"name":"wp","href":"https:\/\/api.w.org\/{rel}","templated":true}]}}