{"id":3968,"date":"2021-09-27T23:46:44","date_gmt":"2021-09-27T23:46:44","guid":{"rendered":"https:\/\/sinasefesm.com\/?p=3968"},"modified":"2021-09-27T23:46:44","modified_gmt":"2021-09-27T23:46:44","slug":"sinasefe-promove-assembleia-para-discutir-retorno-presencial-na-ufsm","status":"publish","type":"post","link":"https:\/\/sinasefesm.com\/index.php\/2021\/09\/27\/sinasefe-promove-assembleia-para-discutir-retorno-presencial-na-ufsm\/","title":{"rendered":"Sinasefe promove assembleia para discutir retorno presencial na UFSM"},"content":{"rendered":"\n<p>A portaria n\u00ba 32, que determina o retorno das atividades administrativas presenciais na UFSM a partir desta sexta, 1\u00ba de outubro, ser\u00e1 pauta da assembleia convocada pelo Sinasefe para a manh\u00e3 da quarta-feira, 29, com primeira chamada \u00e0s 9h e segunda chamada \u00e0s 9h15. Como j\u00e1 \u00e9 usual, os(as) filiados(as) receberam o link de acesso \u00e0 sala virtual em seus e-mails. Al\u00e9m da portaria, tamb\u00e9m estar\u00e1 em debate na plen\u00e1ria a organiza\u00e7\u00e3o das atividades de mobiliza\u00e7\u00e3o do pr\u00f3ximo s\u00e1bado, 2, quando Santa Maria (e dezenas de outras cidades brasileiras) ir\u00e1 registrar mais um ato contra as pol\u00edticas negacionistas e antipopulares do governo federal.<\/p>\n\n\n\n<p>O Sinasefe participou, na \u00faltima sexta, 24, de uma reuni\u00e3o com as demais entidades representativas dos segmentos da UFSM (Sedufsm, Assufsm, Atens e DCE) para tratar sobre a portaria e elencar uma s\u00e9rie de inquietudes que docentes, t\u00e9cnico-administrativos em educa\u00e7\u00e3o e estudantes guardam a respeito desse retorno.<\/p>\n\n\n\n<p>Algumas d\u00favidas dizem respeito \u00e0s condi\u00e7\u00f5es infraestruturais da universidade para garantir os cuidados sanit\u00e1rios (como ventila\u00e7\u00e3o e distanciamento); \u00e0 aquisi\u00e7\u00e3o de Equipamentos de Prote\u00e7\u00e3o Individuais (a exemplo das m\u00e1scaras) pelo(a) servidor(a); aos mecanismos de controle de acesso aos pr\u00e9dios e aferi\u00e7\u00e3o de temperatura; \u00e0 situa\u00e7\u00e3o dos(as) servidores(as) pertencentes a grupos de risco, gestantes ou cuidadores(as); e ao conv\u00edvio, num mesmo ambiente, com colegas que optaram por n\u00e3o se vacinarem.<\/p>\n\n\n\n<p>Tais questionamentos dever\u00e3o ser feitos em reuni\u00e3o que as entidades promover\u00e3o com o reitor Paulo Burmann \u00e0s 11h desta ter\u00e7a-feira, 27. Segundo Cl\u00e1udia Amaral, coordenadora do Sinasefe, a proposi\u00e7\u00e3o dos segmentos ser\u00e1 de que a portaria seja revista, retificada ou mesmo totalmente reconstru\u00edda a partir de um debate coletivo com a comunidade acad\u00eamica.<\/p>\n\n\n\n<p>\u201cAl\u00e9m de toda situa\u00e7\u00e3o familiar, did\u00e1tica e tecnol\u00f3gica que precisa ser novamente reestruturada, h\u00e1 tamb\u00e9m a quest\u00e3o psicol\u00f3gica. Todos n\u00f3s queremos voltar, mas temos apenas oito dias para nos adaptarmos\u201d, preocupa-se a dirigente da se\u00e7\u00e3o sindical.<\/p>\n","protected":false},"excerpt":{"rendered":"<p>A portaria n\u00ba 32, que determina o retorno das atividades administrativas presenciais na UFSM a partir desta sexta, 1\u00ba de outubro, ser\u00e1 pauta da assembleia convocada pelo Sinasefe para a manh\u00e3 da quarta-feira, 29, com primeira chamada \u00e0s 9h e segunda chamada \u00e0s 9h15. Como j\u00e1 \u00e9 usual, os(as) filiados(as) receberam o link de acesso<\/p>\n","protected":false},"author":3,"featured_media":3969,"comment_status":"closed","ping_status":"closed","sticky":false,"template":"","format":"standard","meta":{"footnotes":""},"categories":[39,42,45],"tags":[],"class_list":{"0":"post-3968","1":"post","2":"type-post","3":"status-publish","4":"format-standard","5":"has-post-thumbnail","7":"category-eventos","8":"category-noticia","9":"category-sindicato"},"_links":{"self":[{"href":"https:\/\/sinasefesm.com\/index.php\/wp-json\/wp\/v2\/posts\/3968","targetHints":{"allow":["GET"]}}],"collection":[{"href":"https:\/\/sinasefesm.com\/index.php\/wp-json\/wp\/v2\/posts"}],"about":[{"href":"https:\/\/sinasefesm.com\/index.php\/wp-json\/wp\/v2\/types\/post"}],"author":[{"embeddable":true,"href":"https:\/\/sinasefesm.com\/index.php\/wp-json\/wp\/v2\/users\/3"}],"replies":[{"embeddable":true,"href":"https:\/\/sinasefesm.com\/index.php\/wp-json\/wp\/v2\/comments?post=3968"}],"version-history":[{"count":0,"href":"https:\/\/sinasefesm.com\/index.php\/wp-json\/wp\/v2\/posts\/3968\/revisions"}],"wp:featuredmedia":[{"embeddable":true,"href":"https:\/\/sinasefesm.com\/index.php\/wp-json\/wp\/v2\/media\/3969"}],"wp:attachment":[{"href":"https:\/\/sinasefesm.com\/index.php\/wp-json\/wp\/v2\/media?parent=3968"}],"wp:term":[{"taxonomy":"category","embeddable":true,"href":"https:\/\/sinasefesm.com\/index.php\/wp-json\/wp\/v2\/categories?post=3968"},{"taxonomy":"post_tag","embeddable":true,"href":"https:\/\/sinasefesm.com\/index.php\/wp-json\/wp\/v2\/tags?post=3968"}],"curies":[{"name":"wp","href":"https:\/\/api.w.org\/{rel}","templated":true}]}}