{"id":3977,"date":"2021-09-30T14:17:24","date_gmt":"2021-09-30T14:17:24","guid":{"rendered":"https:\/\/sinasefesm.com\/?p=3977"},"modified":"2021-09-30T14:17:24","modified_gmt":"2021-09-30T14:17:24","slug":"assembleia-promovida-pelo-sinasefe-sm-discute-impasses-ligados-a-portaria-no-32","status":"publish","type":"post","link":"https:\/\/sinasefesm.com\/index.php\/2021\/09\/30\/assembleia-promovida-pelo-sinasefe-sm-discute-impasses-ligados-a-portaria-no-32\/","title":{"rendered":"Assembleia promovida pelo Sinasefe-SM discute impasses ligados \u00e0 Portaria n\u00ba 32"},"content":{"rendered":"\n<p>Na manh\u00e3 desta quarta-feira, 29, o sindicato realizou uma assembleia virtual, via <em>Google Meet<\/em>, a respeito das problem\u00e1ticas estabelecidas pela Portaria n\u00ba 32, que imp\u00f5e o retorno das atividades administrativas da UFSM ao presencial, e das poss\u00edveis sequelas de sua implementa\u00e7\u00e3o. Como encaminhamentos da assembleia estiveram a elabora\u00e7\u00e3o de um documento a ser enviado pelo sindicato \u00e0 reitoria solicitando revoga\u00e7\u00e3o da portaria e fomento a atividades que ofere\u00e7am suporte psicol\u00f3gico aos(as) servidores(as) que necessitar\u00e3o retornar \u00e0 presencialidade.<\/p>\n\n\n\n<p>Cl\u00e1udia do Amaral, Secret\u00e1ria Geral do sindicato, relatou que a Portaria foi apresentada aos servidores de forma gen\u00e9rica e sem anteced\u00eancia, deixando os profissionais com d\u00favidas sobre a log\u00edstica do retorno e com pouco tempo de adapta\u00e7\u00e3o. Isso porque h\u00e1 menos de duas semanas de diferen\u00e7a entre a publica\u00e7\u00e3o do documento (22 de setembro) e sua aplica\u00e7\u00e3o (1 \u00ba de outubro), dificultando que uma mudan\u00e7a dr\u00e1stica como essa seja feita com a organiza\u00e7\u00e3o necess\u00e1ria.<\/p>\n\n\n\n<p><em>\u2018\u2019N\u00f3s queremos voltar, acho que todos querem, mas analisamos que esse pouco tempo de anteced\u00eancia pode prejudicar o retorno [&#8230;] \u2018\u2019<\/em> relata a Secret\u00e1ria, destacando uma s\u00e9rie de quest\u00f5es que s\u00e3o afetadas pelo curto per\u00edodo de prepara\u00e7\u00e3o, que inclui: adequa\u00e7\u00e3o das salas de aula tecnologicamente; solicita\u00e7\u00e3o de m\u00e1scaras, \u00e1lcool em gel e EPI\u2019s; contrata\u00e7\u00e3o de funcion\u00e1rios da \u00e1rea de higieniza\u00e7\u00e3o; e organiza\u00e7\u00e3o do escalonamento de funcion\u00e1rios, que foi mal preparado e explicado aos servidores. Cl\u00e1udia ainda refor\u00e7ou sua preocupa\u00e7\u00e3o com a n\u00e3o exig\u00eancia de vacina\u00e7\u00e3o de todos docentes e com o risco de alto cont\u00e1gio de profissionais que se deslocam de \u00f4nibus, tornando o trabalho presencial muito mais arriscado que o remoto, n\u00e3o somente para essas pessoas, mas tamb\u00e9m aos demais.<\/p>\n\n\n\n<div class=\"wp-block-image\"><figure class=\"aligncenter size-full is-resized\"><img fetchpriority=\"high\" decoding=\"async\" src=\"https:\/\/sinasefesm.com\/wp-content\/uploads\/2021\/09\/im2-2.png\" alt=\"\" class=\"wp-image-3980\" width=\"829\" height=\"392\" srcset=\"https:\/\/sinasefesm.com\/wp-content\/uploads\/2021\/09\/im2-2.png 695w, https:\/\/sinasefesm.com\/wp-content\/uploads\/2021\/09\/im2-2-300x142.png 300w, https:\/\/sinasefesm.com\/wp-content\/uploads\/2021\/09\/im2-2-150x71.png 150w, https:\/\/sinasefesm.com\/wp-content\/uploads\/2021\/09\/im2-2-450x213.png 450w\" sizes=\"(max-width: 829px) 100vw, 829px\" \/><figcaption>Cl\u00e1udia do Amaral pronunciando-se durante a Assembleia.<\/figcaption><\/figure><\/div>\n\n\n\n<p><\/p>\n\n\n\n<p>Contribuindo com o debate, Ad\u00e3o Damasceno, Secret\u00e1rio de Carreira e de Rela\u00e7\u00e3o de Trabalho, comentou que <em>\u2018\u2019se a Universidade n\u00e3o tem condi\u00e7\u00f5es de trazer os estudantes, ent\u00e3o n\u00e3o tem condi\u00e7\u00f5es de funcionar o restante\u2019\u2019.<\/em> E, ao encontro dessa fala, Laura Cortes, enfermeira e professora, falou que n\u00e3o faz sentido os docentes retornarem sem que os alunos tamb\u00e9m estejam presentes.<\/p>\n\n\n\n<p>Al\u00e9m dos sindicalizados santa-marienses, a Assembleia contou com a presen\u00e7a de servidores do Instituto Federal de Jaguari, que relataram os obst\u00e1culos de um poss\u00edvel retorno presencial no local: <em>\u2018\u2019no campus Jaguari, a gente movimenta 47 munic\u00edpios, ent\u00e3o s\u00e3o v\u00e1rias quest\u00f5es que nos impedem de s\u00f3 desejar estar na sala de aula, ou n\u00e3o. Porque envolve transporte, alimenta\u00e7\u00e3o, limpeza do campus e v\u00e1rias outras quest\u00f5es bem complicadas [&#8230;]\u2019\u2019 <\/em>exp\u00f5e Lucas Flores, professor da Institui\u00e7\u00e3o. Para al\u00e9m disso, o educador falou que o IF, provavelmente, encerrar\u00e1 seu ano letivo de modo remoto, uma vez que faltam dois meses, aproximadamente, para o fim de suas atividades letivas.<\/p>\n\n\n\n<div class=\"wp-block-image\"><figure class=\"aligncenter size-full is-resized\"><img decoding=\"async\" src=\"https:\/\/sinasefesm.com\/wp-content\/uploads\/2021\/09\/im3-3.png\" alt=\"\" class=\"wp-image-3981\" width=\"832\" height=\"396\" srcset=\"https:\/\/sinasefesm.com\/wp-content\/uploads\/2021\/09\/im3-3.png 711w, https:\/\/sinasefesm.com\/wp-content\/uploads\/2021\/09\/im3-3-300x143.png 300w, https:\/\/sinasefesm.com\/wp-content\/uploads\/2021\/09\/im3-3-150x71.png 150w, https:\/\/sinasefesm.com\/wp-content\/uploads\/2021\/09\/im3-3-450x214.png 450w\" sizes=\"(max-width: 832px) 100vw, 832px\" \/><figcaption>Lucas Flores pronunciando-se durante a Assembleia.<\/figcaption><\/figure><\/div>\n\n\n\n<p><\/p>\n\n\n\n<p>Outro aspecto destacado durante o encontro online foi a despreocupa\u00e7\u00e3o com o psicol\u00f3gico dos professores no retorno ao presencial. Roselene Pommer, Secret\u00e1ria de Comunica\u00e7\u00e3o, Forma\u00e7\u00e3o Pol\u00edtica e Sindical, observou que: <em>\u2018\u2019n\u00f3s estamos h\u00e1 mais de um ano e meio trabalhando de casa, sem contato direto com colegas e alunos. Ent\u00e3o acho que n\u00f3s precisamos com urg\u00eancia de um preparo ps\u00edquico, de um momento de prepara\u00e7\u00e3o psicol\u00f3gica para retornar \u00e0s atividades presenciais [&#8230;], porque aquele que era meu colega de sala, com o qual dividia meu trabalho, de uma hora para outra, passa a ser talvez o \u2018\u2019inimigo\u2019\u2019, no sentido de que ele poder\u00e1 oferecer um risco de cont\u00e1gio. Como que eu vou trabalhar psiquicamente isso? \u2018<\/em>\u2019, indagou a professora.<\/p>\n\n\n\n<div class=\"wp-block-image\"><figure class=\"aligncenter size-full is-resized\"><img decoding=\"async\" src=\"https:\/\/sinasefesm.com\/wp-content\/uploads\/2021\/09\/im4-2.png\" alt=\"\" class=\"wp-image-3982\" width=\"828\" height=\"392\" srcset=\"https:\/\/sinasefesm.com\/wp-content\/uploads\/2021\/09\/im4-2.png 695w, https:\/\/sinasefesm.com\/wp-content\/uploads\/2021\/09\/im4-2-300x142.png 300w, https:\/\/sinasefesm.com\/wp-content\/uploads\/2021\/09\/im4-2-150x71.png 150w, https:\/\/sinasefesm.com\/wp-content\/uploads\/2021\/09\/im4-2-450x213.png 450w\" sizes=\"(max-width: 828px) 100vw, 828px\" \/><figcaption>Roselene Pommer pronunciando-se durante a Assembleia.<\/figcaption><\/figure><\/div>\n\n\n\n<p>O restante dos sindicalizados concordou com a necessidade de se estabelecer um atendimento psicol\u00f3gico aos docentes, e acredita que certos aspectos da Portaria n\u00ba 32 precisam ser revistos, para que atendam \u00e0s demandas dos educadores.<\/p>\n\n\n\n<h2 class=\"wp-block-heading\">A\u00e7\u00f5es unificadas<\/h2>\n\n\n\n<p>O Sinasefe vem participando de uma s\u00e9rie de iniciativas em conjunto com as demais entidades representativas dos segmentos da UFSM para buscar sensibilizar a reitoria a respeito da import\u00e2ncia de se debater coletivamente o retorno \u00e0 presencialidade. Na \u00faltima ter\u00e7a, a se\u00e7\u00e3o sindical participou de <a href=\"https:\/\/sinasefesm.com\/entidades-reivindicam-a-reitoria-que-retorno-presencial-seja-discutido-coletivamente\/\">audi\u00eancia com o reitor<\/a> e, no mesmo dia, assinou com as entidades um documento enviado \u00e0 Administra\u00e7\u00e3o Central com uma s\u00e9rie de d\u00favidas e anseios a respeito da portaria.\u00a0<\/p>\n\n\n\n<p><\/p>\n\n\n\n<p><em>Texto: Laurent Keller<\/em><\/p>\n\n\n\n<p><em>Revis\u00e3o: Bruna Homrich<\/em><\/p>\n","protected":false},"excerpt":{"rendered":"<p>Na manh\u00e3 desta quarta-feira, 29, o sindicato realizou uma assembleia virtual, via Google Meet, a respeito das problem\u00e1ticas estabelecidas pela Portaria n\u00ba 32, que imp\u00f5e o retorno das atividades administrativas da UFSM ao presencial, e das poss\u00edveis sequelas de sua implementa\u00e7\u00e3o. Como encaminhamentos da assembleia estiveram a elabora\u00e7\u00e3o de um documento a ser enviado pelo<\/p>\n","protected":false},"author":5,"featured_media":3979,"comment_status":"closed","ping_status":"closed","sticky":false,"template":"","format":"standard","meta":{"footnotes":""},"categories":[37,39,42],"tags":[59,155,181,193,209,212,225],"class_list":{"0":"post-3977","1":"post","2":"type-post","3":"status-publish","4":"format-standard","5":"has-post-thumbnail","7":"category-destaque","8":"category-eventos","9":"category-noticia","10":"tag-assembleia","11":"tag-institutos-federais","12":"tag-pandemia","13":"tag-portaria-no-32","14":"tag-retorno-ao-presencial","15":"tag-saude-mental","16":"tag-ufsm"},"_links":{"self":[{"href":"https:\/\/sinasefesm.com\/index.php\/wp-json\/wp\/v2\/posts\/3977","targetHints":{"allow":["GET"]}}],"collection":[{"href":"https:\/\/sinasefesm.com\/index.php\/wp-json\/wp\/v2\/posts"}],"about":[{"href":"https:\/\/sinasefesm.com\/index.php\/wp-json\/wp\/v2\/types\/post"}],"author":[{"embeddable":true,"href":"https:\/\/sinasefesm.com\/index.php\/wp-json\/wp\/v2\/users\/5"}],"replies":[{"embeddable":true,"href":"https:\/\/sinasefesm.com\/index.php\/wp-json\/wp\/v2\/comments?post=3977"}],"version-history":[{"count":0,"href":"https:\/\/sinasefesm.com\/index.php\/wp-json\/wp\/v2\/posts\/3977\/revisions"}],"wp:featuredmedia":[{"embeddable":true,"href":"https:\/\/sinasefesm.com\/index.php\/wp-json\/wp\/v2\/media\/3979"}],"wp:attachment":[{"href":"https:\/\/sinasefesm.com\/index.php\/wp-json\/wp\/v2\/media?parent=3977"}],"wp:term":[{"taxonomy":"category","embeddable":true,"href":"https:\/\/sinasefesm.com\/index.php\/wp-json\/wp\/v2\/categories?post=3977"},{"taxonomy":"post_tag","embeddable":true,"href":"https:\/\/sinasefesm.com\/index.php\/wp-json\/wp\/v2\/tags?post=3977"}],"curies":[{"name":"wp","href":"https:\/\/api.w.org\/{rel}","templated":true}]}}