{"id":3986,"date":"2021-09-30T23:43:10","date_gmt":"2021-09-30T23:43:10","guid":{"rendered":"https:\/\/sinasefesm.com\/?p=3986"},"modified":"2021-09-30T23:43:10","modified_gmt":"2021-09-30T23:43:10","slug":"santa-maria-prepara-se-para-mais-um-ato-fora-bolsonaro","status":"publish","type":"post","link":"https:\/\/sinasefesm.com\/index.php\/2021\/09\/30\/santa-maria-prepara-se-para-mais-um-ato-fora-bolsonaro\/","title":{"rendered":"Santa Maria prepara-se para mais um ato Fora Bolsonaro"},"content":{"rendered":"\n<p>Ocorre neste s\u00e1bado, 2, em Santa Maria, uma nova manifesta\u00e7\u00e3o contr\u00e1ria ao governo vigente e, por consequ\u00eancia, em defesa dos(as) direitos sociais e trabalhistas. A participa\u00e7\u00e3o do Sinasefe Santa Maria foi referendada em <a href=\"https:\/\/sinasefesm.com\/assembleia-promovida-pelo-sinasefe-sm-discute-impasses-ligados-a-portaria-no-32\/\" data-type=\"URL\" data-id=\"https:\/\/sinasefesm.com\/assembleia-promovida-pelo-sinasefe-sm-discute-impasses-ligados-a-portaria-no-32\/\" target=\"_blank\" rel=\"noreferrer noopener\">assembleia da categoria<\/a>, realizada na \u00faltima quarta, 22.<\/p>\n\n\n\n<p>O ato iniciar\u00e1 \u00e0s 13h30, no Largo da Locomotiva (Avenida Presidente Vargas), onde entidades sindicais, estudantis e sociais santa-marienses dialogar\u00e3o com a popula\u00e7\u00e3o a respeito dos perigos que as pol\u00edticas antipovo do governo representam para a vida e para as conquistas sociais obtidas com a mobiliza\u00e7\u00e3o dos trabalhadores ao longo das \u00faltimas d\u00e9cadas. Posteriormente, \u00e0s 16h, haver\u00e1 uma caminhada pelas ruas da cidade.<\/p>\n\n\n\n<p>Dentre outras pautas do movimento, o Sinasefe vai \u00e0s ruas para: defender as universidades e os servi\u00e7os p\u00fablicos; denunciar a PEC 32\/2020; e lutar por condi\u00e7\u00f5es mais dignas de sa\u00fade, educa\u00e7\u00e3o e trabalho.<\/p>\n\n\n\n<p>No restante do pa\u00eds, o s\u00e1bado tamb\u00e9m ser\u00e1 marcado por protestos contra o governo Bolsonaro e em defesa da vida.<\/p>\n\n\n\n<p>Esse ato faz parte de uma agenda nacional de manifesta\u00e7\u00f5es iniciada em 29 de maio.&nbsp; Desde ent\u00e3o, a se\u00e7\u00e3o sindical de Santa Maria tem ido \u00e0s ruas e convidado seus sindicalizados a tamb\u00e9m participarem, afinal, nossa luta s\u00f3 ter\u00e1 efeito com o apoio de toda comunidade!<\/p>\n\n\n\n<p>Recomenda\u00e7\u00f5es sanit\u00e1rias<\/p>\n\n\n\n<p>\u2022&nbsp;&nbsp;&nbsp;&nbsp;&nbsp;&nbsp;&nbsp;&nbsp;&nbsp;&nbsp;&nbsp;&nbsp; Mantenha 2 metros de dist\u00e2ncia dos demais manifestantes;<\/p>\n\n\n\n<p>\u2022&nbsp;&nbsp;&nbsp;&nbsp;&nbsp;&nbsp;&nbsp;&nbsp;&nbsp;&nbsp;&nbsp;&nbsp; Utilize m\u00e1scara durante todo o ato, preferencialmente PFF2\/N95 ou m\u00e1scara cir\u00fargica embaixo de uma m\u00e1scara de pano;<\/p>\n\n\n\n<p>\u2022&nbsp;&nbsp;&nbsp;&nbsp;&nbsp;&nbsp;&nbsp;&nbsp;&nbsp;&nbsp;&nbsp;&nbsp; Evite compartilhar objetos pessoais, \u00e1gua e alimentos;<\/p>\n\n\n\n<p>\u2022&nbsp;&nbsp;&nbsp;&nbsp;&nbsp;&nbsp;&nbsp;&nbsp;&nbsp;&nbsp;&nbsp;&nbsp; Sempre utilize \u00e1lcool em gel antes de levar a m\u00e3o ao rosto;<\/p>\n\n\n\n<p>\u2022&nbsp;&nbsp;&nbsp;&nbsp;&nbsp;&nbsp;&nbsp;&nbsp;&nbsp;&nbsp;&nbsp;&nbsp; Caso esteja sentindo sintomas da doen\u00e7a, como tosse, febre, dor de cabe\u00e7a e coriza, n\u00e3o participe do ato.<\/p>\n","protected":false},"excerpt":{"rendered":"<p>Ocorre neste s\u00e1bado, 2, em Santa Maria, uma nova manifesta\u00e7\u00e3o contr\u00e1ria ao governo vigente e, por consequ\u00eancia, em defesa dos(as) direitos sociais e trabalhistas. A participa\u00e7\u00e3o do Sinasefe Santa Maria foi referendada em assembleia da categoria, realizada na \u00faltima quarta, 22. O ato iniciar\u00e1 \u00e0s 13h30, no Largo da Locomotiva (Avenida Presidente Vargas), onde entidades<\/p>\n","protected":false},"author":1,"featured_media":3987,"comment_status":"closed","ping_status":"closed","sticky":false,"template":"","format":"standard","meta":{"footnotes":""},"categories":[37,39,41,42],"tags":[],"class_list":{"0":"post-3986","1":"post","2":"type-post","3":"status-publish","4":"format-standard","5":"has-post-thumbnail","7":"category-destaque","8":"category-eventos","9":"category-movimento","10":"category-noticia"},"_links":{"self":[{"href":"https:\/\/sinasefesm.com\/index.php\/wp-json\/wp\/v2\/posts\/3986","targetHints":{"allow":["GET"]}}],"collection":[{"href":"https:\/\/sinasefesm.com\/index.php\/wp-json\/wp\/v2\/posts"}],"about":[{"href":"https:\/\/sinasefesm.com\/index.php\/wp-json\/wp\/v2\/types\/post"}],"author":[{"embeddable":true,"href":"https:\/\/sinasefesm.com\/index.php\/wp-json\/wp\/v2\/users\/1"}],"replies":[{"embeddable":true,"href":"https:\/\/sinasefesm.com\/index.php\/wp-json\/wp\/v2\/comments?post=3986"}],"version-history":[{"count":0,"href":"https:\/\/sinasefesm.com\/index.php\/wp-json\/wp\/v2\/posts\/3986\/revisions"}],"wp:featuredmedia":[{"embeddable":true,"href":"https:\/\/sinasefesm.com\/index.php\/wp-json\/wp\/v2\/media\/3987"}],"wp:attachment":[{"href":"https:\/\/sinasefesm.com\/index.php\/wp-json\/wp\/v2\/media?parent=3986"}],"wp:term":[{"taxonomy":"category","embeddable":true,"href":"https:\/\/sinasefesm.com\/index.php\/wp-json\/wp\/v2\/categories?post=3986"},{"taxonomy":"post_tag","embeddable":true,"href":"https:\/\/sinasefesm.com\/index.php\/wp-json\/wp\/v2\/tags?post=3986"}],"curies":[{"name":"wp","href":"https:\/\/api.w.org\/{rel}","templated":true}]}}