{"id":3992,"date":"2021-10-05T00:54:43","date_gmt":"2021-10-05T00:54:43","guid":{"rendered":"https:\/\/sinasefesm.com\/?p=3992"},"modified":"2021-10-05T00:54:43","modified_gmt":"2021-10-05T00:54:43","slug":"2-10-ato-unitario-denuncia-desmonte-das-politicas-sociais-e-pede-fora-bolsonaro","status":"publish","type":"post","link":"https:\/\/sinasefesm.com\/index.php\/2021\/10\/05\/2-10-ato-unitario-denuncia-desmonte-das-politicas-sociais-e-pede-fora-bolsonaro\/","title":{"rendered":"2\/10: ato unit\u00e1rio denuncia desmonte das pol\u00edticas sociais e pede \u2018Fora Bolsonaro\u2019"},"content":{"rendered":"\n<p>No \u00faltimo s\u00e1bado, 2, o Largo da Locomotiva de Santa Maria foi tomado por movimentos sociais, partidos pol\u00edticos e sindicatos que exigiam melhores condi\u00e7\u00f5es de sa\u00fade, educa\u00e7\u00e3o e trabalho. Al\u00e9m dessas pautas, o Sinasefe estava no ato para repudiar a PEC 32\/2020 e defender as universidades p\u00fablicas, os Institutos Federais e os servi\u00e7os p\u00fablicos.<\/p>\n\n\n\n<p>Iniciado \u00e0s 13h30, o ato contou com falas de v\u00e1rios representantes de entidades sindicais, sociais e estudantis. Em nome da se\u00e7\u00e3o sindical do Sinasefe-SM, Cl\u00e1udia do Amaral, Secret\u00e1ria Geral do sindicato, discursou em defesa dos direitos dos servidores p\u00fablicos e pediu pelo Fora Bolsonaro. Para ela, a ocupa\u00e7\u00e3o da pra\u00e7a da locomotiva \u00e9 necess\u00e1ria para ressignificar o local, que tradicionalmente \u00e9 ocupado por grupos bolsonaristas.<\/p>\n\n\n\n<blockquote class=\"wp-block-quote is-layout-flow wp-block-quote-is-layout-flow\"><p><em>\u2018\u2019O ato \u00e9 importante principalmente para a popula\u00e7\u00e3o se sensibilizar quanto \u00e0 urg\u00eancia de uma press\u00e3o popular contra a PEC 32, j\u00e1 que ela n\u00e3o afeta somente os servidores p\u00fablicos, mas, principalmente, os servi\u00e7os p\u00fablicos em si. [&#8230;] E n\u00e3o s\u00f3 servi\u00e7os p\u00fablicos federais, mas tamb\u00e9m estaduais e municipais. Ent\u00e3o \u00e9 bastante importante que a popula\u00e7\u00e3o se mantenha vigilante&#8221;, comenta a dirigente.<\/em><\/p><\/blockquote>\n\n\n\n<figure class=\"wp-block-image size-full\"><img decoding=\"async\" src=\"https:\/\/sinasefesm.com\/wp-content\/uploads\/2021\/10\/claudia-sinasefe..jpg\" alt=\"\" class=\"wp-image-3993\"\/><\/figure>\n\n\n\n<p>Alejandro Lezcano Scwarzkopf,  Secret\u00e1rio Pessoal do Sinasefe Santa Maria, tamb\u00e9m esteve presente ao ato e refor\u00e7ou os malef\u00edcios que a PEC traz para a popula\u00e7\u00e3o usu\u00e1ria dos servi\u00e7os p\u00fablicos. <\/p>\n\n\n\n<blockquote class=\"wp-block-quote is-layout-flow wp-block-quote-is-layout-flow\"><p>&#8220;O governo Bolsonaro defende um programa neoliberal de redu\u00e7\u00e3o do Estado e dos servi\u00e7os p\u00fablicos, promovendo uma campanha de desprest\u00edgio dos funcion\u00e1rios p\u00fablicos. A Proposta de Emenda Constitucional 32 permite a retirada de servi\u00e7os p\u00fablicos essenciais, restringe a fiscaliza\u00e7\u00e3o de funcion\u00e1rios p\u00fablicos est\u00e1veis e permite a captura do Estado por funcion\u00e1rios vinculados aos governos de turno. Acreditamos que mobiliza\u00e7\u00f5es nas ruas podem levar a um maior debate p\u00fablico acerca de projetos desconhecidos pela maior parte da popula\u00e7\u00e3o&#8221;, pondera o coordenador. <\/p><\/blockquote>\n\n\n\n<p>Al\u00e9m das falas pol\u00edticas, o s\u00e1bado santa-mariense tamb\u00e9m foi marcado por interven\u00e7\u00f5es art\u00edsticas e culturais, incluindo capoeira e rimas de rap. Ao fim dessas apresenta\u00e7\u00f5es, o protesto prosseguiu pela Avenida Presidente Vargas, em uma marcha que gritava <em>\u2018\u2019trabalhador se engana n\u00e3o, o Bolsonaro s\u00f3 governa pra patr\u00e3o\u2019\u2019.<\/em><\/p>\n\n\n\n<p>O ato de s\u00e1bado integra uma agenda nacional de manifesta\u00e7\u00f5es contr\u00e1rias a diversas medidas antipovo adotadas pelo governo atual. Durante a atividade, uma comiss\u00e3o sanit\u00e1ria realizou distribui\u00e7\u00e3o de m\u00e1scaras aos participantes.<\/p>\n\n\n\n<figure class=\"wp-block-image size-full\"><img decoding=\"async\" src=\"https:\/\/sinasefesm.com\/wp-content\/uploads\/2021\/10\/diretoria-sina..jpg\" alt=\"\" class=\"wp-image-3994\"\/><\/figure>\n\n\n\n<figure class=\"wp-block-image size-full\"><img fetchpriority=\"high\" decoding=\"async\" width=\"656\" height=\"774\" src=\"https:\/\/sinasefesm.com\/wp-content\/uploads\/2021\/10\/prot-1.jpg\" alt=\"\" class=\"wp-image-3995\" srcset=\"https:\/\/sinasefesm.com\/wp-content\/uploads\/2021\/10\/prot-1.jpg 656w, https:\/\/sinasefesm.com\/wp-content\/uploads\/2021\/10\/prot-1-254x300.jpg 254w, https:\/\/sinasefesm.com\/wp-content\/uploads\/2021\/10\/prot-1-150x177.jpg 150w, https:\/\/sinasefesm.com\/wp-content\/uploads\/2021\/10\/prot-1-450x531.jpg 450w\" sizes=\"(max-width: 656px) 100vw, 656px\" \/><\/figure>\n\n\n\n<p><\/p>\n\n\n\n<figure class=\"wp-block-image size-full\"><img decoding=\"async\" width=\"837\" height=\"516\" src=\"https:\/\/sinasefesm.com\/wp-content\/uploads\/2021\/10\/prot-4.jpg\" alt=\"\" class=\"wp-image-3996\" srcset=\"https:\/\/sinasefesm.com\/wp-content\/uploads\/2021\/10\/prot-4.jpg 837w, https:\/\/sinasefesm.com\/wp-content\/uploads\/2021\/10\/prot-4-300x185.jpg 300w, https:\/\/sinasefesm.com\/wp-content\/uploads\/2021\/10\/prot-4-768x473.jpg 768w, https:\/\/sinasefesm.com\/wp-content\/uploads\/2021\/10\/prot-4-150x92.jpg 150w, https:\/\/sinasefesm.com\/wp-content\/uploads\/2021\/10\/prot-4-450x277.jpg 450w\" sizes=\"(max-width: 837px) 100vw, 837px\" \/><\/figure>\n\n\n\n<p><em>Texto: Laurent Keller<\/em><\/p>\n\n\n\n<p><em>Edi\u00e7\u00e3o: Bruna Homrich<\/em><\/p>\n","protected":false},"excerpt":{"rendered":"<p>No \u00faltimo s\u00e1bado, 2, o Largo da Locomotiva de Santa Maria foi tomado por movimentos sociais, partidos pol\u00edticos e sindicatos que exigiam melhores condi\u00e7\u00f5es de sa\u00fade, educa\u00e7\u00e3o e trabalho. Al\u00e9m dessas pautas, o Sinasefe estava no ato para repudiar a PEC 32\/2020 e defender as universidades p\u00fablicas, os Institutos Federais e os servi\u00e7os p\u00fablicos. Iniciado<\/p>\n","protected":false},"author":5,"featured_media":3997,"comment_status":"closed","ping_status":"closed","sticky":false,"template":"","format":"standard","meta":{"footnotes":""},"categories":[39,41,42],"tags":[],"class_list":{"0":"post-3992","1":"post","2":"type-post","3":"status-publish","4":"format-standard","5":"has-post-thumbnail","7":"category-eventos","8":"category-movimento","9":"category-noticia"},"_links":{"self":[{"href":"https:\/\/sinasefesm.com\/index.php\/wp-json\/wp\/v2\/posts\/3992","targetHints":{"allow":["GET"]}}],"collection":[{"href":"https:\/\/sinasefesm.com\/index.php\/wp-json\/wp\/v2\/posts"}],"about":[{"href":"https:\/\/sinasefesm.com\/index.php\/wp-json\/wp\/v2\/types\/post"}],"author":[{"embeddable":true,"href":"https:\/\/sinasefesm.com\/index.php\/wp-json\/wp\/v2\/users\/5"}],"replies":[{"embeddable":true,"href":"https:\/\/sinasefesm.com\/index.php\/wp-json\/wp\/v2\/comments?post=3992"}],"version-history":[{"count":0,"href":"https:\/\/sinasefesm.com\/index.php\/wp-json\/wp\/v2\/posts\/3992\/revisions"}],"wp:featuredmedia":[{"embeddable":true,"href":"https:\/\/sinasefesm.com\/index.php\/wp-json\/wp\/v2\/media\/3997"}],"wp:attachment":[{"href":"https:\/\/sinasefesm.com\/index.php\/wp-json\/wp\/v2\/media?parent=3992"}],"wp:term":[{"taxonomy":"category","embeddable":true,"href":"https:\/\/sinasefesm.com\/index.php\/wp-json\/wp\/v2\/categories?post=3992"},{"taxonomy":"post_tag","embeddable":true,"href":"https:\/\/sinasefesm.com\/index.php\/wp-json\/wp\/v2\/tags?post=3992"}],"curies":[{"name":"wp","href":"https:\/\/api.w.org\/{rel}","templated":true}]}}