{"id":4001,"date":"2021-10-05T01:22:37","date_gmt":"2021-10-05T01:22:37","guid":{"rendered":"https:\/\/sinasefesm.com\/?p=4001"},"modified":"2021-10-05T01:22:37","modified_gmt":"2021-10-05T01:22:37","slug":"coordenador-nacional-do-sinasefe-participa-de-live-da-sedufsm-sobre-trabalho-remoto","status":"publish","type":"post","link":"https:\/\/sinasefesm.com\/index.php\/2021\/10\/05\/coordenador-nacional-do-sinasefe-participa-de-live-da-sedufsm-sobre-trabalho-remoto\/","title":{"rendered":"Coordenador nacional do Sinasefe participa de live da Sedufsm sobre trabalho remoto"},"content":{"rendered":"\n<p>A segunda mesa do semin\u00e1rio \u201cTrabalho Remoto na UFSM\u201d, promovido pela Sedufsm, ocorre nesta ter\u00e7a-feira, 5 de outubro, a partir das 19h, com transmiss\u00e3o pela p\u00e1gina de <a href=\"https:\/\/www.facebook.com\/sedufsm\" data-type=\"URL\" data-id=\"https:\/\/www.facebook.com\/sedufsm\" target=\"_blank\" rel=\"noreferrer noopener\">Facebook<\/a> e pelo canal de <a href=\"https:\/\/www.youtube.com\/c\/sedufsmandes\" data-type=\"URL\" data-id=\"https:\/\/www.youtube.com\/c\/sedufsmandes\" target=\"_blank\" rel=\"noreferrer noopener\">Youtube<\/a> da se\u00e7\u00e3o sindical. O Sinasefe estar\u00e1 representado na mesa de debate por um de seus coordenadores gerais, David Lob\u00e3o, professor do Instituto Federal de Educa\u00e7\u00e3o, Ci\u00eancia e Tecnologia da Para\u00edba. Ele participar\u00e1 do evento junto aos(\u00e0s) seguintes dirigentes nacionais:<\/p>\n\n\n\n<p>&#8211; RIV\u00c2NIA MOURA, professora na Universidade do Estado do Rio Grande do Norte. Presidenta do Sindicato Nacional dos Docentes das Institui\u00e7\u00f5es de Ensino Superior (ANDES-SN);<\/p>\n\n\n\n<p>&#8211; V\u00c2NIA HELENA GON\u00c7ALVES, coordenadora Geral da Federa\u00e7\u00e3o de Sindicatos de Trabalhadores T\u00e9cnico-Administrativos em Institui\u00e7\u00f5es de Ensino Superior P\u00fablicas do Brasil \u2013 FASUBRA e do Sindicato dos Trabalhadores T\u00e9cnicos-Administrativos da Universidade Federal de S\u00e3o Carlos \u2013 SINTUFSCar;<\/p>\n\n\n\n<p>&#8211; KARDIL\u00c2NDIA MENDES, diretora de Forma\u00e7\u00e3o e Pol\u00edtica Sindical do Sindicato Nacional dos T\u00e9cnicos de N\u00edvel Superior das Institui\u00e7\u00f5es Federais de Ensino \u2013 ATENS-SN, e vice-presidenta do Atens- Se\u00e7\u00e3o Sindical da Universidade Federal da Para\u00edba \u2013 UFPB;<\/p>\n\n\n\n<p>&#8211; ARIEL LUCENA, vice-sul da Uni\u00e3o Nacional dos Estudantes \u2013 UNE. Acad\u00eamico do curso de Direito na Universidade Federal do Rio Grande do Sul \u2013 UFRGS;<\/p>\n\n\n\n<p>&#8211; JOSIEL RODRIGUES DOS SANTOS, diretor de pol\u00edticas de emprego da Associa\u00e7\u00e3o Nacional de P\u00f3s-Graduandos \u2013 ANPG. Mestrando em Comunica\u00e7\u00e3o pela Universidade Federal do Rio Grande do Sul \u2013 UFRGS.<\/p>\n\n\n\n<p>O Semin\u00e1rio teve in\u00edcio no dia 23 de setembro, quando dirigentes locais partilharam an\u00e1lises e perspectivas acerca do processo de trabalho remoto na UFSM. Cl\u00e1udio Kelling, coordenador do Sinasefe Santa Maria, participou da atividade. <a rel=\"noreferrer noopener\" href=\"https:\/\/sinasefesm.com\/seminario-discute-os-desafios-do-trabalho-e-ensino-remoto-na-ufsm\/\" data-type=\"URL\" data-id=\"https:\/\/sinasefesm.com\/seminario-discute-os-desafios-do-trabalho-e-ensino-remoto-na-ufsm\/\" target=\"_blank\">Leia<\/a>.<\/p>\n\n\n\n<p><em>Fonte: Sedufsm<\/em><\/p>\n","protected":false},"excerpt":{"rendered":"<p>A segunda mesa do semin\u00e1rio \u201cTrabalho Remoto na UFSM\u201d, promovido pela Sedufsm, ocorre nesta ter\u00e7a-feira, 5 de outubro, a partir das 19h, com transmiss\u00e3o pela p\u00e1gina de Facebook e pelo canal de Youtube da se\u00e7\u00e3o sindical. O Sinasefe estar\u00e1 representado na mesa de debate por um de seus coordenadores gerais, David Lob\u00e3o, professor do Instituto<\/p>\n","protected":false},"author":1,"featured_media":4002,"comment_status":"closed","ping_status":"closed","sticky":false,"template":"","format":"standard","meta":{"footnotes":""},"categories":[40,42],"tags":[],"class_list":{"0":"post-4001","1":"post","2":"type-post","3":"status-publish","4":"format-standard","5":"has-post-thumbnail","7":"category-live","8":"category-noticia"},"_links":{"self":[{"href":"https:\/\/sinasefesm.com\/index.php\/wp-json\/wp\/v2\/posts\/4001","targetHints":{"allow":["GET"]}}],"collection":[{"href":"https:\/\/sinasefesm.com\/index.php\/wp-json\/wp\/v2\/posts"}],"about":[{"href":"https:\/\/sinasefesm.com\/index.php\/wp-json\/wp\/v2\/types\/post"}],"author":[{"embeddable":true,"href":"https:\/\/sinasefesm.com\/index.php\/wp-json\/wp\/v2\/users\/1"}],"replies":[{"embeddable":true,"href":"https:\/\/sinasefesm.com\/index.php\/wp-json\/wp\/v2\/comments?post=4001"}],"version-history":[{"count":0,"href":"https:\/\/sinasefesm.com\/index.php\/wp-json\/wp\/v2\/posts\/4001\/revisions"}],"wp:featuredmedia":[{"embeddable":true,"href":"https:\/\/sinasefesm.com\/index.php\/wp-json\/wp\/v2\/media\/4002"}],"wp:attachment":[{"href":"https:\/\/sinasefesm.com\/index.php\/wp-json\/wp\/v2\/media?parent=4001"}],"wp:term":[{"taxonomy":"category","embeddable":true,"href":"https:\/\/sinasefesm.com\/index.php\/wp-json\/wp\/v2\/categories?post=4001"},{"taxonomy":"post_tag","embeddable":true,"href":"https:\/\/sinasefesm.com\/index.php\/wp-json\/wp\/v2\/tags?post=4001"}],"curies":[{"name":"wp","href":"https:\/\/api.w.org\/{rel}","templated":true}]}}