{"id":4018,"date":"2021-10-09T22:33:12","date_gmt":"2021-10-09T22:33:12","guid":{"rendered":"https:\/\/sinasefesm.com\/?p=4018"},"modified":"2021-10-09T22:33:12","modified_gmt":"2021-10-09T22:33:12","slug":"entidades-colocam-outdoors-contra-a-pec-32-em-cidades-sede-da-ufsm","status":"publish","type":"post","link":"https:\/\/sinasefesm.com\/index.php\/2021\/10\/09\/entidades-colocam-outdoors-contra-a-pec-32-em-cidades-sede-da-ufsm\/","title":{"rendered":"Entidades colocam outdoors contra a PEC 32 em cidades sede da UFSM"},"content":{"rendered":"\n<p>O Sinasefe Santa Maria, em parceria com a Sedufsm, Assufsm, Atens-SM, DCE e Frente dos Servidores P\u00fablicos do RS, instalou uma s\u00e9rie de outdoors nas cidades de Santa Maria, Palmeira das Miss\u00f5es, Frederico Westphalen e Cachoeira do Sul \u2013 todas cidades que abrigam campi da UFSM.<\/p>\n\n\n\n<p>O conte\u00fado dos outdoors busca dar visibilidade \u00e0 luta contra a Proposta de Emenda \u00e0 Constitui\u00e7\u00e3o (PEC) 32\/20, que inaugura a Reforma Administrativa, e chama a aten\u00e7\u00e3o para a import\u00e2ncia de os deputados e deputadas posicionarem-se contr\u00e1rios \u00e0 proposta, considerada um dos mais duros ataques que os servi\u00e7os p\u00fablicos brasileiros \u2013 e sua popula\u00e7\u00e3o usu\u00e1ria \u2013 j\u00e1 experimentaram. Atualmente, o texto est\u00e1 em tramita\u00e7\u00e3o na C\u00e2mara.<\/p>\n\n\n\n<p>Ad\u00e3o Ant\u00f4nio Pillar Damasceno, Secret\u00e1rio de Carreira e de Rela\u00e7\u00e3o de Trabalho do Sinasefe Santa Maria, comenta sobre o envolvimento da se\u00e7\u00e3o sindical com essa e outras iniciativas em defesa dos servi\u00e7os p\u00fablicos.<\/p>\n\n\n\n<p>&#8220;Esta campanha iniciou aqui no RS com o F\u00f3rum Ga\u00facho dos Servidores P\u00fablicos. Desde que a PEC 32 foi colocada na C\u00e2mara dos Deputados, o SINASEFE elaborou diversas campanhas esclarecendo os servidores sobre a quebra da estabilidade, a redu\u00e7\u00e3o dos concursos e os diversos direitos que ser\u00e3o retirados dos servidores &#8211; direitos conquistados durante d\u00e9cadas, desde 1988. O governo n\u00e3o discutiu com os servidores, com os principais atingidos pelas altera\u00e7\u00f5es&#8221;, criticou o dirigente.<\/p>\n\n\n\n<p>Localmente, as entidades de servidores p\u00fablicos, em conjunto com representa\u00e7\u00f5es estudantis e movimentos sociais, t\u00eam sido proponentes de uma s\u00e9rie de a\u00e7\u00f5es unificadas para dialogar com a popula\u00e7\u00e3o a respeito das maldades contidas na PEC 32 e sensibilizar a opini\u00e3o p\u00fablica.<\/p>\n\n\n\n<p>&#8220;Aqui em Santa Maria, as entidades dos servidores p\u00fablicos elaboraram diversas atividades, como lives, panfletos, aulas p\u00fablicas, notas t\u00e9cnicas e outras formas de esclarecimento sobre a redu\u00e7\u00e3o do Estado ocasionada por esta reforma. A campanha de Outdoors vem com a inten\u00e7\u00e3o de explicar para um p\u00fablico mais amplo, de forma visual e direta, sobre quem vota para que esta reforma continue [tramitando]&#8221;, explica Damasceno.<\/p>\n\n\n\n<p>Duas frases estampam os outdoors: &#8220;N\u00e3o \u00e0 Reforma Administrativa&#8221; e &#8220;Quem vota contra os servi\u00e7os p\u00fablicos, n\u00e3o volta!&#8221; \u2013 essa \u00faltima em refer\u00eancia aos(\u00e0s) parlamentares.<\/p>\n\n\n\n<p><strong>Jornada de Lutas<\/strong><\/p>\n\n\n\n<div class=\"wp-block-image\"><figure class=\"aligncenter size-full\"><img fetchpriority=\"high\" decoding=\"async\" width=\"790\" height=\"428\" src=\"https:\/\/sinasefesm.com\/wp-content\/uploads\/2021\/10\/5-jornada-de-lutas.png\" alt=\"\" class=\"wp-image-4020\" srcset=\"https:\/\/sinasefesm.com\/wp-content\/uploads\/2021\/10\/5-jornada-de-lutas.png 790w, https:\/\/sinasefesm.com\/wp-content\/uploads\/2021\/10\/5-jornada-de-lutas-300x163.png 300w, https:\/\/sinasefesm.com\/wp-content\/uploads\/2021\/10\/5-jornada-de-lutas-768x416.png 768w, https:\/\/sinasefesm.com\/wp-content\/uploads\/2021\/10\/5-jornada-de-lutas-150x81.png 150w, https:\/\/sinasefesm.com\/wp-content\/uploads\/2021\/10\/5-jornada-de-lutas-450x244.png 450w\" sizes=\"(max-width: 790px) 100vw, 790px\" \/><\/figure><\/div>\n\n\n\n<p>Desde o dia 14 de setembro, os servidores e as servidoras p\u00fablicas est\u00e3o realizando Jornadas de Lutas em Bras\u00edlia como forma de manter a press\u00e3o aos(\u00e0s) parlamentares para que votem N\u00c3O \u00e0 proposta. E tem mais atividades vindo pela frente.<\/p>\n\n\n\n<p>De 11 a 15 de outubro est\u00e3o previstas mobiliza\u00e7\u00f5es nas bases e, entre os pr\u00f3ximos dias 18 e 21, ocorrer\u00e1 a 5\u00aa Jornada de Lutas, que deve coincidir com o per\u00edodo em que Arthur Lira (PP\/AL), presidente da C\u00e2mara dos Deputados, colocar\u00e1 o texto da PEC para vota\u00e7\u00e3o definitiva no Plen\u00e1rio da Casa.<\/p>\n\n\n\n<p><a href=\"https:\/\/sinasefe.org.br\/site\/4a-jornada-de-lutas-em-brasilia-df-confira-o-resumo\/\" data-type=\"URL\" data-id=\"https:\/\/sinasefe.org.br\/site\/4a-jornada-de-lutas-em-brasilia-df-confira-o-resumo\/\" target=\"_blank\" rel=\"noreferrer noopener\">Confira aqui<\/a> como foi a 4\u00aa Jornada de Lutas, encerrada na \u00faltima quinta-feira, 7, e composta por atos no Aeroporto Internacional Juscelino Kubitschek (para \u201crecepcionar\u201d os parlamentares, fazendo uma mobiliza\u00e7\u00e3o \u201ccorpo a corpo\u201d contra a PEC) e na Esplanada dos Minist\u00e9rios.<\/p>\n\n\n\n<p><strong>Carta aberta aos(\u00e0s) deputados(as)<\/strong><\/p>\n\n\n\n<p>Na \u00faltima sexta, 8, a campanha Contra a PEC 32, que re\u00fane centenas de organiza\u00e7\u00f5es, lan\u00e7ou uma Carta Aberta aos(\u00e0s) deputados(as) federais pedindo que votem contra a proposta no Plen\u00e1rio e gravem depoimentos em v\u00eddeo externalizando seus posicionamentos a respeito da mat\u00e9ria. O objetivo \u00e9 que a popula\u00e7\u00e3o conhe\u00e7a quem est\u00e1 e quem n\u00e3o est\u00e1 a seu lado \u2013 ou seja, quem chancela ou quem denuncia os projetos antipovo do governo Bolsonaro.<\/p>\n\n\n\n<p><strong>Abaixo, o texto da Carta:<\/strong><\/p>\n\n\n\n<p><strong><em>Contra PEC 32<\/em><\/strong><\/p>\n\n\n\n<p><em>Assistimos com muita preocupa\u00e7\u00e3o \u00e0 aprova\u00e7\u00e3o da&nbsp;<a href=\"https:\/\/sinasefe.org.br\/site\/reforma-administrativa\/\" target=\"_blank\" rel=\"noreferrer noopener\">Reforma Administrativa<\/a>&nbsp;(<a href=\"https:\/\/www.camara.leg.br\/propostas-legislativas\/2262083\" target=\"_blank\" rel=\"noreferrer noopener\">PEC 32\/2020<\/a>)&nbsp;<a href=\"https:\/\/sinasefe.org.br\/site\/vamos-denunciar-quem-aprovou-o-relatorio-da-reforma-administrativa\/\" target=\"_blank\" rel=\"noreferrer noopener\">na Comiss\u00e3o Especial por uma vota\u00e7\u00e3o que nos causou estarrecimento<\/a>. Em primeiro lugar, pelas sucessivas trocas de parlamentares na referida comiss\u00e3o. Mas outro fen\u00f4meno nos chamou igualmente aten\u00e7\u00e3o: a presen\u00e7a artificial de quase 100% dos parlamentares do Partido Novo, o qual, ali\u00e1s, n\u00e3o tem tido qualquer compromisso com os trabalhadores e com o servi\u00e7o p\u00fablico.<\/em><\/p>\n\n\n\n<p><em>Na Comiss\u00e3o Especial, alguns defensores da PEC 32\/2020 procuraram camuflar as reais consequ\u00eancias da Reforma Administrativa proposta. Em seus argumentos, insistiam que a referida PEC n\u00e3o atinge os atuais servidores p\u00fablicos e que suas altera\u00e7\u00f5es se destinariam exclusivamente para novos servidores. Esse argumento \u00e9 falso. Exemplos n\u00e3o nos faltam:&nbsp;<a href=\"https:\/\/youtu.be\/jOMRqrOsiyg\" target=\"_blank\" rel=\"noreferrer noopener\">haver\u00e1 redu\u00e7\u00e3o salarial em at\u00e9 25%<\/a>, al\u00e9m da abertura de contrata\u00e7\u00e3o de servidores sem concurso p\u00fablico, entre outros exemplos, representando amea\u00e7as reais aos nossos futuros e \u00e0s nossas carreiras. Ao contr\u00e1rio da narrativa predominante, n\u00e3o h\u00e1 combate a privil\u00e9gios. Pelo contr\u00e1rio, o texto aprovado ataca duramente os servidores p\u00fablicos que recebem menores sal\u00e1rios (somos quase 12 milh\u00f5es, com sal\u00e1rios m\u00e9dios abaixo de R$ 3 mil), deixando de fora justamente os setores verdadeiramente privilegiados.<\/em><\/p>\n\n\n\n<p><em>O pacote de maldades contra os atuais servidores p\u00fablicos, entretanto, se apequena frente ao enorme ataque ao povo pobre brasileiro, que \u00e9 quem mais necessita dos servi\u00e7os p\u00fablicos, pois a proposta da PEC em tramita\u00e7\u00e3o diminui a j\u00e1 fraca presen\u00e7a do Estado na vida dos mais humildes. Tudo isso justamente quando a popula\u00e7\u00e3o brasileira mais precisa de servi\u00e7os p\u00fablicos de qualidade, em especial nas \u00e1reas de Sa\u00fade e Educa\u00e7\u00e3o.<\/em><\/p>\n\n\n\n<p><em>Por todas essas aberra\u00e7\u00f5es, n\u00f3s, servidores p\u00fablicos, estamos realizando uma ampla campanha contra a PEC 32\/2020 e n\u00e3o pouparemos ningu\u00e9m que ajude a aprovar tamanha agress\u00e3o. Faremos uma den\u00fancia muito forte nos quatro cantos desse pa\u00eds para que nenhum parlamentar que vote a favor da PEC 32\/2020 possa ser reeleito nas pr\u00f3ximas elei\u00e7\u00f5es.&nbsp;<strong>Se votar, n\u00e3o volta!<\/strong><\/em><\/p>\n\n\n\n<p><em>Desde j\u00e1, pedimos que&nbsp;<strong>votem contra a PEC 32\/2020<\/strong>&nbsp;e solicitamos o envio de um v\u00eddeo de cada parlamentar com o seu posicionamento para divulgar em nossas redes sociais. Lembramos ainda que, por se tratar de emenda \u00e0&nbsp;<a href=\"http:\/\/www.planalto.gov.br\/ccivil_03\/constituicao\/constituicao.htm\" target=\"_blank\" rel=\"noreferrer noopener\">Constitui\u00e7\u00e3o<\/a>, a PEC requer qu\u00f3rum qualificado para ser aprovada, e a simples absten\u00e7\u00e3o dos parlamentares tamb\u00e9m pode evitar a aprova\u00e7\u00e3o dessa medida de desmonte dos servi\u00e7os p\u00fablicos.<\/em><\/p>\n\n\n\n<p><strong><em>Assinam:<br><\/em><\/strong><em><a href=\"https:\/\/csb.org.br\/\" target=\"_blank\" rel=\"noreferrer noopener\">CSB<\/a>,&nbsp;<a href=\"http:\/\/cspconlutas.org.br\/\" target=\"_blank\" rel=\"noreferrer noopener\">CSP-Conlutas<\/a>,&nbsp;<a href=\"https:\/\/ctb.org.br\/\" target=\"_blank\" rel=\"noreferrer noopener\">CTB<\/a>,&nbsp;<a href=\"https:\/\/www.cut.org.br\/\" target=\"_blank\" rel=\"noreferrer noopener\">CUT<\/a>,&nbsp;<a href=\"https:\/\/fonasefe.org\/\" target=\"_blank\" rel=\"noreferrer noopener\">Fonasefe<\/a>,&nbsp;<a href=\"https:\/\/www.fsindical.org.br\/\" target=\"_blank\" rel=\"noreferrer noopener\">For\u00e7a Sindical<\/a>,&nbsp;<a href=\"http:\/\/frenteparlamentardoservicopublico.org\/\" target=\"_blank\" rel=\"noreferrer noopener\">Frente Parlamentar Mista do Servi\u00e7o P\u00fablico<\/a>,&nbsp;<a href=\"https:\/\/www.intersindicalcentral.com.br\/\" target=\"_blank\" rel=\"noreferrer noopener\">Intersindical Central<\/a>,&nbsp;<a href=\"https:\/\/www.intersindical.org.br\/\" target=\"_blank\" rel=\"noreferrer noopener\">Intersindical Instrumento de Luta<\/a>,&nbsp;<a href=\"https:\/\/www.youtube.com\/channel\/UC_iEONXO9KMsYIn5hTJyYlA\" target=\"_blank\" rel=\"noreferrer noopener\">Movimento Basta<\/a>,&nbsp;<a href=\"https:\/\/www.ncst.org.br\/\" target=\"_blank\" rel=\"noreferrer noopener\">Nova Central<\/a>,&nbsp;<a href=\"https:\/\/publica.org.br\/\" target=\"_blank\" rel=\"noreferrer noopener\">P\u00fablica<\/a>,&nbsp;<a href=\"https:\/\/www.ugt.org.br\/\" target=\"_blank\" rel=\"noreferrer noopener\">UGT<\/a>&nbsp;e&nbsp;<a href=\"https:\/\/www.facebook.com\/UPB-S%C3%A3o-Paulo-343232626320125\" target=\"_blank\" rel=\"noreferrer noopener\">UPB<\/a><\/em><\/p>\n","protected":false},"excerpt":{"rendered":"<p>O Sinasefe Santa Maria, em parceria com a Sedufsm, Assufsm, Atens-SM, DCE e Frente dos Servidores P\u00fablicos do RS, instalou uma s\u00e9rie de outdoors nas cidades de Santa Maria, Palmeira das Miss\u00f5es, Frederico Westphalen e Cachoeira do Sul \u2013 todas cidades que abrigam campi da UFSM. O conte\u00fado dos outdoors busca dar visibilidade \u00e0 luta<\/p>\n","protected":false},"author":3,"featured_media":4023,"comment_status":"closed","ping_status":"closed","sticky":false,"template":"","format":"standard","meta":{"footnotes":""},"categories":[41,42,44,46],"tags":[],"class_list":{"0":"post-4018","1":"post","2":"type-post","3":"status-publish","4":"format-standard","5":"has-post-thumbnail","7":"category-movimento","8":"category-noticia","9":"category-reforma-administrativa","10":"category-uncategorized"},"_links":{"self":[{"href":"https:\/\/sinasefesm.com\/index.php\/wp-json\/wp\/v2\/posts\/4018","targetHints":{"allow":["GET"]}}],"collection":[{"href":"https:\/\/sinasefesm.com\/index.php\/wp-json\/wp\/v2\/posts"}],"about":[{"href":"https:\/\/sinasefesm.com\/index.php\/wp-json\/wp\/v2\/types\/post"}],"author":[{"embeddable":true,"href":"https:\/\/sinasefesm.com\/index.php\/wp-json\/wp\/v2\/users\/3"}],"replies":[{"embeddable":true,"href":"https:\/\/sinasefesm.com\/index.php\/wp-json\/wp\/v2\/comments?post=4018"}],"version-history":[{"count":0,"href":"https:\/\/sinasefesm.com\/index.php\/wp-json\/wp\/v2\/posts\/4018\/revisions"}],"wp:featuredmedia":[{"embeddable":true,"href":"https:\/\/sinasefesm.com\/index.php\/wp-json\/wp\/v2\/media\/4023"}],"wp:attachment":[{"href":"https:\/\/sinasefesm.com\/index.php\/wp-json\/wp\/v2\/media?parent=4018"}],"wp:term":[{"taxonomy":"category","embeddable":true,"href":"https:\/\/sinasefesm.com\/index.php\/wp-json\/wp\/v2\/categories?post=4018"},{"taxonomy":"post_tag","embeddable":true,"href":"https:\/\/sinasefesm.com\/index.php\/wp-json\/wp\/v2\/tags?post=4018"}],"curies":[{"name":"wp","href":"https:\/\/api.w.org\/{rel}","templated":true}]}}