{"id":4026,"date":"2021-10-11T19:52:15","date_gmt":"2021-10-11T19:52:15","guid":{"rendered":"https:\/\/sinasefesm.com\/?p=4026"},"modified":"2021-10-11T19:52:15","modified_gmt":"2021-10-11T19:52:15","slug":"sinasefe-santa-maria-promove-live-sobre-impactos-da-portaria-no-983","status":"publish","type":"post","link":"https:\/\/sinasefesm.com\/index.php\/2021\/10\/11\/sinasefe-santa-maria-promove-live-sobre-impactos-da-portaria-no-983\/","title":{"rendered":"Sinasefe Santa Maria promove live sobre impactos da Portaria n\u00ba 983"},"content":{"rendered":"\n<p>Regulamentar as atividades docentes no \u00e2mbito da Rede Federal de Educa\u00e7\u00e3o Profissional, Cient\u00edfica e Tecnol\u00f3gica. Essa \u00e9, formalmente, a intencionalidade da portaria n\u00ba 983, publicada em 18 de novembro de 2020 pelo Minist\u00e9rio da Educa\u00e7\u00e3o. Ocorre que, na pr\u00e1tica, o texto amea\u00e7a a autonomia das Institui\u00e7\u00f5es Federais de Ensino, sobrecarrega docentes com a imposi\u00e7\u00e3o de uma nova carga hor\u00e1ria m\u00ednima e penaliza as \u00e1reas da pesquisa e da extens\u00e3o \u2013 ferindo, assim, o trip\u00e9 b\u00e1sico que sustenta as universidades e Institutos Federais.<\/p>\n\n\n\n<p>Para discutir de forma mais cuidadosa os impactos que a Portaria trar\u00e1 para os(as) docentes da Rede Federal, o Sinasefe Santa Maria promove uma live no dia 21 de outubro, \u00e0s 17h, com a presen\u00e7a dos(as) seguintes convidados(as): Carla Jardim (ex-reitora do IFFarroupilha); Carlos Rodrigo Lehn (Pr\u00f3-Reitor de Desenvolvimento Institucional do IFFar e coordenador do Grupo de Trabalho respons\u00e1vel por regulamentar a Portaria na institui\u00e7\u00e3o); Jeferson Lopes Queiroz (presidente da Comiss\u00e3o Permanente de Pessoal Docente &#8211; CPPD do IFFar) e Heverton Padilha (assessor jur\u00eddico integrante do escrit\u00f3rio Wagner Advogados). A media\u00e7\u00e3o do debate ficar\u00e1 por conta de Lucas Martins Flores, docente do campus de Jaguari do IFFar.<\/p>\n\n\n\n<p>\u201cA portaria 983 se trata de um regulamento que precisa ser lido, apreciado, compreendido e, sobretudo, questionado por todos aqueles que s\u00e3o direta ou indiretamente afetados por ela. Organizamos esta live no sentido de termos um espa\u00e7o de di\u00e1logo entre os interessados sobre seus principais pontos e tamb\u00e9m com o desejo de que a categoria, principalmente os docentes, volte a se unir e a lutar por melhores condi\u00e7\u00f5es de sua vida laboral. Sem d\u00favidas, ser\u00e1 um importante momento de constru\u00e7\u00e3o coletiva\u201d, comenta Flores.<\/p>\n\n\n\n<p>A live, que resultou de constru\u00e7\u00e3o coletiva realizada entre a diretoria do Sinasefe SM e os(as) filiados(as) do campus do IFFar em Jaguari, ser\u00e1 transmitida ao vivo pela p\u00e1gina de <a rel=\"noreferrer noopener\" href=\"https:\/\/www.facebook.com\/SINASEFESM\" data-type=\"URL\" data-id=\"https:\/\/www.facebook.com\/SINASEFESM\" target=\"_blank\">Facebook<\/a> e pelo canal de <a rel=\"noreferrer noopener\" href=\"https:\/\/www.youtube.com\/channel\/UCK_f_BROB-ZwDDyg8H3VTRA\" data-type=\"URL\" data-id=\"https:\/\/www.youtube.com\/channel\/UCK_f_BROB-ZwDDyg8H3VTRA\" target=\"_blank\">Youtube<\/a> da se\u00e7\u00e3o sindical.<\/p>\n\n\n\n<p>Quem desejar entender mais sobre a portaria, pode acessar a <a rel=\"noreferrer noopener\" href=\"https:\/\/sinasefesm.com\/wp-content\/uploads\/2021\/09\/Nota-Tecnica-Portaria-983.pdf\" data-type=\"URL\" data-id=\"https:\/\/sinasefesm.com\/wp-content\/uploads\/2021\/09\/Nota-Tecnica-Portaria-983.pdf\" target=\"_blank\">Nota T\u00e9cnica<\/a> elaborada pela Assessoria Jur\u00eddica do Sinasefe. Segundo o documento, &#8220;[\u2026] ao emitir a referida Portaria, o Ministro de Estado ignora o sistema constitucional de prote\u00e7\u00e3o ao direito fundamental \u00e0 educa\u00e7\u00e3o, \u00e0s liberdades fundamentais e \u00e0 autonomia das universidades, que \u00e9 extens\u00edvel \u00e0s institui\u00e7\u00f5es integrantes da Rede Federal de Educa\u00e7\u00e3o Profissional, Cient\u00edfica e Tecnol\u00f3gica&#8221;.<\/p>\n","protected":false},"excerpt":{"rendered":"<p>Regulamentar as atividades docentes no \u00e2mbito da Rede Federal de Educa\u00e7\u00e3o Profissional, Cient\u00edfica e Tecnol\u00f3gica. Essa \u00e9, formalmente, a intencionalidade da portaria n\u00ba 983, publicada em 18 de novembro de 2020 pelo Minist\u00e9rio da Educa\u00e7\u00e3o. Ocorre que, na pr\u00e1tica, o texto amea\u00e7a a autonomia das Institui\u00e7\u00f5es Federais de Ensino, sobrecarrega docentes com a imposi\u00e7\u00e3o de<\/p>\n","protected":false},"author":3,"featured_media":4027,"comment_status":"closed","ping_status":"closed","sticky":false,"template":"","format":"standard","meta":{"footnotes":""},"categories":[39,40,42],"tags":[],"class_list":{"0":"post-4026","1":"post","2":"type-post","3":"status-publish","4":"format-standard","5":"has-post-thumbnail","7":"category-eventos","8":"category-live","9":"category-noticia"},"_links":{"self":[{"href":"https:\/\/sinasefesm.com\/index.php\/wp-json\/wp\/v2\/posts\/4026","targetHints":{"allow":["GET"]}}],"collection":[{"href":"https:\/\/sinasefesm.com\/index.php\/wp-json\/wp\/v2\/posts"}],"about":[{"href":"https:\/\/sinasefesm.com\/index.php\/wp-json\/wp\/v2\/types\/post"}],"author":[{"embeddable":true,"href":"https:\/\/sinasefesm.com\/index.php\/wp-json\/wp\/v2\/users\/3"}],"replies":[{"embeddable":true,"href":"https:\/\/sinasefesm.com\/index.php\/wp-json\/wp\/v2\/comments?post=4026"}],"version-history":[{"count":0,"href":"https:\/\/sinasefesm.com\/index.php\/wp-json\/wp\/v2\/posts\/4026\/revisions"}],"wp:featuredmedia":[{"embeddable":true,"href":"https:\/\/sinasefesm.com\/index.php\/wp-json\/wp\/v2\/media\/4027"}],"wp:attachment":[{"href":"https:\/\/sinasefesm.com\/index.php\/wp-json\/wp\/v2\/media?parent=4026"}],"wp:term":[{"taxonomy":"category","embeddable":true,"href":"https:\/\/sinasefesm.com\/index.php\/wp-json\/wp\/v2\/categories?post=4026"},{"taxonomy":"post_tag","embeddable":true,"href":"https:\/\/sinasefesm.com\/index.php\/wp-json\/wp\/v2\/tags?post=4026"}],"curies":[{"name":"wp","href":"https:\/\/api.w.org\/{rel}","templated":true}]}}