{"id":4044,"date":"2021-10-18T23:21:53","date_gmt":"2021-10-18T23:21:53","guid":{"rendered":"https:\/\/sinasefesm.com\/?p=4044"},"modified":"2021-10-18T23:21:53","modified_gmt":"2021-10-18T23:21:53","slug":"concurso-literario-de-cartas-homenageia-os-60-anos-do-colegio-politecnico","status":"publish","type":"post","link":"https:\/\/sinasefesm.com\/index.php\/2021\/10\/18\/concurso-literario-de-cartas-homenageia-os-60-anos-do-colegio-politecnico\/","title":{"rendered":"Concurso liter\u00e1rio de cartas homenageia os 60 anos do Col\u00e9gio Polit\u00e9cnico"},"content":{"rendered":"\n<p>Voc\u00ea \u00e9 estudante, egresso ou servidor(a) do Col\u00e9gio Polit\u00e9cnico da UFSM? Se sim, est\u00e1 convidado a participar do Concurso Liter\u00e1rio \u201cCartas ao Poli\u201d, que recebe trabalhos desde esta segunda-feira, 18 de outubro, at\u00e9 o pr\u00f3ximo dia 31.<\/p>\n\n\n\n<p>A iniciativa pretende motivar quem tenha experi\u00eancias com o Col\u00e9gio a rememora-las e compartilha-las, contribuindo para que, no ano em que o Poli completa 60 anos, sua import\u00e2ncia seja resgatada e fortalecida. A promo\u00e7\u00e3o do Concurso \u00e9 do Projeto Jornal Tem\u00e1tico, desenvolvido pelos(as) alunos(as) do Ensino M\u00e9dio do Col\u00e9gio Polit\u00e9cnico, sob coordena\u00e7\u00e3o das professoras Miriane Fonseca e Cl\u00e1udia do Amaral.<\/p>\n\n\n\n<p>Sabemos que cada um e cada uma guardam uma rela\u00e7\u00e3o diversa com aquele espa\u00e7o, e, num momento em que a pandemia ainda nos exige a suspens\u00e3o da partilha presencial de afetos, que possamos os partilhar a partir da escrita e da express\u00e3o liter\u00e1ria.<\/p>\n\n\n\n<p>A divulga\u00e7\u00e3o dos tr\u00eas primeiros lugares \u2013 para os quais haver\u00e1 premia\u00e7\u00e3o \u2013 est\u00e1 prevista para ocorrer na segunda quinzena de novembro. O <a rel=\"noreferrer noopener\" href=\"https:\/\/sinasefesm.com\/wp-content\/uploads\/2021\/10\/Regulamento-do-Concurso..pdf\" data-type=\"URL\" data-id=\"https:\/\/sinasefesm.com\/wp-content\/uploads\/2021\/10\/Regulamento-do-Concurso..pdf\" target=\"_blank\">regulamento<\/a> completo do concurso, bem como a <a rel=\"noreferrer noopener\" href=\"https:\/\/sinasefesm.com\/wp-content\/uploads\/2021\/10\/Ficha-de-Inscricao.pdf\" data-type=\"URL\" data-id=\"https:\/\/sinasefesm.com\/wp-content\/uploads\/2021\/10\/Ficha-de-Inscricao.pdf\" target=\"_blank\">ficha de inscri\u00e7\u00e3o<\/a> a ser enviada junto com o texto, encontram-se dispon\u00edveis para acesso e download ao final desta p\u00e1gina.<\/p>\n\n\n\n<p>Quaisquer d\u00favidas podem ser sanadas atrav\u00e9s do email projetojornalpoli@politecnico.ufsm.br. Contamos com a tua participa\u00e7\u00e3o!<\/p>\n","protected":false},"excerpt":{"rendered":"<p>Voc\u00ea \u00e9 estudante, egresso ou servidor(a) do Col\u00e9gio Polit\u00e9cnico da UFSM? Se sim, est\u00e1 convidado a participar do Concurso Liter\u00e1rio \u201cCartas ao Poli\u201d, que recebe trabalhos desde esta segunda-feira, 18 de outubro, at\u00e9 o pr\u00f3ximo dia 31. A iniciativa pretende motivar quem tenha experi\u00eancias com o Col\u00e9gio a rememora-las e compartilha-las, contribuindo para que, no<\/p>\n","protected":false},"author":1,"featured_media":4045,"comment_status":"closed","ping_status":"closed","sticky":false,"template":"","format":"standard","meta":{"footnotes":""},"categories":[37,42],"tags":[],"class_list":{"0":"post-4044","1":"post","2":"type-post","3":"status-publish","4":"format-standard","5":"has-post-thumbnail","7":"category-destaque","8":"category-noticia"},"_links":{"self":[{"href":"https:\/\/sinasefesm.com\/index.php\/wp-json\/wp\/v2\/posts\/4044","targetHints":{"allow":["GET"]}}],"collection":[{"href":"https:\/\/sinasefesm.com\/index.php\/wp-json\/wp\/v2\/posts"}],"about":[{"href":"https:\/\/sinasefesm.com\/index.php\/wp-json\/wp\/v2\/types\/post"}],"author":[{"embeddable":true,"href":"https:\/\/sinasefesm.com\/index.php\/wp-json\/wp\/v2\/users\/1"}],"replies":[{"embeddable":true,"href":"https:\/\/sinasefesm.com\/index.php\/wp-json\/wp\/v2\/comments?post=4044"}],"version-history":[{"count":0,"href":"https:\/\/sinasefesm.com\/index.php\/wp-json\/wp\/v2\/posts\/4044\/revisions"}],"wp:featuredmedia":[{"embeddable":true,"href":"https:\/\/sinasefesm.com\/index.php\/wp-json\/wp\/v2\/media\/4045"}],"wp:attachment":[{"href":"https:\/\/sinasefesm.com\/index.php\/wp-json\/wp\/v2\/media?parent=4044"}],"wp:term":[{"taxonomy":"category","embeddable":true,"href":"https:\/\/sinasefesm.com\/index.php\/wp-json\/wp\/v2\/categories?post=4044"},{"taxonomy":"post_tag","embeddable":true,"href":"https:\/\/sinasefesm.com\/index.php\/wp-json\/wp\/v2\/tags?post=4044"}],"curies":[{"name":"wp","href":"https:\/\/api.w.org\/{rel}","templated":true}]}}