{"id":4051,"date":"2021-10-20T16:40:35","date_gmt":"2021-10-20T16:40:35","guid":{"rendered":"https:\/\/sinasefesm.com\/?p=4051"},"modified":"2021-10-20T16:40:35","modified_gmt":"2021-10-20T16:40:35","slug":"sinasefe-sm-realiza-live-em-parceria-com-iffar-de-jaguari-sobre-portaria-no-983","status":"publish","type":"post","link":"https:\/\/sinasefesm.com\/index.php\/2021\/10\/20\/sinasefe-sm-realiza-live-em-parceria-com-iffar-de-jaguari-sobre-portaria-no-983\/","title":{"rendered":"Sinasefe-SM realiza live em parceria com IFFar de Jaguari sobre Portaria n\u00ba 983"},"content":{"rendered":"\n<p>Nesta quinta-feira, 21, o Sinasefe-SM promove uma <em>live<\/em> em sua <a href=\"https:\/\/www.facebook.com\/SINASEFESM\" data-type=\"URL\" data-id=\"https:\/\/www.facebook.com\/SINASEFESM\">p\u00e1gina do Facebook<\/a> e <a href=\"https:\/\/www.youtube.com\/channel\/UCK_f_BROB-ZwDDyg8H3VTRA\" data-type=\"URL\" data-id=\"https:\/\/www.youtube.com\/channel\/UCK_f_BROB-ZwDDyg8H3VTRA\">canal do YouTube<\/a> sobre os impactos da Portaria n\u00ba 983\/2020 na educa\u00e7\u00e3o federal. O evento iniciar\u00e1 \u00e0s 17h e ser\u00e1 mediado por Lucas Martins Flores, docente do Instituto Federal Farroupilha &#8211; campus de Jaguari, concretizando a parceria entre a se\u00e7\u00e3o sindical de Santa Maria e os filiados de Jaguari.<\/p>\n\n\n\n<p>Para debater as implica\u00e7\u00f5es da efetiva\u00e7\u00e3o da Portaria, estar\u00e3o presentes no debate: Carla Jardim, ex-reitora do IFFarroupilha; Carlos Rodrigo Lehn, pr\u00f3-reitor de Desenvolvimento Institucional do IFFar e coordenador do grupo de trabalho que regulamentar\u00e1 a Portaria na institui\u00e7\u00e3o; Jeferson Lopes Queiroz, presidente da Comiss\u00e3o Permanente de Pessoal Docente (CPPD) do IFFar; e Heverton Padilha, assessor jur\u00eddico do escrit\u00f3rio Wagner Advogados.<\/p>\n\n\n\n<p>A Portaria a ser discutida foi publicada pelo Minist\u00e9rio da Educa\u00e7\u00e3o em novembro de 2020 e, desde ent\u00e3o, tem recebido cr\u00edticas consistentes de diversas entidades docentes, incluindo do Sinasefe, em decorr\u00eancia dos retrocessos educacionais por ela estimulados.<\/p>\n\n\n\n<p>Com a ideia de regulamentar as atividades docentes da Rede Federal de Educa\u00e7\u00e3o Profissional, Cient\u00edfica e Tecnol\u00f3gica, a proposta apresenta, dentre outros aspectos negativos, uma mudan\u00e7a na carga hor\u00e1ria m\u00ednima para docentes EBTT, que prejudicaria a autonomia dos institutos. Isso porque a tarefa de planejar e executar atividades de ensino, pesquisa e extens\u00e3o est\u00e1 atribu\u00edda \u00e0s comunidades acad\u00eamicas locais, n\u00e3o cabendo ao governo determinar tais quest\u00f5es. Al\u00e9m disso, ao alterar a carga hor\u00e1ria m\u00ednima, a Portaria n\u00ba 983 lesaria e dificultaria o desenvolvimento de pesquisas e de projetos de extens\u00e3o, uma vez que os professores deteriam menos tempo para tais \u00e1reas, devido ao aumento de suas horas em sala de aula.<\/p>\n\n\n\n<p>Outros pontos problem\u00e1ticos da Portaria, destacados pelo sindicato, est\u00e3o relacionados \u00e0 sobrecarga de trabalho aos professores e \u00e0 falta de di\u00e1logo entre o MEC e representa\u00e7\u00f5es docentes para elabora\u00e7\u00e3o da proposta.<\/p>\n\n\n\n<p><\/p>\n\n\n\n<h2 class=\"wp-block-heading\"><strong>Conhe\u00e7a mais sobre os convidados da <em>live<\/em><\/strong><\/h2>\n\n\n\n<p><strong>Carla Comerlato Jardim:<\/strong> Doutora em Zootecnia pela Universidade Federal de Pelotas-RS; Mestre em Educa\u00e7\u00e3o Agr\u00edcola pela Universidade Federal Rural do Rio de Janeiro; Graduada em Medicina Veterin\u00e1ria pela Pontif\u00edcia Universidade Cat\u00f3lica do Rio Grande do Sul; Licenciada em Zootecnia e Especialista em Organiza\u00e7\u00e3o Escolar pela Funda\u00e7\u00e3o Educacional de Alegrete-RS. Desempenhou atividade profissional predominante como docente da Educa\u00e7\u00e3o Profissional e Tecnol\u00f3gica, \u00e1rea de Zootecnia, e no exerc\u00edcio de cargos de gest\u00e3o no Instituto Federal de Educa\u00e7\u00e3o, Ci\u00eancia e Tecnologia Farroupilha\/RS. Foi Diretora Geral do Campus Alegrete do IF Farroupilha\/RS por dois mandatos consecutivos (2003\/2007 e 2007\/2011) e, por vinte anos, docente em cursos t\u00e9cnicos, de gradua\u00e7\u00e3o e p\u00f3s-gradua\u00e7\u00e3o. Exerceu diversos cargos de gest\u00e3o no IF Farroupilha-Campus Alegrete, onde coordenou e atuou em diversos projetos de extens\u00e3o e de pesquisa. Foi reitora eleita do Instituto Federal Farroupilha\/RS por dois mandatos consecutivos, 2012\/2016 e 2016\/2021, com sede em Santa Maria\/RS. Participou da diretoria do Conselho Nacional das Institui\u00e7\u00f5es Federais de Ensino (CONIF), onde coordenou a C\u00e2mara de Desenvolvimento Institucional e atuou em diversos grupos de trabalho designados pelo Minist\u00e9rio da Educa\u00e7\u00e3o, na condi\u00e7\u00e3o de representante do CONIF. Desde fevereiro de 2021, ap\u00f3s o t\u00e9rmino do segundo mandato como reitora do IFFar, passou \u00e0 condi\u00e7\u00e3o de professora de EBTT aposentada. Atualmente, ministra palestras e participa de eventos relacionados \u00e0 Educa\u00e7\u00e3o Profissional e Tecnol\u00f3gica.<\/p>\n\n\n\n<p><\/p>\n\n\n\n<p><strong>Jeferson Lopes Queiroz:<\/strong> Mestre em Ci\u00eancias da Sa\u00fade pela Universidade Franciscana e licenciado em Educa\u00e7\u00e3o F\u00edsica. Professor do Campus Alegrete desde 2011. Atualmente, est\u00e1 como presidente da Comiss\u00e3o Permanente de Pessoal Docente \u2013 CPPD do IFFar, onde atua desde 2008.<\/p>\n\n\n\n<p><\/p>\n\n\n\n<p><strong>Carlos Rodrigo Lehn:<\/strong> Graduado em Ci\u00eancias Biol\u00f3gicas pela Unisinos de S\u00e3o Leopoldo; Mestre em Biologia Vegetal pela UFMS e Doutor em Ci\u00eancias Biol\u00f3gicas pela Universidade Estadual de Londrina.<\/p>\n\n\n\n<p>Na Rede Federal desde 2011; no IFFAR desde 2013, atuando em cursos de n\u00edvel m\u00e9dio, superior e na P\u00f3s-Gradua\u00e7\u00e3o. Atualmente, \u00e9 Pr\u00f3-Reitor de Desenvolvimento Institucional. Desenvolve a\u00e7\u00f5es de Pesquisa e Extens\u00e3o, em especial projetos voltados para o melhor conhecimento da biodiversidade e difus\u00e3o de boas pr\u00e1ticas ambientais.<\/p>\n\n\n\n<p><\/p>\n\n\n\n<p><strong>Heverton Renato Monteiro Padilha:<\/strong> Advogado, especialista em direito p\u00fablico e trabalhista, s\u00f3cio do escrit\u00f3rio Wagner Advogados Associados, que possui atua\u00e7\u00e3o de mais de 30 anos na defesa exclusiva de trabalhadores. Atualmente, o escrit\u00f3rio assessora v\u00e1rias entidades representativas de trabalhadores de cunho regional e nacional, dentre elas o Sinasefe Sindicato Nacional e a Se\u00e7\u00e3o Sindical de Santa Maria.<\/p>\n\n\n\n<p><\/p>\n\n\n\n<p><\/p>\n\n\n\n<p>N\u00e3o deixe de acompanhar a <em>live<\/em> nesta quinta-feira. Sua participa\u00e7\u00e3o \u00e9 essencial para o nosso debate. Inclusive, quem desejar, pode enviar perguntas pr\u00e9vias, para serem respondidas durante o evento, atrav\u00e9s de nosso Facebook ou email (sinasefesm@gmail.com).<\/p>\n\n\n\n<p><\/p>\n\n\n\n<p><em>Texto: Laurent Keller<\/em><\/p>\n\n\n\n<p><em>Revis\u00e3o: Bruna Homrich<\/em><\/p>\n","protected":false},"excerpt":{"rendered":"<p>Nesta quinta-feira, 21, o Sinasefe-SM promove uma live em sua p\u00e1gina do Facebook e canal do YouTube sobre os impactos da Portaria n\u00ba 983\/2020 na educa\u00e7\u00e3o federal. O evento iniciar\u00e1 \u00e0s 17h e ser\u00e1 mediado por Lucas Martins Flores, docente do Instituto Federal Farroupilha &#8211; campus de Jaguari, concretizando a parceria entre a se\u00e7\u00e3o sindical<\/p>\n","protected":false},"author":5,"featured_media":4052,"comment_status":"closed","ping_status":"closed","sticky":false,"template":"","format":"standard","meta":{"footnotes":""},"categories":[37,39,40],"tags":[154,163,167,194],"class_list":{"0":"post-4051","1":"post","2":"type-post","3":"status-publish","4":"format-standard","5":"has-post-thumbnail","7":"category-destaque","8":"category-eventos","9":"category-live","10":"tag-instituto-federal","11":"tag-live","12":"tag-mec","13":"tag-portaria-no-983"},"_links":{"self":[{"href":"https:\/\/sinasefesm.com\/index.php\/wp-json\/wp\/v2\/posts\/4051","targetHints":{"allow":["GET"]}}],"collection":[{"href":"https:\/\/sinasefesm.com\/index.php\/wp-json\/wp\/v2\/posts"}],"about":[{"href":"https:\/\/sinasefesm.com\/index.php\/wp-json\/wp\/v2\/types\/post"}],"author":[{"embeddable":true,"href":"https:\/\/sinasefesm.com\/index.php\/wp-json\/wp\/v2\/users\/5"}],"replies":[{"embeddable":true,"href":"https:\/\/sinasefesm.com\/index.php\/wp-json\/wp\/v2\/comments?post=4051"}],"version-history":[{"count":0,"href":"https:\/\/sinasefesm.com\/index.php\/wp-json\/wp\/v2\/posts\/4051\/revisions"}],"wp:featuredmedia":[{"embeddable":true,"href":"https:\/\/sinasefesm.com\/index.php\/wp-json\/wp\/v2\/media\/4052"}],"wp:attachment":[{"href":"https:\/\/sinasefesm.com\/index.php\/wp-json\/wp\/v2\/media?parent=4051"}],"wp:term":[{"taxonomy":"category","embeddable":true,"href":"https:\/\/sinasefesm.com\/index.php\/wp-json\/wp\/v2\/categories?post=4051"},{"taxonomy":"post_tag","embeddable":true,"href":"https:\/\/sinasefesm.com\/index.php\/wp-json\/wp\/v2\/tags?post=4051"}],"curies":[{"name":"wp","href":"https:\/\/api.w.org\/{rel}","templated":true}]}}