{"id":4074,"date":"2021-10-28T20:18:04","date_gmt":"2021-10-28T20:18:04","guid":{"rendered":"https:\/\/sinasefesm.com\/?p=4074"},"modified":"2021-10-28T20:18:04","modified_gmt":"2021-10-28T20:18:04","slug":"28-10-dia-dos-servidores-publicos-que-celebram-a-data-em-meio-a-luta-por-direitos","status":"publish","type":"post","link":"https:\/\/sinasefesm.com\/index.php\/2021\/10\/28\/28-10-dia-dos-servidores-publicos-que-celebram-a-data-em-meio-a-luta-por-direitos\/","title":{"rendered":"28\/10: Dia dos Servidores P\u00fablicos, que celebram a data em meio a luta por direitos"},"content":{"rendered":"\n<p>Neste 28 de outubro, o Sinasefe de Santa Maria reconhece e valoriza o empenho e a dedica\u00e7\u00e3o dos(as) servidores(as) p\u00fablicos(as) brasileiros(as), especialmente os(as) da educa\u00e7\u00e3o federal, em servir \u00e0 sociedade e garantir o seu bom funcionamento, ainda que em meio a ataques e constantes tentativas de sucateamento do servi\u00e7o p\u00fablico por parte do governo.<\/p>\n\n\n\n<p>E a luta mais importante assumida pelo funcionalismo no \u00faltimo per\u00edodo tem sido a resist\u00eancia contra a Proposta de Emenda \u00e0 Constitui\u00e7\u00e3o (PEC) 32\/20, que prev\u00ea a <a href=\"https:\/\/sinasefesm.com\/pec-32-desmonta-protecao-social-no-brasil-alertam-debatedores-em-live-do-sinasefe\/\">Reforma Administrativa<\/a> e representa um duro golpe para o Estado brasileiro, seus servidores e servidoras e toda a popula\u00e7\u00e3o que depende de servi\u00e7os p\u00fablicos nas \u00e1reas de educa\u00e7\u00e3o, sa\u00fade, seguran\u00e7a, previd\u00eancia e saneamento, entre outras.<\/p>\n\n\n\n<p>H\u00e1 diversas semanas, o funcionalismo tem se mantido mobilizado em Bras\u00edlia, promovendo atos em aeroportos, nos gabinetes parlamentares e tamb\u00e9m em frente \u00e0 C\u00e2mara de Deputados, a fim de pressionar parlamentares para que se posicionem contr\u00e1rios \u00e0 PEC quando esta entrar em vota\u00e7\u00e3o no Plen\u00e1rio da Casa. Inclusive, conforme an\u00e1lise divulgada no <a href=\"https:\/\/sinasefe.org.br\/site\/a-luta-ostensiva-continua-todasos-a-6a-jornada-de-lutas\/\" target=\"_blank\" rel=\"noreferrer noopener\">site nacional do Sinasefe<\/a>, a avalia\u00e7\u00e3o promovida pelo Fonasefe (F\u00f3rum das Entidades Nacionais dos Servidores P\u00fablicos Federais) e por parlamentares dos partidos de esquerda \u00e9 de que o governo ainda n\u00e3o tem os 308 votos necess\u00e1rios para aprovar a PEC em dois turnos na C\u00e2mara. Por este motivo, o presidente da Casa, Arthur Lira, ainda n\u00e3o teria colocado a PEC em vota\u00e7\u00e3o.<\/p>\n\n\n\n<p>\u00c9 devido aos esfor\u00e7os desses(as) servidores(as) p\u00fablicos(as) em pressionar os(as) deputados(as) diariamente na capital, que a Reforma Administrativa ainda n\u00e3o entrou em vota\u00e7\u00e3o na C\u00e2mara. Ao deixarem suas cidades, fam\u00edlias e rotinas para irem at\u00e9 Bras\u00edlia impedir que a PEC 32 avance, eles refor\u00e7am seu compromisso primordial em preservar o patrim\u00f4nio p\u00fablico.<\/p>\n\n\n\n<p>Roselene Pommer, Secret\u00e1ria de Comunica\u00e7\u00e3o, Forma\u00e7\u00e3o Pol\u00edtica e Sindical, comenta que o(a) servidor(a) p\u00fablico(a) \u00e9 aquele que serve aos interesses coletivos.<\/p>\n\n\n\n<blockquote class=\"wp-block-quote is-layout-flow wp-block-quote-is-layout-flow\"><p><em>\u201cEm um sistema republicano, como \u00e9 o caso brasileiro, o servidor p\u00fablico compromete-se em atender a \u201ccoisa p\u00fablica\u201d, aos interesses da Res Publica atrav\u00e9s da presta\u00e7\u00e3o de servi\u00e7os como, por exemplo, os educacionais. Sua fun\u00e7\u00e3o social \u00e9 de extrema relev\u00e2ncia pois \u00e9 este servidor, o p\u00fablico, que est\u00e1, cotidianamente, em contato com a popula\u00e7\u00e3o que, com a gera\u00e7\u00e3o de seus tributos, paga seus sal\u00e1rios. O servidor p\u00fablico, ent\u00e3o, n\u00e3o \u00e9 funcion\u00e1rio deste ou daquele governo, \u00e9 funcion\u00e1rio do povo brasileiro. \u00c9 a este que ele deve atender e prestar contas e \u00e9 somente este que apresenta condi\u00e7\u00f5es para avaliar seus servi\u00e7os\u201d, <\/em>comenta a dirigente.<\/p><\/blockquote>\n\n\n\n<p><\/p>\n\n\n\n<h2 class=\"wp-block-heading\"><strong>O qu\u00e3o importante s\u00e3o os servidores p\u00fablicos?<\/strong><\/h2>\n\n\n\n<p>Os(as) servidores(as) p\u00fablicos(as) est\u00e3o presentes em diversas \u00e1reas de atua\u00e7\u00e3o por todo pa\u00eds: nos hospitais, nas escolas, na seguran\u00e7a dos sistemas penitenci\u00e1rios, nas universidades produzindo ci\u00eancia, e em diversas outras esferas. No entanto, apesar de serem fundamentais para a sociedade, algumas pessoas n\u00e3o reconhecem a relev\u00e2ncia do servi\u00e7o p\u00fablico no Brasil. Por isso, trouxemos n\u00fameros que revelam o qu\u00e3o necess\u00e1rios s\u00e3o o funcionalismo e o servi\u00e7o p\u00fablico para o Brasil:<\/p>\n\n\n\n<div class=\"wp-block-media-text alignwide has-media-on-the-right is-stacked-on-mobile\" style=\"grid-template-columns:auto 41%\"><figure class=\"wp-block-media-text__media\"><img fetchpriority=\"high\" decoding=\"async\" width=\"1080\" height=\"1080\" src=\"https:\/\/sinasefesm.com\/wp-content\/uploads\/2021\/10\/90-da-ciencia-brasileira-e-produzida-nas-universidades-publicas-2.png\" alt=\"\" class=\"wp-image-4079 size-full\" srcset=\"https:\/\/sinasefesm.com\/wp-content\/uploads\/2021\/10\/90-da-ciencia-brasileira-e-produzida-nas-universidades-publicas-2.png 1080w, https:\/\/sinasefesm.com\/wp-content\/uploads\/2021\/10\/90-da-ciencia-brasileira-e-produzida-nas-universidades-publicas-2-300x300.png 300w, https:\/\/sinasefesm.com\/wp-content\/uploads\/2021\/10\/90-da-ciencia-brasileira-e-produzida-nas-universidades-publicas-2-1024x1024.png 1024w, https:\/\/sinasefesm.com\/wp-content\/uploads\/2021\/10\/90-da-ciencia-brasileira-e-produzida-nas-universidades-publicas-2-150x150.png 150w, https:\/\/sinasefesm.com\/wp-content\/uploads\/2021\/10\/90-da-ciencia-brasileira-e-produzida-nas-universidades-publicas-2-768x768.png 768w, https:\/\/sinasefesm.com\/wp-content\/uploads\/2021\/10\/90-da-ciencia-brasileira-e-produzida-nas-universidades-publicas-2-450x450.png 450w\" sizes=\"(max-width: 1080px) 100vw, 1080px\" \/><\/figure><div class=\"wp-block-media-text__content\">\n<p class=\"has-normal-font-size\">Durante a pandemia, as universidades p\u00fablicas estiveram \u00e0 frente na produ\u00e7\u00e3o de \u00e1lcool em gel, prote\u00e7\u00f5es faciais, produtos sanitizantes, pesquisas relacionadas ao coronav\u00edrus e no estudo de vacinas \u2013 al\u00e9m de todo o desenvolvimento cient\u00edfico envolvendo outras \u00e1reas.<\/p>\n<\/div><\/div>\n\n\n\n<div class=\"wp-block-media-text alignwide is-stacked-on-mobile\" style=\"grid-template-columns:41% auto\"><figure class=\"wp-block-media-text__media\"><img decoding=\"async\" width=\"1080\" height=\"1080\" src=\"https:\/\/sinasefesm.com\/wp-content\/uploads\/2021\/10\/90-da-ciencia-brasileira-e-produzida-nas-universidades-publicas-1-1.png\" alt=\"\" class=\"wp-image-4078 size-full\" srcset=\"https:\/\/sinasefesm.com\/wp-content\/uploads\/2021\/10\/90-da-ciencia-brasileira-e-produzida-nas-universidades-publicas-1-1.png 1080w, https:\/\/sinasefesm.com\/wp-content\/uploads\/2021\/10\/90-da-ciencia-brasileira-e-produzida-nas-universidades-publicas-1-1-300x300.png 300w, https:\/\/sinasefesm.com\/wp-content\/uploads\/2021\/10\/90-da-ciencia-brasileira-e-produzida-nas-universidades-publicas-1-1-1024x1024.png 1024w, https:\/\/sinasefesm.com\/wp-content\/uploads\/2021\/10\/90-da-ciencia-brasileira-e-produzida-nas-universidades-publicas-1-1-150x150.png 150w, https:\/\/sinasefesm.com\/wp-content\/uploads\/2021\/10\/90-da-ciencia-brasileira-e-produzida-nas-universidades-publicas-1-1-768x768.png 768w, https:\/\/sinasefesm.com\/wp-content\/uploads\/2021\/10\/90-da-ciencia-brasileira-e-produzida-nas-universidades-publicas-1-1-450x450.png 450w\" sizes=\"(max-width: 1080px) 100vw, 1080px\" \/><\/figure><div class=\"wp-block-media-text__content\">\n<p class=\"has-normal-font-size\">Docentes da rede p\u00fablica s\u00e3o respons\u00e1veis por ensinar a grande maioria das crian\u00e7as e adolescentes, garantindo que esses brasileiros recebam educa\u00e7\u00e3o gratuita de qualidade e posteriormente tenham melhores chances de se inserirem no mundo do trabalho.<\/p>\n<\/div><\/div>\n\n\n\n<div class=\"wp-block-media-text alignwide has-media-on-the-right is-stacked-on-mobile\" style=\"grid-template-columns:auto 41%\"><figure class=\"wp-block-media-text__media\"><img decoding=\"async\" width=\"1080\" height=\"1080\" src=\"https:\/\/sinasefesm.com\/wp-content\/uploads\/2021\/10\/90-da-ciencia-brasileira-e-produzida-nas-universidades-publicas-2-1.png\" alt=\"\" class=\"wp-image-4080 size-full\" srcset=\"https:\/\/sinasefesm.com\/wp-content\/uploads\/2021\/10\/90-da-ciencia-brasileira-e-produzida-nas-universidades-publicas-2-1.png 1080w, https:\/\/sinasefesm.com\/wp-content\/uploads\/2021\/10\/90-da-ciencia-brasileira-e-produzida-nas-universidades-publicas-2-1-300x300.png 300w, https:\/\/sinasefesm.com\/wp-content\/uploads\/2021\/10\/90-da-ciencia-brasileira-e-produzida-nas-universidades-publicas-2-1-1024x1024.png 1024w, https:\/\/sinasefesm.com\/wp-content\/uploads\/2021\/10\/90-da-ciencia-brasileira-e-produzida-nas-universidades-publicas-2-1-150x150.png 150w, https:\/\/sinasefesm.com\/wp-content\/uploads\/2021\/10\/90-da-ciencia-brasileira-e-produzida-nas-universidades-publicas-2-1-768x768.png 768w, https:\/\/sinasefesm.com\/wp-content\/uploads\/2021\/10\/90-da-ciencia-brasileira-e-produzida-nas-universidades-publicas-2-1-450x450.png 450w\" sizes=\"(max-width: 1080px) 100vw, 1080px\" \/><\/figure><div class=\"wp-block-media-text__content\">\n<p class=\"has-normal-font-size\">Al\u00e9m dos hospitais e unidades de sa\u00fade, o SUS ainda impacta toda popula\u00e7\u00e3o brasileira por atuar nas \u00e1reas de: vigil\u00e2ncia sanit\u00e1ria, respons\u00e1vel por fiscalizar estabelecimentos aliment\u00edcios; de sa\u00fade; de medicamentos e de cosm\u00e9ticos; tratamento da \u00e1gua; vigil\u00e2ncia epidemiol\u00f3gica; distribui\u00e7\u00e3o de vacinas; etc.<\/p>\n<\/div><\/div>\n\n\n\n<p><\/p>\n\n\n\n<p><em>Texto: Laurent Keller<\/em><\/p>\n\n\n\n<p><em>Revis\u00e3o: Bruna Horich<\/em><\/p>\n","protected":false},"excerpt":{"rendered":"<p>Neste 28 de outubro, o Sinasefe de Santa Maria reconhece e valoriza o empenho e a dedica\u00e7\u00e3o dos(as) servidores(as) p\u00fablicos(as) brasileiros(as), especialmente os(as) da educa\u00e7\u00e3o federal, em servir \u00e0 sociedade e garantir o seu bom funcionamento, ainda que em meio a ataques e constantes tentativas de sucateamento do servi\u00e7o p\u00fablico por parte do governo. E<\/p>\n","protected":false},"author":5,"featured_media":4081,"comment_status":"closed","ping_status":"closed","sticky":false,"template":"","format":"standard","meta":{"footnotes":""},"categories":[37,42],"tags":[103,184,206,213],"class_list":{"0":"post-4074","1":"post","2":"type-post","3":"status-publish","4":"format-standard","5":"has-post-thumbnail","7":"category-destaque","8":"category-noticia","9":"tag-dia-do-servidor-publico","10":"tag-pec-32-20","11":"tag-reforma-administrativa","12":"tag-servico-publico"},"_links":{"self":[{"href":"https:\/\/sinasefesm.com\/index.php\/wp-json\/wp\/v2\/posts\/4074","targetHints":{"allow":["GET"]}}],"collection":[{"href":"https:\/\/sinasefesm.com\/index.php\/wp-json\/wp\/v2\/posts"}],"about":[{"href":"https:\/\/sinasefesm.com\/index.php\/wp-json\/wp\/v2\/types\/post"}],"author":[{"embeddable":true,"href":"https:\/\/sinasefesm.com\/index.php\/wp-json\/wp\/v2\/users\/5"}],"replies":[{"embeddable":true,"href":"https:\/\/sinasefesm.com\/index.php\/wp-json\/wp\/v2\/comments?post=4074"}],"version-history":[{"count":0,"href":"https:\/\/sinasefesm.com\/index.php\/wp-json\/wp\/v2\/posts\/4074\/revisions"}],"wp:featuredmedia":[{"embeddable":true,"href":"https:\/\/sinasefesm.com\/index.php\/wp-json\/wp\/v2\/media\/4081"}],"wp:attachment":[{"href":"https:\/\/sinasefesm.com\/index.php\/wp-json\/wp\/v2\/media?parent=4074"}],"wp:term":[{"taxonomy":"category","embeddable":true,"href":"https:\/\/sinasefesm.com\/index.php\/wp-json\/wp\/v2\/categories?post=4074"},{"taxonomy":"post_tag","embeddable":true,"href":"https:\/\/sinasefesm.com\/index.php\/wp-json\/wp\/v2\/tags?post=4074"}],"curies":[{"name":"wp","href":"https:\/\/api.w.org\/{rel}","templated":true}]}}