{"id":4085,"date":"2021-11-04T15:05:09","date_gmt":"2021-11-04T15:05:09","guid":{"rendered":"http:\/\/sinasefesm.com\/?p=4085"},"modified":"2021-11-04T15:05:09","modified_gmt":"2021-11-04T15:05:09","slug":"sinasefe-sm-define-delegados-que-representarao-o-sindicato-na-169a-plenaria-nacional","status":"publish","type":"post","link":"https:\/\/sinasefesm.com\/index.php\/2021\/11\/04\/sinasefe-sm-define-delegados-que-representarao-o-sindicato-na-169a-plenaria-nacional\/","title":{"rendered":"Sinasefe-SM define delegados que representar\u00e3o o sindicato na 169\u00aa Plen\u00e1ria Nacional"},"content":{"rendered":"\n<p>Na \u00faltima quarta-feira, dia 3, a se\u00e7\u00e3o sindical de Santa Maria elegeu, em assembleia <em>online<\/em>, os delegados que participar\u00e3o da <a href=\"https:\/\/sinasefe.org.br\/site\/169a-plenaria-nacional-do-sinasefe\/\" target=\"_blank\" rel=\"noreferrer noopener\">169\u00aa Plen\u00e1ria Nacional do Sinasefe<\/a>, marcada para este s\u00e1bado, 6 de novembro. A delibera\u00e7\u00e3o foi feita a partir de vota\u00e7\u00e3o un\u00e2nime, que apontou para os nomes de Jos\u00e9 Ab\u00edlio de Freitas e Cl\u00e1udio Renato Kelling.<\/p>\n\n\n\n<p>A Plen\u00e1ria de s\u00e1bado ocorrer\u00e1 pela plataforma virtual <em>Zoom<\/em>, contando com representantes sindicais de todo pa\u00eds. Dentre as pautas a serem discutidas, destacam-se: a <a href=\"https:\/\/sinasefesm.com\/pec-32-desmonta-protecao-social-no-brasil-alertam-debatedores-em-live-do-sinasefe\/\">Reforma Administrativa (PEC 32\/2020)<\/a>; os atos Fora Bolsonaro; o <a href=\"https:\/\/sinasefesm.com\/comunidade-academica-mobiliza-se-contra-o-reordenamento-dos-institutos-federais\/\">Reordenamento dos Institutos Federais<\/a>; a <a href=\"https:\/\/sinasefesm.com\/entraves-da-portaria-no-983-sao-discutidos-em-live-promovida-pelo-sinasefe-sm\/\">Portaria 983\/2020<\/a>; o reajuste salarial; o Congresso Eleitoral e a Prorroga\u00e7\u00e3o de Mandato.<\/p>\n\n\n\n<p><\/p>\n\n\n\n<h2 class=\"wp-block-heading\"><strong>Programa\u00e7\u00e3o da Plen\u00e1ria<\/strong><\/h2>\n\n\n\n<p>Confira abaixo a programa\u00e7\u00e3o do evento, disponibilizada no site do Sinasefe Nacional:<\/p>\n\n\n\n<p><strong>08:00 \u2013 10:00<\/strong> Confirma\u00e7\u00e3o, pelo chat, do credenciamento feito antecipadamente por e-mail<\/p>\n\n\n\n<p><strong>09:00 \u2013 09:30<\/strong> Informes da DN<\/p>\n\n\n\n<p><strong>09:30 \u2013 12:00<\/strong> Informes das se\u00e7\u00f5es sindicais<\/p>\n\n\n\n<p><strong>12:00 \u2013 13:30<\/strong> Intervalo do almo\u00e7o<\/p>\n\n\n\n<p><strong>13:30 \u2013 16:30<\/strong> Discuss\u00e3o sobre conjuntura e as lutas da categoria: Reforma Administrativa (PEC 32\/2020), Fora Bolsonaro, Reordenamento dos Institutos Federais, Portaria 983\/2020 e reajuste salarial<\/p>\n\n\n\n<p><strong>16:30 \u2013 18:00<\/strong> Congresso Eleitoral e Prorroga\u00e7\u00e3o de Mandato<\/p>\n\n\n\n<p><strong>18:00 \u2013 19:00<\/strong> Encaminhamentos com defesa e vota\u00e7\u00e3o das propostas<\/p>\n\n\n\n<p><\/p>\n\n\n\n<p><em>Texto: Laurent Keller<\/em><\/p>\n\n\n\n<p><em>Revis\u00e3o: Bruna Homrich<\/em><\/p>\n","protected":false},"excerpt":{"rendered":"<p>Na \u00faltima quarta-feira, dia 3, a se\u00e7\u00e3o sindical de Santa Maria elegeu, em assembleia online, os delegados que participar\u00e3o da 169\u00aa Plen\u00e1ria Nacional do Sinasefe, marcada para este s\u00e1bado, 6 de novembro. A delibera\u00e7\u00e3o foi feita a partir de vota\u00e7\u00e3o un\u00e2nime, que apontou para os nomes de Jos\u00e9 Ab\u00edlio de Freitas e Cl\u00e1udio Renato Kelling.<\/p>\n","protected":false},"author":5,"featured_media":4086,"comment_status":"closed","ping_status":"closed","sticky":false,"template":"","format":"standard","meta":{"footnotes":""},"categories":[37,39,42],"tags":[52,59],"class_list":{"0":"post-4085","1":"post","2":"type-post","3":"status-publish","4":"format-standard","5":"has-post-thumbnail","7":"category-destaque","8":"category-eventos","9":"category-noticia","10":"tag-169a-plenaria-nacional","11":"tag-assembleia"},"_links":{"self":[{"href":"https:\/\/sinasefesm.com\/index.php\/wp-json\/wp\/v2\/posts\/4085","targetHints":{"allow":["GET"]}}],"collection":[{"href":"https:\/\/sinasefesm.com\/index.php\/wp-json\/wp\/v2\/posts"}],"about":[{"href":"https:\/\/sinasefesm.com\/index.php\/wp-json\/wp\/v2\/types\/post"}],"author":[{"embeddable":true,"href":"https:\/\/sinasefesm.com\/index.php\/wp-json\/wp\/v2\/users\/5"}],"replies":[{"embeddable":true,"href":"https:\/\/sinasefesm.com\/index.php\/wp-json\/wp\/v2\/comments?post=4085"}],"version-history":[{"count":0,"href":"https:\/\/sinasefesm.com\/index.php\/wp-json\/wp\/v2\/posts\/4085\/revisions"}],"wp:featuredmedia":[{"embeddable":true,"href":"https:\/\/sinasefesm.com\/index.php\/wp-json\/wp\/v2\/media\/4086"}],"wp:attachment":[{"href":"https:\/\/sinasefesm.com\/index.php\/wp-json\/wp\/v2\/media?parent=4085"}],"wp:term":[{"taxonomy":"category","embeddable":true,"href":"https:\/\/sinasefesm.com\/index.php\/wp-json\/wp\/v2\/categories?post=4085"},{"taxonomy":"post_tag","embeddable":true,"href":"https:\/\/sinasefesm.com\/index.php\/wp-json\/wp\/v2\/tags?post=4085"}],"curies":[{"name":"wp","href":"https:\/\/api.w.org\/{rel}","templated":true}]}}