{"id":4089,"date":"2021-11-09T20:25:45","date_gmt":"2021-11-09T20:25:45","guid":{"rendered":"https:\/\/sinasefesm.com\/?p=4089"},"modified":"2021-11-09T20:25:45","modified_gmt":"2021-11-09T20:25:45","slug":"politecnico-e-ctism-retomam-aulas-presenciais-mas-apontam-preocupacoes-com-seguranca-sanitaria","status":"publish","type":"post","link":"https:\/\/sinasefesm.com\/index.php\/2021\/11\/09\/politecnico-e-ctism-retomam-aulas-presenciais-mas-apontam-preocupacoes-com-seguranca-sanitaria\/","title":{"rendered":"Polit\u00e9cnico e Ctism retomam aulas presenciais, mas apontam preocupa\u00e7\u00f5es com seguran\u00e7a sanit\u00e1ria"},"content":{"rendered":"\n<p>O Col\u00e9gio Polit\u00e9cnico retomou as aulas presenciais nesta ter\u00e7a-feira, 9 de novembro, e o Col\u00e9gio T\u00e9cnico-Industrial de Santa Maria (Ctism) retornou \u00e0 presencialidade na segunda, 8 &#8211; ambos em meio a algumas incertezas e ang\u00fastias por parte de docentes, estudantes e familiares.<\/p>\n\n\n\n<p>Um dos motivos que gera inseguran\u00e7a na comunidade escolar \u00e9 o fato de a maioria dos alunos e alunas n\u00e3o estarem com o esquema vacinal completo, ou seja, com a segunda dose da vacina contra a Covid-19. \u00c9 apenas 15 dias ap\u00f3s o refor\u00e7o do imunizante que a protetividade contra o v\u00edrus \u00e9 efetiva.<\/p>\n\n\n\n<p>Cl\u00e1udia Amaral, Secret\u00e1ria Geral do Sinasefe Santa Maria, lembra que na UFSM, ao contr\u00e1rio de em outras universidades com a UFRGS ou a FURG (Rio Grande), n\u00e3o se pode exigir o passaporte vacinal, de forma que n\u00e3o h\u00e1 garantia de que, nos ambientes coletivos da universidade, transitem e convivam apenas pessoas j\u00e1 imunizadas.<\/p>\n\n\n\n<p>Os e as estudantes que retornam agora tamb\u00e9m n\u00e3o possuir\u00e3o acesso \u00e0s refei\u00e7\u00f5es do Restaurante Universit\u00e1rio \u2013 visto que a estrutura ainda se encontra fechada, nem \u00e0 maior parte dos bebedouros. No Polit\u00e9cnico, por exemplo, s\u00f3 ter\u00e1 um bebedouro para a comunidade. A impress\u00e3o \u00e9 de que a universidade est\u00e1 voltando aos poucos, por\u00e9m&nbsp; n\u00e3o h\u00e1 um plano coletivo e coeso que d\u00ea conta de garantir a estrutura necess\u00e1ria a uma presencialidade de qualidade.<\/p>\n\n\n\n<p>Frente a esse cen\u00e1rio, o Polit\u00e9cnico deliberou que o retorno presencial ser\u00e1 facultativo aos e \u00e0s estudantes. Assim, as aulas ocorrer\u00e3o no campus da UFSM para aqueles e aquelas que voltarem, mas tamb\u00e9m ser\u00e3o transmitidas online para quem necessitar seguir no modelo remoto.<\/p>\n\n\n\n<p>Isso tamb\u00e9m traz algumas preocupa\u00e7\u00f5es. \u201cCertamente a qualidade do som, principalmente para quem estar\u00e1 em casa, fica um pouco prejudicada. Depende, por exemplo, dos ru\u00eddos da sala, dos ecos. Os pais tamb\u00e9m demonstraram preocupa\u00e7\u00e3o quanto \u00e0 avalia\u00e7\u00e3o \u2013 como ser\u00e1 para os que est\u00e3o presencialmente e para os que est\u00e3o em casa. Isso ainda n\u00e3o est\u00e1 resolvido tamb\u00e9m. Precisa ser melhor discutido\u201d, compartilha a dirigente do Sinasefe. J\u00e1 aos e \u00e0s docentes o retorno ser\u00e1 obrigat\u00f3rio \u2013 excetuando-se aqueles e aquelas portadores de comorbidades, ou com mais de 60 anos.<\/p>\n\n\n\n<p>O retorno das aulas no Poli e no Ctism obedece decreto estadual emitido pelo governador Eduardo Leite e que previa a obrigatoriedade de aulas presenciais em escolas p\u00fablicas ga\u00fachas a partir da segunda, 8 de novembro. O entendimento da Assessoria Jur\u00eddica da UFSM foi de que os col\u00e9gios federais, por serem p\u00fablicos, tamb\u00e9m deveriam atender \u00e0 determina\u00e7\u00e3o do governo do estado.<\/p>\n\n\n\n<p>Contudo, o tempo de preparo para o retorno foi apertado. \u201cAchamos que poder\u00edamos ter esperado um pouquinho mais. Em algumas escolas p\u00fablicas o retorno ser\u00e1 s\u00f3 no dia 16, para que se possa preparar melhor o ambiente e os servidores. Tamb\u00e9m n\u00e3o tivemos o preparo emocional para esse retorno\u201d, complementa Cl\u00e1udia.<\/p>\n\n\n\n<p><strong>For\u00e7a-tarefa<\/strong><\/p>\n\n\n\n<figure class=\"wp-block-image size-full\"><img fetchpriority=\"high\" decoding=\"async\" width=\"768\" height=\"261\" src=\"https:\/\/sinasefesm.com\/wp-content\/uploads\/2021\/11\/Tecnico-industrial-1-768x261-1.jpg\" alt=\"\" class=\"wp-image-4095\" srcset=\"https:\/\/sinasefesm.com\/wp-content\/uploads\/2021\/11\/Tecnico-industrial-1-768x261-1.jpg 768w, https:\/\/sinasefesm.com\/wp-content\/uploads\/2021\/11\/Tecnico-industrial-1-768x261-1-300x102.jpg 300w, https:\/\/sinasefesm.com\/wp-content\/uploads\/2021\/11\/Tecnico-industrial-1-768x261-1-150x51.jpg 150w, https:\/\/sinasefesm.com\/wp-content\/uploads\/2021\/11\/Tecnico-industrial-1-768x261-1-450x153.jpg 450w\" sizes=\"(max-width: 768px) 100vw, 768px\" \/><\/figure>\n\n\n\n<p>Ad\u00e3o Damasceno, t\u00e9cnico-administrativo lotado no Ctism e Secret\u00e1rio de Carreira e de Rela\u00e7\u00e3o de Trabalho do Sinasefe Santa Maria, explica que sua unidade vinha organizando o retorno presencial para o m\u00eas de janeiro. Contudo, o novo decreto estadual acelerou o processo, encurtando o tempo para promover as adequa\u00e7\u00f5es necess\u00e1rias.<\/p>\n\n\n\n<p>\u201cDe modo geral, organizou-se, junto aos coordenadores e professores, um cronograma de retorno, variando conforme a modalidade. Assim, por exemplo, os cursos t\u00e9cnicos integrados ao ensino m\u00e9dio continuar\u00e3o a ter aulas virtuais e, no contraturno, passar\u00e3o a ter as aulas presenciais. Por sua vez, nos cursos t\u00e9cnicos subsequentes e EJA-EPT, as aulas pr\u00e1ticas presenciais ocorrer\u00e3o no turno regular, em dias espec\u00edficos. Evidentemente, a volta \u00e0 presencialidade obedecer\u00e1 aos protocolos de seguran\u00e7a contra a Covid-19, mormente o Manual de Biosseguran\u00e7a da UFSM, com disponibiliza\u00e7\u00e3o de \u00e1lcool em gel, uso obrigat\u00f3rio de m\u00e1scaras e distanciamento\u201d, explica o dirigente.<\/p>\n\n\n\n<p>Se o Ctism conseguiu, ainda que aceleradamente, dar conta de condi\u00e7\u00f5es m\u00ednimas de seguran\u00e7a, \u00e9 porque o col\u00e9gio, como um todo, construiu uma verdadeira for\u00e7a-tarefa, que envolveu desde os e as trabalhadores da limpeza, at\u00e9 a dire\u00e7\u00e3o geral. \u00c9 o que compartilha Damasceno.<\/p>\n\n\n\n<p>\u201cNo entanto, saliente-se que muitas quest\u00f5es que ultrapassam a compet\u00eancia da gest\u00e3o escolar constituem \u00f3bices ao pleno retorno dos estudantes, a exemplo de moradia (muitos alunos est\u00e3o residindo em outras cidades, com a fam\u00edlia), transporte p\u00fablico (hor\u00e1rios de \u00f4nibus) e alimenta\u00e7\u00e3o (Restaurante Universit\u00e1rio). Em todo caso, a fim de n\u00e3o prejudicar nenhum aluno, o col\u00e9gio analisar\u00e1 cada caso individualmente, desde que justifique n\u00e3o poder comparecer neste momento\u201d, conclui.<\/p>\n\n\n\n<p>Desde o in\u00edcio da pandemia, o Sinasefe, tanto a n\u00edvel local quanto nacionalmente, vem reivindicando, em unidade com diversas outras entidades sindicais, estudantis e sociais, o direito \u00e0 vacina\u00e7\u00e3o ampla, democr\u00e1tica e c\u00e9lere da popula\u00e7\u00e3o. A vacina, inclusive, sempre foi colocada como crit\u00e9rio central para a defini\u00e7\u00e3o ou n\u00e3o de um plano de retorno presencial nas Institui\u00e7\u00f5es Federais de Ensino.<\/p>\n","protected":false},"excerpt":{"rendered":"<p>O Col\u00e9gio Polit\u00e9cnico retomou as aulas presenciais nesta ter\u00e7a-feira, 9 de novembro, e o Col\u00e9gio T\u00e9cnico-Industrial de Santa Maria (Ctism) retornou \u00e0 presencialidade na segunda, 8 &#8211; ambos em meio a algumas incertezas e ang\u00fastias por parte de docentes, estudantes e familiares. Um dos motivos que gera inseguran\u00e7a na comunidade escolar \u00e9 o fato de<\/p>\n","protected":false},"author":3,"featured_media":4093,"comment_status":"closed","ping_status":"closed","sticky":false,"template":"","format":"standard","meta":{"footnotes":""},"categories":[46],"tags":[],"class_list":{"0":"post-4089","1":"post","2":"type-post","3":"status-publish","4":"format-standard","5":"has-post-thumbnail","7":"category-uncategorized"},"_links":{"self":[{"href":"https:\/\/sinasefesm.com\/index.php\/wp-json\/wp\/v2\/posts\/4089","targetHints":{"allow":["GET"]}}],"collection":[{"href":"https:\/\/sinasefesm.com\/index.php\/wp-json\/wp\/v2\/posts"}],"about":[{"href":"https:\/\/sinasefesm.com\/index.php\/wp-json\/wp\/v2\/types\/post"}],"author":[{"embeddable":true,"href":"https:\/\/sinasefesm.com\/index.php\/wp-json\/wp\/v2\/users\/3"}],"replies":[{"embeddable":true,"href":"https:\/\/sinasefesm.com\/index.php\/wp-json\/wp\/v2\/comments?post=4089"}],"version-history":[{"count":0,"href":"https:\/\/sinasefesm.com\/index.php\/wp-json\/wp\/v2\/posts\/4089\/revisions"}],"wp:featuredmedia":[{"embeddable":true,"href":"https:\/\/sinasefesm.com\/index.php\/wp-json\/wp\/v2\/media\/4093"}],"wp:attachment":[{"href":"https:\/\/sinasefesm.com\/index.php\/wp-json\/wp\/v2\/media?parent=4089"}],"wp:term":[{"taxonomy":"category","embeddable":true,"href":"https:\/\/sinasefesm.com\/index.php\/wp-json\/wp\/v2\/categories?post=4089"},{"taxonomy":"post_tag","embeddable":true,"href":"https:\/\/sinasefesm.com\/index.php\/wp-json\/wp\/v2\/tags?post=4089"}],"curies":[{"name":"wp","href":"https:\/\/api.w.org\/{rel}","templated":true}]}}