{"id":4098,"date":"2021-11-13T00:18:18","date_gmt":"2021-11-13T00:18:18","guid":{"rendered":"https:\/\/sinasefesm.com\/?p=4098"},"modified":"2021-11-13T00:18:18","modified_gmt":"2021-11-13T00:18:18","slug":"em-sua-ultima-plenaria-nacional-de-2021-sinasefe-define-proximas-acoes-politicas-do-sindicato","status":"publish","type":"post","link":"https:\/\/sinasefesm.com\/index.php\/2021\/11\/13\/em-sua-ultima-plenaria-nacional-de-2021-sinasefe-define-proximas-acoes-politicas-do-sindicato\/","title":{"rendered":"Em sua \u00faltima Plen\u00e1ria Nacional de 2021, Sinasefe define pr\u00f3ximas a\u00e7\u00f5es pol\u00edticas do sindicato"},"content":{"rendered":"\n<p>No \u00faltimo s\u00e1bado, 6 de novembro, ocorreu a 169\u00aa Plen\u00e1ria Nacional do Sinasefe, que contou com participa\u00e7\u00e3o de se\u00e7\u00f5es sindicais de todo pa\u00eds, inclusive com o sindicato de Santa Maria, representado por Jos\u00e9 Ab\u00edlio de Freitas, Coordenador Geral, e por Cl\u00e1udio Renato Kelling, Tesoureiro Geral. O evento discutiu a Reforma Administrativa (PEC 32\/2020), os Atos Fora Bolsonaro, a Portaria 983 e o projeto de Reordenamento dos Institutos Federais, definindo quais ser\u00e3o os pr\u00f3ximos passos da luta sindical do Sinasefe. Tamb\u00e9m ficou determinado que o Congresso Eleitoral de 2022 ser\u00e1 em meados de maio.<br><\/p>\n\n\n\n<p>Quanto \u00e0 Reforma Administrativa, Kelling explicou como t\u00eam ocorrido as a\u00e7\u00f5es do sindicato, cujos filiados est\u00e3o integrando as Jornadas de Luta em Bras\u00edlia, iniciadas em setembro: <em>\u2018\u2019O Sinasefe Nacional e o pessoal que vai \u00e0 Bras\u00edlia est\u00e3o sempre participando de atos, protestando contra a Reforma Administrativa. A comiss\u00e3o fica no aeroporto recebendo os deputados e fazendo protestos no sagu\u00e3o e tamb\u00e9m na C\u00e2mara dos Deputados. Quando os sindicalizados ficam sabendo que haver\u00e1 algum encontro no pr\u00f3ximo dia, eles v\u00e3o l\u00e1 participar e protestar. Ent\u00e3o eles tentam convencer quem \u00e9 a favor da Reforma a mudar seu voto\u2019\u2019<\/em>, o que tem funcionado, segundo o dirigente, j\u00e1 que a vota\u00e7\u00e3o da PEC 32 foi protelada. <\/p>\n\n\n\n<p>O di\u00e1logo entre o sindicato, pol\u00edticos e o Minist\u00e9rio da Educa\u00e7\u00e3o tamb\u00e9m est\u00e1 sendo a principal medida para combater a Portaria 983, que trata dos encargos did\u00e1ticos na \u00e1rea de ensino, pesquisa e extens\u00e3o; e o Reordenamento dos IF\u2019s, que visa a dividir os Institutos.<\/p>\n\n\n\n<p><\/p>\n\n\n\n<h2 class=\"wp-block-heading\">Avalia\u00e7\u00e3o pol\u00edtica<\/h2>\n\n\n\n<p>O Coordenador Geral do Sinasefe SM, Jos\u00e9 Ab\u00edlio de Freitas, comenta que a Plen\u00e1ria \u00e9 um meio muito positivo para que opini\u00f5es divergentes que existem dentro do sindicato sejam confrontadas e, posteriormente, alinhadas a uma posi\u00e7\u00e3o de luta comum: <em>\u2018\u2019 Claro que nem sempre isso [alinhamento de posi\u00e7\u00e3o] \u00e9 poss\u00edvel, porque dentro da esquerda a gente tem opini\u00f5es divergentes, mas a Plena \u00e9 importante para relembrarmos que existem diferen\u00e7as e nos abrirmos \u00e0 discuss\u00e3o [\u2026] \u00c9 fundamental a discuss\u00e3o, a avalia\u00e7\u00e3o de conjuntura, onde as pessoas trazem os anseios de suas bases para uma Plen\u00e1ria que tem n\u00edvel nacional e permite que a gente consiga fazer esse alinhamento das lutas.\u2019\u2019<\/em><\/p>\n\n\n\n<figure class=\"wp-block-image size-full\"><img fetchpriority=\"high\" decoding=\"async\" width=\"944\" height=\"684\" src=\"https:\/\/sinasefesm.com\/wp-content\/uploads\/2021\/11\/WhatsApp-Image-2021-11-06-at-11.48.45.jpeg\" alt=\"\" class=\"wp-image-4100\" srcset=\"https:\/\/sinasefesm.com\/wp-content\/uploads\/2021\/11\/WhatsApp-Image-2021-11-06-at-11.48.45.jpeg 944w, https:\/\/sinasefesm.com\/wp-content\/uploads\/2021\/11\/WhatsApp-Image-2021-11-06-at-11.48.45-300x217.jpeg 300w, https:\/\/sinasefesm.com\/wp-content\/uploads\/2021\/11\/WhatsApp-Image-2021-11-06-at-11.48.45-768x556.jpeg 768w, https:\/\/sinasefesm.com\/wp-content\/uploads\/2021\/11\/WhatsApp-Image-2021-11-06-at-11.48.45-150x109.jpeg 150w, https:\/\/sinasefesm.com\/wp-content\/uploads\/2021\/11\/WhatsApp-Image-2021-11-06-at-11.48.45-450x326.jpeg 450w\" sizes=\"(max-width: 944px) 100vw, 944px\" \/><\/figure>\n\n\n\n<h2 class=\"wp-block-heading\">Pr\u00f3ximos eventos<\/h2>\n\n\n\n<p><strong>Dia 13\/11: Plen\u00e1ria Nacional do Fonasefe<\/strong><br>Ocorrer\u00e1 das 8h30 \u00e0s 13h e ter\u00e1 como pauta principal a luta contra a PEC 32\/2020. Todos os trabalhadores p\u00fablicos federais, n\u00e3o s\u00f3 funcion\u00e1rios da educa\u00e7\u00e3o, est\u00e3o convocados a participar.<\/p>\n\n\n\n<p><strong>Dia 20\/11: Ato Nacional \u2018\u2019Fora Bolsonaro racista: pelo fim do genoc\u00eddio negro\u2019\u2019<\/strong><br>Como novembro \u00e9 o m\u00eas de grande reflex\u00e3o sobre o racismo e as minorias, o Sinasefe realizar\u00e1 um<br>ato a n\u00edvel nacional para mostrar a for\u00e7a da esquerda em sintonia com o movimento negro, juntamente n\u00e3o s\u00f3 com os servidores p\u00fablicos, mas com toda sociedade, segundo relata Jos\u00e9 Ab\u00edlio de Freitas.<\/p>\n\n\n\n<p><strong>Dia 20\/02: Primeira Plen\u00e1ria do Sinasefe de 2022<\/strong><br>Em 2021 n\u00e3o haver\u00e1 mais plen\u00e1rias, mas j\u00e1 est\u00e1 definido que, em fevereiro do pr\u00f3ximo ano, ocorrer\u00e1 uma plen\u00e1ria presencial para organizar o 34\u00ba Congresso Eleitoral do Sinasefe, que ser\u00e1 em maio. At\u00e9 l\u00e1, a dire\u00e7\u00e3o nacional atual manter\u00e1 seu mandato.<\/p>\n\n\n\n<p><\/p>\n\n\n\n<p><\/p>\n\n\n\n<p><em>Texto: Laurent Keller<\/em><\/p>\n\n\n\n<p><em>Revis\u00e3o: Bruna Homrich<\/em><\/p>\n","protected":false},"excerpt":{"rendered":"<p>No \u00faltimo s\u00e1bado, 6 de novembro, ocorreu a 169\u00aa Plen\u00e1ria Nacional do Sinasefe, que contou com participa\u00e7\u00e3o de se\u00e7\u00f5es sindicais de todo pa\u00eds, inclusive com o sindicato de Santa Maria, representado por Jos\u00e9 Ab\u00edlio de Freitas, Coordenador Geral, e por Cl\u00e1udio Renato Kelling, Tesoureiro Geral. O evento discutiu a Reforma Administrativa (PEC 32\/2020), os Atos<\/p>\n","protected":false},"author":5,"featured_media":4099,"comment_status":"closed","ping_status":"closed","sticky":false,"template":"","format":"standard","meta":{"footnotes":""},"categories":[37,39],"tags":[52,89,90,155,167,184,188,206],"class_list":{"0":"post-4098","1":"post","2":"type-post","3":"status-publish","4":"format-standard","5":"has-post-thumbnail","7":"category-destaque","8":"category-eventos","9":"tag-169a-plenaria-nacional","10":"tag-congresso-eleitoral","11":"tag-consciencia-negra","12":"tag-institutos-federais","13":"tag-mec","14":"tag-pec-32-20","15":"tag-plenaria-publica","16":"tag-reforma-administrativa"},"_links":{"self":[{"href":"https:\/\/sinasefesm.com\/index.php\/wp-json\/wp\/v2\/posts\/4098","targetHints":{"allow":["GET"]}}],"collection":[{"href":"https:\/\/sinasefesm.com\/index.php\/wp-json\/wp\/v2\/posts"}],"about":[{"href":"https:\/\/sinasefesm.com\/index.php\/wp-json\/wp\/v2\/types\/post"}],"author":[{"embeddable":true,"href":"https:\/\/sinasefesm.com\/index.php\/wp-json\/wp\/v2\/users\/5"}],"replies":[{"embeddable":true,"href":"https:\/\/sinasefesm.com\/index.php\/wp-json\/wp\/v2\/comments?post=4098"}],"version-history":[{"count":0,"href":"https:\/\/sinasefesm.com\/index.php\/wp-json\/wp\/v2\/posts\/4098\/revisions"}],"wp:featuredmedia":[{"embeddable":true,"href":"https:\/\/sinasefesm.com\/index.php\/wp-json\/wp\/v2\/media\/4099"}],"wp:attachment":[{"href":"https:\/\/sinasefesm.com\/index.php\/wp-json\/wp\/v2\/media?parent=4098"}],"wp:term":[{"taxonomy":"category","embeddable":true,"href":"https:\/\/sinasefesm.com\/index.php\/wp-json\/wp\/v2\/categories?post=4098"},{"taxonomy":"post_tag","embeddable":true,"href":"https:\/\/sinasefesm.com\/index.php\/wp-json\/wp\/v2\/tags?post=4098"}],"curies":[{"name":"wp","href":"https:\/\/api.w.org\/{rel}","templated":true}]}}