{"id":4122,"date":"2021-11-25T14:09:47","date_gmt":"2021-11-25T14:09:47","guid":{"rendered":"https:\/\/sinasefesm.com\/?p=4122"},"modified":"2021-11-25T14:09:47","modified_gmt":"2021-11-25T14:09:47","slug":"dirigentes-do-sinasefe-e-deputado-glauber-braga-discutem-tramitacao-e-retrocessos-da-portaria-no-983","status":"publish","type":"post","link":"https:\/\/sinasefesm.com\/index.php\/2021\/11\/25\/dirigentes-do-sinasefe-e-deputado-glauber-braga-discutem-tramitacao-e-retrocessos-da-portaria-no-983\/","title":{"rendered":"Dirigentes do Sinasefe e deputado Glauber Braga discutem tramita\u00e7\u00e3o e retrocessos da Portaria n\u00ba 983"},"content":{"rendered":"\n<p>Nesta ter\u00e7a-feira, 23, o Sinasefe Nacional realizou uma <a href=\"https:\/\/fb.watch\/9vk5354YyF\/\" data-type=\"URL\" data-id=\"https:\/\/fb.watch\/9vk5354YyF\/\" target=\"_blank\" rel=\"noreferrer noopener\">live <\/a>em seu Facebook, mediada por David Lob\u00e3o, Coordenador Geral do sindicato, a respeito dos problemas acarretados pela Portaria n\u00ba 983\/2020 e da tramita\u00e7\u00e3o da proposta na C\u00e2mara dos Deputados. Membros sindicais de todo pa\u00eds participaram e colaboraram com o debate virtual, junto ao deputado federal Glauber Braga (PSOL-RJ), que \u00e9 o relator respons\u00e1vel pelos PDL\u2019s (Projetos de Decreto Legislativo) ligados \u00e0 Portaria. O deputado exp\u00f5e que a Portaria <em>\u2018\u2019traz elementos que dificultam de maneira exponencial a pesquisa e a extens\u00e3o; al\u00e9m de ser mais uma forma de ataque do governo Bolsonaro aos profissionais de educa\u00e7\u00e3o, nesse caso, especificamente, aos professores dos Institutos Federais.\u2019\u2019<\/em><\/p>\n\n\n\n<p>Sobre a tramita\u00e7\u00e3o dessa Portaria, ele conta j\u00e1 ter apresentado um relat\u00f3rio resumido sobre ela, que inclui um hist\u00f3rico dos problemas impulsionados pelo documento e uma proposta de revoga\u00e7\u00e3o. At\u00e9 o momento, o parecer de Braga aguarda ser encaminhado \u00e0 Comiss\u00e3o de Educa\u00e7\u00e3o.<\/p>\n\n\n\n<p>Lob\u00e3o frisa que o Sinasefe foi surpreendido com a edi\u00e7\u00e3o da portaria n\u00ba 983. <em>\u201cDefendemos que as institui\u00e7\u00f5es de ensino tenham autonomia para construir a regulamenta\u00e7\u00e3o de jornada de trabalho de seus servidores \u2013 tanto t\u00e9cnico- administrativos, quanto docentes\u201d,<\/em> diz o dirigente nacional.<\/p>\n\n\n\n<h2 class=\"wp-block-heading\"><strong>O grande retrocesso da Portaria n\u00ba 983\/2020<\/strong><\/h2>\n\n\n\n<p>Diogo Rodolfo, membro da Dire\u00e7\u00e3o Nacional do Sinasefe e da Comiss\u00e3o Nacional Docente, explica o ponto principal a ser discutido sobre a Portaria n\u00ba 983, a partir de uma compara\u00e7\u00e3o com a Portaria n\u00ba 17:<\/p>\n\n\n\n<blockquote class=\"wp-block-quote is-style-default is-layout-flow wp-block-quote-is-layout-flow\"><p><em>\u2018\u2019A Portaria n\u00ba 17 foi extremamente prejudicial para a forma de trabalho com que est\u00e1vamos acostumados na Rede Federal. J\u00e1 a Portaria n\u00ba 983 avan\u00e7a em algumas quest\u00f5es, mas traz retrocessos ainda piores que a n\u00ba 17 em outras quest\u00f5es. E a situa\u00e7\u00e3o onde mais gravemente se percebe essa piora \u00e9 no limite m\u00ednimo de horas em sala de aula.\u2019\u2019<\/em><\/p><\/blockquote>\n\n\n\n<p>Segundo o dirigente, o n\u00famero m\u00ednimo passou de 10 para 14 horas rel\u00f3gio em sala de aula, o que, para quem trabalha com hora aula de 50 minutos, equivale a 18 horas aula.<\/p>\n\n\n\n<p><em>\u2018\u2019Se voc\u00ea d\u00e1 18 horas aula em sala e voc\u00ea tem, mais ou menos, a mesma quantidade de tempo destinada para prepara\u00e7\u00e3o de aula, atendimento aos alunos, elabora\u00e7\u00e3o e corre\u00e7\u00e3o de provas, ent\u00e3o sobra praticamente nada para que voc\u00ea possa fazer pesquisa e extens\u00e3o\u201d, destaca Rodolfo.<\/em><\/p>\n\n\n\n<div class=\"wp-block-image\"><figure class=\"alignleft size-full is-resized\"><img fetchpriority=\"high\" decoding=\"async\" src=\"https:\/\/sinasefesm.com\/wp-content\/uploads\/2021\/11\/glauber-2.png\" alt=\"\" class=\"wp-image-4125\" width=\"489\" height=\"275\" srcset=\"https:\/\/sinasefesm.com\/wp-content\/uploads\/2021\/11\/glauber-2.png 886w, https:\/\/sinasefesm.com\/wp-content\/uploads\/2021\/11\/glauber-2-300x169.png 300w, https:\/\/sinasefesm.com\/wp-content\/uploads\/2021\/11\/glauber-2-768x432.png 768w, https:\/\/sinasefesm.com\/wp-content\/uploads\/2021\/11\/glauber-2-150x84.png 150w, https:\/\/sinasefesm.com\/wp-content\/uploads\/2021\/11\/glauber-2-450x253.png 450w\" sizes=\"(max-width: 489px) 100vw, 489px\" \/><\/figure><\/div>\n\n\n\n<p>Outro ponto levantado por ele diz respeito \u00e0 n\u00e3o obrigatoriedade, segundo a nova portaria, de os t\u00e9cnicos e t\u00e9cnicas participarem da pesquisa e extens\u00e3o. Antes a participa\u00e7\u00e3o da categoria em tais atividades era obrigat\u00f3ria, mas a Portaria n\u00ba 983 passou a torn\u00e1-la facultativa, sinalizando que a pesquisa e a extens\u00e3o devem \u2018\u2019preferencialmente envolver t\u00e9cnicos\u2019\u2019.<\/p>\n\n\n\n<p><em>\u2018\u2019Ent\u00e3o, na pr\u00e1tica, o que a Portaria n\u00ba 983 faz \u00e9 estrangular as possibilidades de pesquisa e extens\u00e3o, reduzindo nossa rede a algo como um \u2018colegi\u00e3o\u2019 melhorado\u2019\u2019<\/em>, complementa Diogo Rodolfo, acrescentando que a ideia \u00e9 revogar a portaria.<\/p>\n\n\n\n<p>Durante o debate, representantes de diversas se\u00e7\u00f5es sindicais pa\u00eds afora realizaram interven\u00e7\u00f5es e informaram como vem ocorrendo a implementa\u00e7\u00e3o da portaria em suas institui\u00e7\u00f5es.<\/p>\n\n\n\n<p>Pedro Peixe, do Instituto Federal de Minas Gerais, comenta que a portaria ser\u00e1 votada em breve no Conselho Universit\u00e1rio da institui\u00e7\u00e3o, e que a rela\u00e7\u00e3o com a reitoria local \u00e9 bastante ruim, carente de di\u00e1logo e de horizontalidade. <em>\u201c\u00c9 prov\u00e1vel que tentem aumentar nossa carga hor\u00e1ria na marra. Vai ser uma disputa pol\u00edtica muito grande. Vai depender de como se desenrolar\u00e1 na Comiss\u00e3o de Educa\u00e7\u00e3o da C\u00e2mara\u201d<\/em>, preocupa-se. <\/p>\n\n\n\n<p>Em 21 de outubro, o Sinasefe Santa Maria promoveu uma live, em parceria com sindicalizados(as) do campus do Instituto Federal Farroupilha de Jaguari, para discutir as consequ\u00eancias problem\u00e1ticas que a Portaria n\u00ba 983\/2020 traz \u00e0 educa\u00e7\u00e3o federal e seus trabalhadores e trabalhadoras. Leia mais <a rel=\"noreferrer noopener\" href=\"https:\/\/sinasefesm.com\/entraves-da-portaria-no-983-sao-discutidos-em-live-promovida-pelo-sinasefe-sm\/\" data-type=\"URL\" data-id=\"https:\/\/sinasefesm.com\/entraves-da-portaria-no-983-sao-discutidos-em-live-promovida-pelo-sinasefe-sm\/\" target=\"_blank\">aqui<\/a>.<\/p>\n\n\n\n<p><\/p>\n\n\n\n<p><em>Texto: Laurent Keller e Bruna Homrich<\/em><\/p>\n\n\n\n<p><em>Revis\u00e3o: Bruna Homrich<\/em><\/p>\n","protected":false},"excerpt":{"rendered":"<p>Nesta ter\u00e7a-feira, 23, o Sinasefe Nacional realizou uma live em seu Facebook, mediada por David Lob\u00e3o, Coordenador Geral do sindicato, a respeito dos problemas acarretados pela Portaria n\u00ba 983\/2020 e da tramita\u00e7\u00e3o da proposta na C\u00e2mara dos Deputados. Membros sindicais de todo pa\u00eds participaram e colaboraram com o debate virtual, junto ao deputado federal Glauber<\/p>\n","protected":false},"author":4,"featured_media":4124,"comment_status":"closed","ping_status":"closed","sticky":false,"template":"","format":"standard","meta":{"footnotes":""},"categories":[37,40,42],"tags":[139,155,192,194],"class_list":{"0":"post-4122","1":"post","2":"type-post","3":"status-publish","4":"format-standard","5":"has-post-thumbnail","7":"category-destaque","8":"category-live","9":"category-noticia","10":"tag-glauber-braga","11":"tag-institutos-federais","12":"tag-portaria-no-17","13":"tag-portaria-no-983"},"_links":{"self":[{"href":"https:\/\/sinasefesm.com\/index.php\/wp-json\/wp\/v2\/posts\/4122","targetHints":{"allow":["GET"]}}],"collection":[{"href":"https:\/\/sinasefesm.com\/index.php\/wp-json\/wp\/v2\/posts"}],"about":[{"href":"https:\/\/sinasefesm.com\/index.php\/wp-json\/wp\/v2\/types\/post"}],"author":[{"embeddable":true,"href":"https:\/\/sinasefesm.com\/index.php\/wp-json\/wp\/v2\/users\/4"}],"replies":[{"embeddable":true,"href":"https:\/\/sinasefesm.com\/index.php\/wp-json\/wp\/v2\/comments?post=4122"}],"version-history":[{"count":0,"href":"https:\/\/sinasefesm.com\/index.php\/wp-json\/wp\/v2\/posts\/4122\/revisions"}],"wp:featuredmedia":[{"embeddable":true,"href":"https:\/\/sinasefesm.com\/index.php\/wp-json\/wp\/v2\/media\/4124"}],"wp:attachment":[{"href":"https:\/\/sinasefesm.com\/index.php\/wp-json\/wp\/v2\/media?parent=4122"}],"wp:term":[{"taxonomy":"category","embeddable":true,"href":"https:\/\/sinasefesm.com\/index.php\/wp-json\/wp\/v2\/categories?post=4122"},{"taxonomy":"post_tag","embeddable":true,"href":"https:\/\/sinasefesm.com\/index.php\/wp-json\/wp\/v2\/tags?post=4122"}],"curies":[{"name":"wp","href":"https:\/\/api.w.org\/{rel}","templated":true}]}}