{"id":4148,"date":"2021-12-13T21:23:46","date_gmt":"2021-12-13T21:23:46","guid":{"rendered":"https:\/\/sinasefesm.com\/?p=4148"},"modified":"2021-12-13T21:23:46","modified_gmt":"2021-12-13T21:23:46","slug":"o-papel-do-sinasefe-de-santa-maria-na-luta-contra-a-pec-32","status":"publish","type":"post","link":"https:\/\/sinasefesm.com\/index.php\/2021\/12\/13\/o-papel-do-sinasefe-de-santa-maria-na-luta-contra-a-pec-32\/","title":{"rendered":"O papel do Sinasefe de Santa Maria na luta contra a PEC 32"},"content":{"rendered":"\n<p>Ao longo de 2021, a se\u00e7\u00e3o sindical santa-mariense do Sinasefe, bem como as demais se\u00e7\u00f5es regionais, tem atuado vigorosamente na tentativa de barrar a implementa\u00e7\u00e3o da Proposta de Emenda \u00e0 Constitui\u00e7\u00e3o (PEC 32\/2020). At\u00e9 ent\u00e3o, o esfor\u00e7o dos manifestantes tem gerado bons resultados, garantindo que a proposta respons\u00e1vel por iniciar a Reforma Administrativa no Brasil n\u00e3o avance. No entanto, o sindicato enfatiza que a luta n\u00e3o pode parar agora, caso contr\u00e1rio, tanto empenho ter\u00e1 sido em v\u00e3o.<\/p>\n\n\n\n<p>O Sinasefe de Santa Maria tem promovido diversas a\u00e7\u00f5es locais com o intuito de conscientizar a popula\u00e7\u00e3o sobre os problemas ligados \u00e0 PEC e, consequentemente, mobilizar mais pessoas contra ela. Dentre tantas atividades j\u00e1 realizadas, destacam-se as lives com esclarecimentos jur\u00eddicos e discuss\u00f5es de conjuntura, a coloca\u00e7\u00e3o de outdoors sobre o tema, e as mobiliza\u00e7\u00f5es nas ruas da cidade, que obtiveram impactos bastante positivos. Al\u00e9m disso, a se\u00e7\u00e3o sindical apoiou os e as manifestantes que foram \u00e0 Bras\u00edlia pressionar deputados e deputadas  a se posicionarem contr\u00e1rios(as) \u00e0 PEC 32.<\/p>\n\n\n\n<p>Jos\u00e9 Ab\u00edlio de Freitas, Coordenador Geral do sindicato, ressalta que a parceria com outras entidades sindicais e movimentos sociais foi de extrema import\u00e2ncia para o fortalecimento da luta. Quanto \u00e0 avalia\u00e7\u00e3o acerca dos resultados da mobiliza\u00e7\u00e3o, o Coordenador v\u00ea-se dividido. Por um lado, est\u00e1 <em>&#8220;otimista e orgulhoso da movimenta\u00e7\u00e3o que tem sido feita a n\u00edvel popular, nas ruas, no corpo a corpo, e junto com as entidades nacionais em Bras\u00edlia<\/em>&#8220;, mas sobre outra perspectiva, possui uma vis\u00e3o c\u00e9tica, por acreditar que a Reforma est\u00e1 \u2018\u2019parada\u2019\u2019 em decorr\u00eancia da pr\u00f3xima campanha eleitoral.<\/p>\n\n\n\n<p><em>&#8220;Portanto, mais importante que a mobiliza\u00e7\u00e3o contra a PEC 32, \u00e9 n\u00e3o deixar esse governo ganhar nas urnas ano que vem. Em hip\u00f3tese alguma isso pode acontecer. Por isso h\u00e1 essa outra luta dentro da nossa gest\u00e3o, que diz respeito ao apoio dado aos movimentos de esquerda, para que consigam se contrapor e derrubar nas urnas esse governo<\/em>&#8220;, complementa o sindicalizado.<\/p>\n\n\n\n<div class=\"wp-block-image\"><figure class=\"alignright size-full\"><img fetchpriority=\"high\" decoding=\"async\" width=\"848\" height=\"636\" src=\"https:\/\/sinasefesm.com\/wp-content\/uploads\/2021\/12\/Outdoor-campanha-administraiv.jpg\" alt=\"\" class=\"wp-image-4151\" srcset=\"https:\/\/sinasefesm.com\/wp-content\/uploads\/2021\/12\/Outdoor-campanha-administraiv.jpg 848w, https:\/\/sinasefesm.com\/wp-content\/uploads\/2021\/12\/Outdoor-campanha-administraiv-300x225.jpg 300w, https:\/\/sinasefesm.com\/wp-content\/uploads\/2021\/12\/Outdoor-campanha-administraiv-768x576.jpg 768w, https:\/\/sinasefesm.com\/wp-content\/uploads\/2021\/12\/Outdoor-campanha-administraiv-150x113.jpg 150w, https:\/\/sinasefesm.com\/wp-content\/uploads\/2021\/12\/Outdoor-campanha-administraiv-450x338.jpg 450w\" sizes=\"(max-width: 848px) 100vw, 848px\" \/><\/figure><\/div>\n\n\n\n<p><strong>10 raz\u00f5es para derrotar a Reforma Administrativa<\/strong><\/p>\n\n\n\n<p>Para quem ainda n\u00e3o compreendeu os motivos pelos quais a Reforma Administrativa deve ser barrada, o Fonasefe, em conjunto com centrais sindicais, divulgou um panfleto que explica essa quest\u00e3o em 10 t\u00f3picos.<\/p>\n\n\n\n<p>Dentre as principais raz\u00f5es est\u00e1 o aumento da desigualdade social, em decorr\u00eancia do fim dos servi\u00e7os p\u00fablicos, que s\u00e3o usados em grande maioria pela parcela populacional mais pobre.<\/p>\n\n\n\n<p>Um exemplo desses servi\u00e7os \u00e9 a escola p\u00fablica, que, al\u00e9m de ser fundamental para constru\u00e7\u00e3o intelectual dos brasileiros e brasileiras, possui uma rede de prote\u00e7\u00e3o alimentar. Outro servi\u00e7o a ser prejudicado \u00e9 o Sistema \u00danico de Sa\u00fade (SUS), que seria substitu\u00eddo por vales-sa\u00fade e planos privados. Afora isso, a vacina\u00e7\u00e3o p\u00fablica e gratuita, que tem sido t\u00e3o importante nessa pandemia, deixaria de existir.<\/p>\n\n\n\n<p>Haveria tamb\u00e9m o aumento do desemprego, uma vez que o investimento em servi\u00e7o p\u00fablico resulta em renda e empregos no setor privado. <\/p>\n\n\n\n<p>A flexibiliza\u00e7\u00e3o do concurso p\u00fablico como porta priorit\u00e1ria de ingresso no servi\u00e7o p\u00fablico e a quebra do direito \u00e0 estabilidade para uma grande parcela do funcionalismo tenderiam a favorecer o surgimento de situa\u00e7\u00f5es de corrup\u00e7\u00e3o e apadrinhamento pol\u00edtico. Com a PEC 32, os servidores p\u00fablicos, ao inv\u00e9s de atenderem \u00e0s demandas da popula\u00e7\u00e3o, poderiam se ver convertidos em funcion\u00e1rios de governos, sujeitos a press\u00f5es e ass\u00e9dios dos mais variados tipos. <\/p>\n\n\n\n<p>Para conferir por completo o panfleto, acesse este link (<a href=\"file:\/\/\/C:\/Users\/Usuario\/Downloads\/pANFLETO_SITE.pdf\">file:\/\/\/C:\/Users\/Usuario\/Downloads\/pANFLETO_SITE.pdf<\/a>). <\/p>\n\n\n\n<p><\/p>\n\n\n\n<p>Texto: Laurent Keller<\/p>\n\n\n\n<p>Revis\u00e3o: Bruna Homrich <\/p>\n","protected":false},"excerpt":{"rendered":"<p>Ao longo de 2021, a se\u00e7\u00e3o sindical santa-mariense do Sinasefe, bem como as demais se\u00e7\u00f5es regionais, tem atuado vigorosamente na tentativa de barrar a implementa\u00e7\u00e3o da Proposta de Emenda \u00e0 Constitui\u00e7\u00e3o (PEC 32\/2020). At\u00e9 ent\u00e3o, o esfor\u00e7o dos manifestantes tem gerado bons resultados, garantindo que a proposta respons\u00e1vel por iniciar a Reforma Administrativa no Brasil<\/p>\n","protected":false},"author":5,"featured_media":4149,"comment_status":"closed","ping_status":"closed","sticky":false,"template":"","format":"standard","meta":{"footnotes":""},"categories":[37,41,42,44],"tags":[],"class_list":{"0":"post-4148","1":"post","2":"type-post","3":"status-publish","4":"format-standard","5":"has-post-thumbnail","7":"category-destaque","8":"category-movimento","9":"category-noticia","10":"category-reforma-administrativa"},"_links":{"self":[{"href":"https:\/\/sinasefesm.com\/index.php\/wp-json\/wp\/v2\/posts\/4148","targetHints":{"allow":["GET"]}}],"collection":[{"href":"https:\/\/sinasefesm.com\/index.php\/wp-json\/wp\/v2\/posts"}],"about":[{"href":"https:\/\/sinasefesm.com\/index.php\/wp-json\/wp\/v2\/types\/post"}],"author":[{"embeddable":true,"href":"https:\/\/sinasefesm.com\/index.php\/wp-json\/wp\/v2\/users\/5"}],"replies":[{"embeddable":true,"href":"https:\/\/sinasefesm.com\/index.php\/wp-json\/wp\/v2\/comments?post=4148"}],"version-history":[{"count":0,"href":"https:\/\/sinasefesm.com\/index.php\/wp-json\/wp\/v2\/posts\/4148\/revisions"}],"wp:featuredmedia":[{"embeddable":true,"href":"https:\/\/sinasefesm.com\/index.php\/wp-json\/wp\/v2\/media\/4149"}],"wp:attachment":[{"href":"https:\/\/sinasefesm.com\/index.php\/wp-json\/wp\/v2\/media?parent=4148"}],"wp:term":[{"taxonomy":"category","embeddable":true,"href":"https:\/\/sinasefesm.com\/index.php\/wp-json\/wp\/v2\/categories?post=4148"},{"taxonomy":"post_tag","embeddable":true,"href":"https:\/\/sinasefesm.com\/index.php\/wp-json\/wp\/v2\/tags?post=4148"}],"curies":[{"name":"wp","href":"https:\/\/api.w.org\/{rel}","templated":true}]}}