{"id":4155,"date":"2021-12-16T11:11:27","date_gmt":"2021-12-16T11:11:27","guid":{"rendered":"https:\/\/sinasefesm.com\/?p=4155"},"modified":"2021-12-16T11:11:27","modified_gmt":"2021-12-16T11:11:27","slug":"sinasefe-participa-da-pre-conferencia-sobre-saude-mental","status":"publish","type":"post","link":"https:\/\/sinasefesm.com\/index.php\/2021\/12\/16\/sinasefe-participa-da-pre-conferencia-sobre-saude-mental\/","title":{"rendered":"Sinasefe participa da Pr\u00e9-Confer\u00eancia sobre Sa\u00fade Mental"},"content":{"rendered":"\n<p>Na \u00faltima segunda-feira, 13, ocorreu uma Pr\u00e9-Confer\u00eancia online sobre sa\u00fade mental, organizada pela Sedufsm, para discutir a necessidade de se aprimorar o conhecimento em rela\u00e7\u00e3o a quest\u00f5es psicol\u00f3gicas e a pol\u00edticas p\u00fablicas de sa\u00fade mental no Brasil. Enriquecendo o debate, estavam presentes entidades representativas de educa\u00e7\u00e3o relacionadas \u00e0 UFSM, como Sinasefe, Assusfsm, Atens e APG.<\/p>\n\n\n\n<p>Inicialmente, o psic\u00f3logo Alex Monaiar realizou uma fala a respeito da pertin\u00eancia de desconstruir a ideia existente acerca de manic\u00f4mios e hospitais brasileiros, bem como de preconceitos ligados a doen\u00e7as psicol\u00f3gicas. Em seguida, as entidades presentes apontaram seus encaminhamentos sobre o tema, que incluem, dentre outras medidas: maior acessibilidade a pr\u00e1ticas de promo\u00e7\u00e3o de sa\u00fade mental; forma\u00e7\u00e3o inicial e continuada para docentes sobre sa\u00fade; amplia\u00e7\u00e3o da rede de aten\u00e7\u00e3o local de sa\u00fade mental; e uso das tecnologias e redes sociais para divulga\u00e7\u00e3o de informa\u00e7\u00f5es e servi\u00e7os ligados \u00e0 sa\u00fade mental.<\/p>\n\n\n\n<p>Cl\u00e1udia do Amaral, Secret\u00e1ria Geral do sindicato, participou do evento e comenta que o assunto sa\u00fade mental sempre foi uma das principais preocupa\u00e7\u00f5es para o Sinasefe, principalmente durante a pandemia de Covid-19. Isso porque, em decorr\u00eancia dos aspectos problem\u00e1ticos relativos a ela, como a doen\u00e7a em si, a const\u00e2ncia de morte, o distanciamento e as dificuldades financeiras, as pessoas se tornaram mais estressadas, ansiosas e depressivas. Nesse sentido, Cl\u00e1udia destaca a import\u00e2ncia de se preocupar com a sa\u00fade mental de estudantes e docentes durante a readapta\u00e7\u00e3o ao presencial, depois de passarem quase dois anos no modelo de ensino remoto.<\/p>\n\n\n\n<p><em>\u2018\u2019N\u00f3s ressaltamos a import\u00e2ncia de se pensar nesse acolhimento para o presencial, porque vem acontecendo [o retorno] de maneira muito abrupta e sem nenhum cuidado, visto o que aconteceu em nosso retorno \u00e0s atividades administrativas, que foi feito em 10 dias. Ent\u00e3o, que tenha processos formativos para esclarecer isso e que alguns grupos particulares sejam tratados de modo espec\u00edfico, como os jovens, idosos e mulheres\u2019\u2019<\/em>, acrescenta a Secret\u00e1ria Geral.<\/p>\n\n\n\n<p>As outras entidades tamb\u00e9m evidenciaram preocupa\u00e7\u00e3o com o corpo discente, que precisa ter seus problemas validados. A fim de alcan\u00e7ar esse objetivo, prop\u00f4s-se criar campanhas pol\u00edticas de humaniza\u00e7\u00e3o, que incluam mais flexibilidade, humanidade e acolhimento nas rela\u00e7\u00f5es interpessoais. Al\u00e9m disso, fundar um espa\u00e7o de acolhimento para estudantes na Universidade e acompanha-los nos primeiros momentos de retorno ao presencial.<\/p>\n\n\n\n<p>Em seu relato, Cl\u00e1udia do Amaral ainda exp\u00f4s que <em>\u2018\u2019a sa\u00fade mental n\u00e3o \u00e9 algo para se pensar individualmente, \u00e9 um problema social.\u2019<\/em>\u2019 Por isso, devemos considerar tamb\u00e9m as medidas governamentais que afetam a todos e que est\u00e3o ligadas \u00e0 sa\u00fade mental. Um exemplo \u00e9 a <a href=\"https:\/\/sinasefesm.com\/pec-32-substitutivo-mantem-ataques-a-servicos-publicos-e-a-direitos-dos-servidores\/\">PEC 32\/2020<\/a>, que precariza a sa\u00fade p\u00fablica e, consequentemente, prejudica o atendimento psicol\u00f3gico \u00e0 popula\u00e7\u00e3o brasileira, sendo necess\u00e1rio, portanto, combater sua implementa\u00e7\u00e3o. &nbsp;<\/p>\n\n\n\n<p><em>Texto: Laurent Keller<\/em><\/p>\n\n\n\n<p><em>Revis\u00e3o: Bruna Homrich<\/em><\/p>\n","protected":false},"excerpt":{"rendered":"<p>Na \u00faltima segunda-feira, 13, ocorreu uma Pr\u00e9-Confer\u00eancia online sobre sa\u00fade mental, organizada pela Sedufsm, para discutir a necessidade de se aprimorar o conhecimento em rela\u00e7\u00e3o a quest\u00f5es psicol\u00f3gicas e a pol\u00edticas p\u00fablicas de sa\u00fade mental no Brasil. Enriquecendo o debate, estavam presentes entidades representativas de educa\u00e7\u00e3o relacionadas \u00e0 UFSM, como Sinasefe, Assusfsm, Atens e APG.<\/p>\n","protected":false},"author":5,"featured_media":4156,"comment_status":"closed","ping_status":"closed","sticky":false,"template":"","format":"standard","meta":{"footnotes":""},"categories":[40,42],"tags":[184,209,212],"class_list":{"0":"post-4155","1":"post","2":"type-post","3":"status-publish","4":"format-standard","5":"has-post-thumbnail","7":"category-live","8":"category-noticia","9":"tag-pec-32-20","10":"tag-retorno-ao-presencial","11":"tag-saude-mental"},"_links":{"self":[{"href":"https:\/\/sinasefesm.com\/index.php\/wp-json\/wp\/v2\/posts\/4155","targetHints":{"allow":["GET"]}}],"collection":[{"href":"https:\/\/sinasefesm.com\/index.php\/wp-json\/wp\/v2\/posts"}],"about":[{"href":"https:\/\/sinasefesm.com\/index.php\/wp-json\/wp\/v2\/types\/post"}],"author":[{"embeddable":true,"href":"https:\/\/sinasefesm.com\/index.php\/wp-json\/wp\/v2\/users\/5"}],"replies":[{"embeddable":true,"href":"https:\/\/sinasefesm.com\/index.php\/wp-json\/wp\/v2\/comments?post=4155"}],"version-history":[{"count":0,"href":"https:\/\/sinasefesm.com\/index.php\/wp-json\/wp\/v2\/posts\/4155\/revisions"}],"wp:featuredmedia":[{"embeddable":true,"href":"https:\/\/sinasefesm.com\/index.php\/wp-json\/wp\/v2\/media\/4156"}],"wp:attachment":[{"href":"https:\/\/sinasefesm.com\/index.php\/wp-json\/wp\/v2\/media?parent=4155"}],"wp:term":[{"taxonomy":"category","embeddable":true,"href":"https:\/\/sinasefesm.com\/index.php\/wp-json\/wp\/v2\/categories?post=4155"},{"taxonomy":"post_tag","embeddable":true,"href":"https:\/\/sinasefesm.com\/index.php\/wp-json\/wp\/v2\/tags?post=4155"}],"curies":[{"name":"wp","href":"https:\/\/api.w.org\/{rel}","templated":true}]}}