{"id":4159,"date":"2021-12-20T16:31:56","date_gmt":"2021-12-20T16:31:56","guid":{"rendered":"https:\/\/sinasefesm.com\/?p=4159"},"modified":"2021-12-20T16:31:56","modified_gmt":"2021-12-20T16:31:56","slug":"mulheres-organizam-se-e-fortalecem-debate-sobre-genero-dentro-da-ufsm","status":"publish","type":"post","link":"https:\/\/sinasefesm.com\/index.php\/2021\/12\/20\/mulheres-organizam-se-e-fortalecem-debate-sobre-genero-dentro-da-ufsm\/","title":{"rendered":"Mulheres organizam-se e fortalecem debate sobre g\u00eanero dentro da UFSM"},"content":{"rendered":"\n<p>Recentemente, no dia 29 de outubro, o Conselho Universit\u00e1rio (Consu) da UFSM aprovou, por unanimidade, a minuta de resolu\u00e7\u00e3o que instituir\u00e1 a Pol\u00edtica de G\u00eanero na universidade. Anteriormente (em 15\/10), a mat\u00e9ria j\u00e1 havia sido aprovada pelo Conselho de Ensino, Pesquisa e Extens\u00e3o (CEPE).<\/p>\n\n\n\n<p>Tendo sido constru\u00edda, ao longo de aproximadamente cinco anos, em di\u00e1logo com movimentos de mulheres atuantes dentro da fora da institui\u00e7\u00e3o, a Pol\u00edtica simboliza um ponto importante em uma caminhada que j\u00e1 vem sendo tra\u00e7ada h\u00e1 algum tempo por docentes, estudantes e t\u00e9cnicas-administrativas em educa\u00e7\u00e3o. Caminhada que tem por objetivo central trazer, para dentro das forma\u00e7\u00f5es e dos espa\u00e7os institucionais da universidade, debates relacionados \u00e0s quest\u00f5es de g\u00eanero, fomentando a elabora\u00e7\u00e3o de a\u00e7\u00f5es e projetos que visem a prevenir e combater viol\u00eancias e desigualdades.<\/p>\n\n\n\n<p>Foram, ent\u00e3o, muitas as a\u00e7\u00f5es que contribu\u00edram para que a UFSM encerrasse o ano de 2021 com sua Pol\u00edtica de G\u00eanero aprovada. Em cada canto da universidade existem pessoas dedicadas a lan\u00e7ar luz sobre o machismo estrutural, sobre as assimetrias reservadas a homens e mulheres e sobre o papel da universidade na constru\u00e7\u00e3o de uma sociedade mais igualit\u00e1ria.<\/p>\n\n\n\n<p>Uma dessas a\u00e7\u00f5es \u00e9 o projeto de extens\u00e3o coordenado pela professora do Col\u00e9gio Polit\u00e9cnico da UFSM, Laura Ferreira Cortes. Intitulado \u201cF\u00f3rum de enfrentamento \u00e0 viol\u00eancia por parceiro \u00edntimo contra as mulheres do Munic\u00edpio de Santa Maria: promo\u00e7\u00e3o da cultura de paz e supera\u00e7\u00e3o da viol\u00eancia\u201d, o projeto foi criado em 2019, a partir dos resultados obtidos na tese de doutorado de Laura. Segundo o trabalho acad\u00eamico, Santa Maria carecia de uma rede de aten\u00e7\u00e3o articulada \u00e0s mulheres em situa\u00e7\u00e3o de viol\u00eancia.<\/p>\n\n\n\n<p>Ou seja, os v\u00e1rios servi\u00e7os do Estado que prestam atendimento nesses casos n\u00e3o dialogavam entre si, dificultando, assim, um melhor acolhimento das v\u00edtimas e o delineamento de a\u00e7\u00f5es efetivas de combate \u00e0 viol\u00eancia. O projeto de extens\u00e3o foi, dessa forma, criado para dar conta de uma defici\u00eancia apontada nas conclus\u00f5es da tese. Hoje, ele se converteu em um Programa de Extens\u00e3o, cujo \u201cgrande objetivo \u00e9 ser um espa\u00e7o de articula\u00e7\u00e3o entre os servi\u00e7os, para criar essa rede potente e fortalecida que qualifique o atendimento dessas mulheres\u201d, explica Laura.<\/p>\n\n\n\n<p><strong>Machismo estrutural e vozes dissonantes<\/strong><\/p>\n\n\n\n<p>Combater as viol\u00eancias e as desigualdades de g\u00eanero torna-se t\u00e3o mais importante \u00e0 medida em que vamos percebendo que todas as estruturas da sociedade s\u00e3o permeadas pela l\u00f3gica patriarcal e machista \u2013 o que torna tal luta, al\u00e9m de central, dif\u00edcil, pacienciosa e frontalmente contr\u00e1ria aos mecanismos de domina\u00e7\u00e3o e subordina\u00e7\u00e3o.<\/p>\n\n\n\n<p>\u201cPenso que o grande desafio da sociedade como um todo \u2013 e isso se expressa na universidade &#8211; \u00e9 o machismo estrutural, que \u00e9 transversal, est\u00e1 em todos os locais, em todas as concep\u00e7\u00f5es, e faz com que n\u00f3s tamb\u00e9m estejamos imersas nessa cultura que \u00e9 patriarcal. Isso se expressa em v\u00e1rias quest\u00f5es, desde na aus\u00eancia de pol\u00edticas de cotas para mulheres trans; no n\u00e3o reconhecimento da lacuna de produ\u00e7\u00e3o acad\u00eamica observada no Lattes das mulheres m\u00e3es; na pouca presen\u00e7a de mulheres em cargos de gest\u00e3o e chefias dentro da universidade; na n\u00e3o utiliza\u00e7\u00e3o, por muitos docentes, do nome social &#8211; embora a universidade j\u00e1 tenha adotado esse nome\u201d, comenta Laura, para quem o debate sobre g\u00eanero deveria ser transversal e abordado em todos os cursos da universidade, bem como as quest\u00f5es relacionadas ao racismo e \u00e0 sexualidade.<\/p>\n\n\n\n<p>Contudo, se por um lado o machismo estrutural alastra-se por todas as estruturas e pelas pessoas que delas fazem parte, as vozes dissidentes e questionadoras t\u00eam sido cada vez mais potentes e possibilitado avan\u00e7os, a exemplo da aprova\u00e7\u00e3o da Pol\u00edtica de G\u00eanero, considerada um avan\u00e7o por Laura, que integrou a comiss\u00e3o respons\u00e1vel por elaborar o texto.<\/p>\n\n\n\n<p>\u201cA Pol\u00edtica estimula a\u00e7\u00f5es afirmativas para que a gente possa superar essas desigualdades. Penso que foi um momento muito prof\u00edcuo e f\u00e9rtil. S\u00e3o muitos os desafios na implementa\u00e7\u00e3o dessa pol\u00edtica, porque ela trata desde da assist\u00eancia para as mulheres em situa\u00e7\u00e3o de viol\u00eancia, com a cria\u00e7\u00e3o de um servi\u00e7o especializado para atender essas mulheres, at\u00e9, por exemplo, quest\u00f5es de forma\u00e7\u00e3o dos profissionais \u2013precisamos abordar a tem\u00e1tica do feminismo e das desigualdades de g\u00eanero na forma\u00e7\u00e3o dos servidores e servidoras \u2013 e tamb\u00e9m a inclus\u00e3o da linguagem n\u00e3o sexista na universidade. Essa pol\u00edtica busca promover e incentivar que os centros e as unidades universit\u00e1rias possam desenvolver a\u00e7\u00f5es e projetos que contribuam com a redu\u00e7\u00e3o das desigualdades. \u00c9 um processo desafiador e lento em toda a sociedade. Penso que somos privilegiados por podermos estar em uma universidade que se abre agora para discutir isso e avan\u00e7ar nesse aspecto\u201d, avalia Laura.<\/p>\n\n\n\n<p><strong>Congratula\u00e7\u00f5es na C\u00e2mara<\/strong><\/p>\n\n\n\n<figure class=\"wp-block-image size-full\"><img fetchpriority=\"high\" decoding=\"async\" width=\"768\" height=\"576\" src=\"https:\/\/sinasefesm.com\/wp-content\/uploads\/2021\/12\/image1-768x576-1.jpg\" alt=\"\" class=\"wp-image-4189\" srcset=\"https:\/\/sinasefesm.com\/wp-content\/uploads\/2021\/12\/image1-768x576-1.jpg 768w, https:\/\/sinasefesm.com\/wp-content\/uploads\/2021\/12\/image1-768x576-1-300x225.jpg 300w, https:\/\/sinasefesm.com\/wp-content\/uploads\/2021\/12\/image1-768x576-1-150x113.jpg 150w, https:\/\/sinasefesm.com\/wp-content\/uploads\/2021\/12\/image1-768x576-1-450x338.jpg 450w\" sizes=\"(max-width: 768px) 100vw, 768px\" \/><\/figure>\n\n\n\n<p>No \u00faltimo dia 9 de dezembro, Laura, coordenadora do Programa de Extens\u00e3o, e Maria Celeste Landerdahl, docente aposentada do departamento de Enfermagem da UFSM e coordenadora da campanha \u2018Santa Maria 50-50\u2019, receberam uma mo\u00e7\u00e3o de congratula\u00e7\u00f5es da C\u00e2mara de Vereadores(as) de Santa Maria por seus trabalhos direcionados ao fim da viol\u00eancia contra as mulheres e pela igualdade de g\u00eanero. A mo\u00e7\u00e3o foi proposta pela vereadora Marina Callegaro.<\/p>\n\n\n\n<p>Laura explica que o F\u00f3rum de Enfrentamento \u00e0 Viol\u00eancia tem diversos \u2018subprojetos\u2019, dos quais a campanha \u2018Santa Maria 50-50\u2019 \u00e9 um exemplo. Inspirada em uma agenda da Organiza\u00e7\u00e3o das Na\u00e7\u00f5es Unidas (ONU), a campanha visa fomentar a cria\u00e7\u00e3o de pol\u00edticas p\u00fablicas e demais a\u00e7\u00f5es que promovam equidade de g\u00eanero e empoderamento econ\u00f4mico, afetivo e pol\u00edtico das mulheres santa-marienses.<\/p>\n\n\n\n<p>Outra iniciativa do F\u00f3rum \u00e9 o curso \u2018Segura\u2019, realizado em 2020 com policiais e guarda municipal, a fim de qualifica-los para melhor atenderem mulheres em situa\u00e7\u00e3o de viol\u00eancia. Em 2022, antecipa Laura, a ideia \u00e9 que este curso seja lecionado para estudantes e profissionais das \u00e1reas da sa\u00fade e assist\u00eancia social.<\/p>\n\n\n\n<figure class=\"wp-block-image size-full\"><img decoding=\"async\" width=\"1280\" height=\"960\" src=\"https:\/\/sinasefesm.com\/wp-content\/uploads\/2021\/12\/WhatsApp-Image-2021-12-17-at-17.13.54-2.jpeg\" alt=\"\" class=\"wp-image-4186\" srcset=\"https:\/\/sinasefesm.com\/wp-content\/uploads\/2021\/12\/WhatsApp-Image-2021-12-17-at-17.13.54-2.jpeg 1280w, https:\/\/sinasefesm.com\/wp-content\/uploads\/2021\/12\/WhatsApp-Image-2021-12-17-at-17.13.54-2-300x225.jpeg 300w, https:\/\/sinasefesm.com\/wp-content\/uploads\/2021\/12\/WhatsApp-Image-2021-12-17-at-17.13.54-2-1024x768.jpeg 1024w, https:\/\/sinasefesm.com\/wp-content\/uploads\/2021\/12\/WhatsApp-Image-2021-12-17-at-17.13.54-2-768x576.jpeg 768w, https:\/\/sinasefesm.com\/wp-content\/uploads\/2021\/12\/WhatsApp-Image-2021-12-17-at-17.13.54-2-150x113.jpeg 150w, https:\/\/sinasefesm.com\/wp-content\/uploads\/2021\/12\/WhatsApp-Image-2021-12-17-at-17.13.54-2-450x338.jpeg 450w, https:\/\/sinasefesm.com\/wp-content\/uploads\/2021\/12\/WhatsApp-Image-2021-12-17-at-17.13.54-2-1200x900.jpeg 1200w\" sizes=\"(max-width: 1280px) 100vw, 1280px\" \/><figcaption><em>*Reuni\u00e3o de articula\u00e7\u00e3o entre servi\u00e7os da sa\u00fade e da seguran\u00e7a p\u00fablica<\/em><\/figcaption><\/figure>\n\n\n\n<p>Todos os anos, tamb\u00e9m, ocorre o semin\u00e1rio \u2018Tecendo Redes\u2019, e, durante o primeiro ano da pandemia, foi institu\u00eddo o \u2018Disque Covid \u2013 Acolhe Mulheres\u2019, visando a atender den\u00fancias de mulheres que estivessem passando por algum tipo de viol\u00eancia dentro de casa durante a pandemia.<\/p>\n\n\n\n<p>O Programa de Extens\u00e3o n\u00e3o se esgota dentro da UFSM, instituindo canais de di\u00e1logo e constru\u00e7\u00e3o coletiva com amplos setores da sociedade.<\/p>\n\n\n\n<div class=\"wp-block-image\"><figure class=\"alignleft size-full\"><img decoding=\"async\" width=\"1600\" height=\"1200\" src=\"https:\/\/sinasefesm.com\/wp-content\/uploads\/2021\/12\/WhatsApp-Image-2021-12-17-at-17.13.55.jpeg\" alt=\"\" class=\"wp-image-4164\" srcset=\"https:\/\/sinasefesm.com\/wp-content\/uploads\/2021\/12\/WhatsApp-Image-2021-12-17-at-17.13.55.jpeg 1600w, https:\/\/sinasefesm.com\/wp-content\/uploads\/2021\/12\/WhatsApp-Image-2021-12-17-at-17.13.55-300x225.jpeg 300w, https:\/\/sinasefesm.com\/wp-content\/uploads\/2021\/12\/WhatsApp-Image-2021-12-17-at-17.13.55-1024x768.jpeg 1024w, https:\/\/sinasefesm.com\/wp-content\/uploads\/2021\/12\/WhatsApp-Image-2021-12-17-at-17.13.55-768x576.jpeg 768w, https:\/\/sinasefesm.com\/wp-content\/uploads\/2021\/12\/WhatsApp-Image-2021-12-17-at-17.13.55-1536x1152.jpeg 1536w, https:\/\/sinasefesm.com\/wp-content\/uploads\/2021\/12\/WhatsApp-Image-2021-12-17-at-17.13.55-150x113.jpeg 150w, https:\/\/sinasefesm.com\/wp-content\/uploads\/2021\/12\/WhatsApp-Image-2021-12-17-at-17.13.55-450x338.jpeg 450w, https:\/\/sinasefesm.com\/wp-content\/uploads\/2021\/12\/WhatsApp-Image-2021-12-17-at-17.13.55-1200x900.jpeg 1200w\" sizes=\"(max-width: 1600px) 100vw, 1600px\" \/><figcaption><em> Atividade do F\u00f3rum e da Campanha &#8216;Santa Maria 50-50&#8217; junto \u00e0s mulheres da Associa\u00e7\u00e3o de Reciclagem Arsele <\/em><\/figcaption><\/figure><\/div>\n\n\n\n<p><\/p>\n\n\n\n<p>\u201cTemos feito a\u00e7\u00f5es nas comunidades em Santa Maria, e temos uma s\u00e9rie de a\u00e7\u00f5es, debates e interven\u00e7\u00f5es previstas para 2022\u201d, projeta Laura.<\/p>\n\n\n\n<p>Ela ainda explica que, no \u00e2mbito municipal, o F\u00f3rum, em parceria com outros movimentos de mulheres, vem pautando duas quest\u00f5es centrais: uma diz respeito \u00e0 cria\u00e7\u00e3o de um Centro de Refer\u00eancia de Atendimento a Mulheres em Situa\u00e7\u00e3o de Viol\u00eancia em Santa Maria (que leve os diversos servi\u00e7os a dialogarem entre si); e a outra prop\u00f5e a elabora\u00e7\u00e3o de uma nova lei para o Conselho Municipal das Mulheres. A lei que rege a composi\u00e7\u00e3o e o funcionamento do Conselho \u00e9 considerada antiga e defasada, de forma que a inst\u00e2ncia, hoje, n\u00e3o se mostra realmente representativa das mulheres que moram e se organizam nas diversas regi\u00f5es do munic\u00edpio.<\/p>\n\n\n\n<div class=\"wp-block-image\"><figure class=\"alignleft size-full\"><img loading=\"lazy\" decoding=\"async\" width=\"1280\" height=\"853\" src=\"https:\/\/sinasefesm.com\/wp-content\/uploads\/2021\/12\/WhatsApp-Image-2021-12-17-at-17.13.54-1-1.jpeg\" alt=\"\" class=\"wp-image-4184\" srcset=\"https:\/\/sinasefesm.com\/wp-content\/uploads\/2021\/12\/WhatsApp-Image-2021-12-17-at-17.13.54-1-1.jpeg 1280w, https:\/\/sinasefesm.com\/wp-content\/uploads\/2021\/12\/WhatsApp-Image-2021-12-17-at-17.13.54-1-1-300x200.jpeg 300w, https:\/\/sinasefesm.com\/wp-content\/uploads\/2021\/12\/WhatsApp-Image-2021-12-17-at-17.13.54-1-1-1024x682.jpeg 1024w, https:\/\/sinasefesm.com\/wp-content\/uploads\/2021\/12\/WhatsApp-Image-2021-12-17-at-17.13.54-1-1-768x512.jpeg 768w, https:\/\/sinasefesm.com\/wp-content\/uploads\/2021\/12\/WhatsApp-Image-2021-12-17-at-17.13.54-1-1-150x100.jpeg 150w, https:\/\/sinasefesm.com\/wp-content\/uploads\/2021\/12\/WhatsApp-Image-2021-12-17-at-17.13.54-1-1-450x300.jpeg 450w, https:\/\/sinasefesm.com\/wp-content\/uploads\/2021\/12\/WhatsApp-Image-2021-12-17-at-17.13.54-1-1-1200x800.jpeg 1200w\" sizes=\"(max-width: 1280px) 100vw, 1280px\" \/><figcaption><em>Reuni\u00e3o com prefeitura e estado para cria\u00e7\u00e3o do Centro de Refer\u00eancia de Atendimento Especializado \u00e0s mulheres em situa\u00e7\u00e3o de viol\u00eancia em Santa Maria <\/em><\/figcaption><\/figure><\/div>\n","protected":false},"excerpt":{"rendered":"<p>Recentemente, no dia 29 de outubro, o Conselho Universit\u00e1rio (Consu) da UFSM aprovou, por unanimidade, a minuta de resolu\u00e7\u00e3o que instituir\u00e1 a Pol\u00edtica de G\u00eanero na universidade. Anteriormente (em 15\/10), a mat\u00e9ria j\u00e1 havia sido aprovada pelo Conselho de Ensino, Pesquisa e Extens\u00e3o (CEPE). Tendo sido constru\u00edda, ao longo de aproximadamente cinco anos, em di\u00e1logo<\/p>\n","protected":false},"author":3,"featured_media":4192,"comment_status":"closed","ping_status":"closed","sticky":false,"template":"","format":"standard","meta":{"footnotes":""},"categories":[37,41,42],"tags":[],"class_list":{"0":"post-4159","1":"post","2":"type-post","3":"status-publish","4":"format-standard","5":"has-post-thumbnail","7":"category-destaque","8":"category-movimento","9":"category-noticia"},"_links":{"self":[{"href":"https:\/\/sinasefesm.com\/index.php\/wp-json\/wp\/v2\/posts\/4159","targetHints":{"allow":["GET"]}}],"collection":[{"href":"https:\/\/sinasefesm.com\/index.php\/wp-json\/wp\/v2\/posts"}],"about":[{"href":"https:\/\/sinasefesm.com\/index.php\/wp-json\/wp\/v2\/types\/post"}],"author":[{"embeddable":true,"href":"https:\/\/sinasefesm.com\/index.php\/wp-json\/wp\/v2\/users\/3"}],"replies":[{"embeddable":true,"href":"https:\/\/sinasefesm.com\/index.php\/wp-json\/wp\/v2\/comments?post=4159"}],"version-history":[{"count":0,"href":"https:\/\/sinasefesm.com\/index.php\/wp-json\/wp\/v2\/posts\/4159\/revisions"}],"wp:featuredmedia":[{"embeddable":true,"href":"https:\/\/sinasefesm.com\/index.php\/wp-json\/wp\/v2\/media\/4192"}],"wp:attachment":[{"href":"https:\/\/sinasefesm.com\/index.php\/wp-json\/wp\/v2\/media?parent=4159"}],"wp:term":[{"taxonomy":"category","embeddable":true,"href":"https:\/\/sinasefesm.com\/index.php\/wp-json\/wp\/v2\/categories?post=4159"},{"taxonomy":"post_tag","embeddable":true,"href":"https:\/\/sinasefesm.com\/index.php\/wp-json\/wp\/v2\/tags?post=4159"}],"curies":[{"name":"wp","href":"https:\/\/api.w.org\/{rel}","templated":true}]}}