{"id":4196,"date":"2022-01-12T21:13:59","date_gmt":"2022-01-12T21:13:59","guid":{"rendered":"https:\/\/sinasefesm.com\/?p=4196"},"modified":"2022-01-12T21:13:59","modified_gmt":"2022-01-12T21:13:59","slug":"carreiras-pcctae-e-ebtt-acumulam-perdas-salariais-significativas-nos-ultimos-10-anos","status":"publish","type":"post","link":"https:\/\/sinasefesm.com\/index.php\/2022\/01\/12\/carreiras-pcctae-e-ebtt-acumulam-perdas-salariais-significativas-nos-ultimos-10-anos\/","title":{"rendered":"Carreiras PCCTAE e EBTT acumulam perdas salariais significativas nos \u00faltimos 10 anos"},"content":{"rendered":"\n<p>Nos \u00faltimos dez anos, as perdas salariais sofridas pelas e pelos integrantes da carreira PCCTAE foram de 52,5%. J\u00e1 as perdas acumuladas pela carreira EBTT variaram a depender da posi\u00e7\u00e3o de cada servidora e servidor na tabela, contudo, para algumas posi\u00e7\u00f5es, o percentual negativo chegou a 26,88%. &nbsp;As informa\u00e7\u00f5es s\u00e3o provenientes de pesquisa elaborada pelo Sinasefe, em parceria com o Fonasefe, com o intuito de expor as diminui\u00e7\u00f5es salariais estimadas para docentes e t\u00e9cnicos, entre 2010 e 2021. O estudo foi realizado ap\u00f3s o presidente Jair Bolsonaro (PL) ceder reajuste salarial a agentes federais de seguran\u00e7a, enquanto 80% dos servidores federais permanecem com sal\u00e1rios congelados h\u00e1 5 anos.<\/p>\n\n\n\n<p>Para calcular os dados aqui apresentados, o respons\u00e1vel pela pesquisa, David Lob\u00e3o, coordenador geral do Sinasefe e professor de matem\u00e1tica do IFPB, adotou como indicador de infla\u00e7\u00e3o o \u00cdndice Nacional de Pre\u00e7os ao Consumidor Amplo (IPCA) do IBGE, entre as datas 01\/07\/2010 e 31\/12\/2021, considerando os reajustes das carreiras PCCTAE e EBTT do mesmo per\u00edodo. Entretanto, como tais reajustes variam para cada carreira, consequentemente, as perdas tamb\u00e9m apresentam valores diferentes.<\/p>\n\n\n\n<div class=\"wp-block-image\"><figure class=\"alignright size-full is-resized\"><img fetchpriority=\"high\" decoding=\"async\" src=\"https:\/\/sinasefesm.com\/wp-content\/uploads\/2022\/01\/recomposicao20102021tabela2.png\" alt=\"\" class=\"wp-image-4198\" width=\"581\" height=\"168\" srcset=\"https:\/\/sinasefesm.com\/wp-content\/uploads\/2022\/01\/recomposicao20102021tabela2.png 605w, https:\/\/sinasefesm.com\/wp-content\/uploads\/2022\/01\/recomposicao20102021tabela2-300x87.png 300w, https:\/\/sinasefesm.com\/wp-content\/uploads\/2022\/01\/recomposicao20102021tabela2-150x43.png 150w, https:\/\/sinasefesm.com\/wp-content\/uploads\/2022\/01\/recomposicao20102021tabela2-450x130.png 450w\" sizes=\"(max-width: 581px) 100vw, 581px\" \/><figcaption>Reajustes PCCTAE (01\/07\/2010 a 31\/12\/2021)<\/figcaption><\/figure><\/div>\n\n\n\n<p>Ao passo que a infla\u00e7\u00e3o acumulada do per\u00edodo \u00e9 de 95,55%, o reajuste salarial acumulado para carreiras PCCTAE alcan\u00e7ou, at\u00e9 2017, somente 28,23% e, desde ent\u00e3o, n\u00e3o sofre modifica\u00e7\u00f5es. J\u00e1 a perda salarial para esse grupo cresceu em todos os anos da \u00faltima d\u00e9cada, chegando a 52,5%.<\/p>\n\n\n\n<div class=\"wp-block-image\"><figure class=\"alignleft size-full is-resized\"><img decoding=\"async\" src=\"https:\/\/sinasefesm.com\/wp-content\/uploads\/2022\/01\/recomposicao20102021tabela4.png\" alt=\"\" class=\"wp-image-4199\" width=\"407\" height=\"250\" srcset=\"https:\/\/sinasefesm.com\/wp-content\/uploads\/2022\/01\/recomposicao20102021tabela4.png 690w, https:\/\/sinasefesm.com\/wp-content\/uploads\/2022\/01\/recomposicao20102021tabela4-300x184.png 300w, https:\/\/sinasefesm.com\/wp-content\/uploads\/2022\/01\/recomposicao20102021tabela4-150x92.png 150w, https:\/\/sinasefesm.com\/wp-content\/uploads\/2022\/01\/recomposicao20102021tabela4-450x277.png 450w\" sizes=\"(max-width: 407px) 100vw, 407px\" \/><figcaption>Reajustes EBTT (01\/07\/2010 a 31\/12\/2021)<\/figcaption><\/figure><\/div>\n\n\n\n<p>Para as perdas na carreira EBTT, n\u00e3o foi poss\u00edvel estimar um \u00fanico n\u00famero, haja vista que, diferente da PCCTAE, que apresenta reajustes lineares ao longo dos anos, essa carreira obteve altera\u00e7\u00f5es diferenciadas para cada posi\u00e7\u00e3o na tabela salarial da categoria. Por isso, os c\u00e1lculos foram feitos para cada uma das posi\u00e7\u00f5es. A maior perda salarial acumulada atingiu professores N\u00edvel 1 da Classe D-III (titula\u00e7\u00e3o mestrado), que chegou a 26,88%, seguida por 26,15% para professores N\u00edvel 1 da Classe D-IV (titula\u00e7\u00e3o doutorado) e 25,46% para professores N\u00edvel 1 da Classe D-1 (titula\u00e7\u00e3o gradua\u00e7\u00e3o). Para acessar a pesquisa completa feita pelo Sinasefe, clique <a href=\"file:\/\/\/C:\/Users\/Usuario\/Downloads\/CALCULO-SOBRE-PERDAS-SALARIAS-DAS-CATEGORIAS-EBTT-E-PCCTAE-julho-2010-a-dezembro-2021.pdf\">a<\/a><a href=\"https:\/\/sinasefe.org.br\/site\/download\/perdas-salariais-de-docentes-carreira-ebtt-e-tecnico-administrativos-carreira-pcctae-de-01-07-2010-ate-31-12-2021\/\">qui<\/a>.<\/p>\n\n\n\n<p><\/p>\n\n\n\n<h2 class=\"wp-block-heading\">Inicia-se uma mobiliza\u00e7\u00e3o<\/h2>\n\n\n\n<p>Em decorr\u00eancia da constante desvaloriza\u00e7\u00e3o salarial sofrida pelo setor p\u00fablico, o Sinasefe vem se organizando, nas \u00faltimas semanas, para iniciar uma mobiliza\u00e7\u00e3o contra o congelamento salarial de docentes e t\u00e9cnicos-administrativos da Rede Federal de Educa\u00e7\u00e3o Profissional, Cient\u00edfica e Tecnol\u00f3gica. Para saber das pr\u00f3ximas informa\u00e7\u00f5es relacionadas a essa mobiliza\u00e7\u00e3o, continue nos acompanhando em nosso site e redes sociais.<\/p>\n\n\n\n<p><\/p>\n\n\n\n<p><em>Texto: Laurent Keller<\/em><\/p>\n\n\n\n<p><em>Revis\u00e3o: Bruna Homrich<\/em><\/p>\n","protected":false},"excerpt":{"rendered":"<p>Nos \u00faltimos dez anos, as perdas salariais sofridas pelas e pelos integrantes da carreira PCCTAE foram de 52,5%. J\u00e1 as perdas acumuladas pela carreira EBTT variaram a depender da posi\u00e7\u00e3o de cada servidora e servidor na tabela, contudo, para algumas posi\u00e7\u00f5es, o percentual negativo chegou a 26,88%. &nbsp;As informa\u00e7\u00f5es s\u00e3o provenientes de pesquisa elaborada pelo<\/p>\n","protected":false},"author":5,"featured_media":4197,"comment_status":"closed","ping_status":"closed","sticky":false,"template":"","format":"standard","meta":{"footnotes":""},"categories":[37,42],"tags":[75,76,88,211,213],"class_list":{"0":"post-4196","1":"post","2":"type-post","3":"status-publish","4":"format-standard","5":"has-post-thumbnail","7":"category-destaque","8":"category-noticia","9":"tag-carreira-ebtt","10":"tag-carreira-pcctae","11":"tag-congelamento-salarial","12":"tag-salario-congelado","13":"tag-servico-publico"},"_links":{"self":[{"href":"https:\/\/sinasefesm.com\/index.php\/wp-json\/wp\/v2\/posts\/4196","targetHints":{"allow":["GET"]}}],"collection":[{"href":"https:\/\/sinasefesm.com\/index.php\/wp-json\/wp\/v2\/posts"}],"about":[{"href":"https:\/\/sinasefesm.com\/index.php\/wp-json\/wp\/v2\/types\/post"}],"author":[{"embeddable":true,"href":"https:\/\/sinasefesm.com\/index.php\/wp-json\/wp\/v2\/users\/5"}],"replies":[{"embeddable":true,"href":"https:\/\/sinasefesm.com\/index.php\/wp-json\/wp\/v2\/comments?post=4196"}],"version-history":[{"count":0,"href":"https:\/\/sinasefesm.com\/index.php\/wp-json\/wp\/v2\/posts\/4196\/revisions"}],"wp:featuredmedia":[{"embeddable":true,"href":"https:\/\/sinasefesm.com\/index.php\/wp-json\/wp\/v2\/media\/4197"}],"wp:attachment":[{"href":"https:\/\/sinasefesm.com\/index.php\/wp-json\/wp\/v2\/media?parent=4196"}],"wp:term":[{"taxonomy":"category","embeddable":true,"href":"https:\/\/sinasefesm.com\/index.php\/wp-json\/wp\/v2\/categories?post=4196"},{"taxonomy":"post_tag","embeddable":true,"href":"https:\/\/sinasefesm.com\/index.php\/wp-json\/wp\/v2\/tags?post=4196"}],"curies":[{"name":"wp","href":"https:\/\/api.w.org\/{rel}","templated":true}]}}