{"id":4203,"date":"2022-01-14T02:07:52","date_gmt":"2022-01-14T02:07:52","guid":{"rendered":"https:\/\/sinasefesm.com\/?p=4203"},"modified":"2022-01-14T02:07:52","modified_gmt":"2022-01-14T02:07:52","slug":"funcionalismo-prepara-possivel-greve-geral-para-fevereiro","status":"publish","type":"post","link":"https:\/\/sinasefesm.com\/index.php\/2022\/01\/14\/funcionalismo-prepara-possivel-greve-geral-para-fevereiro\/","title":{"rendered":"Funcionalismo prepara poss\u00edvel greve geral para fevereiro"},"content":{"rendered":"\n<p>\u201c\u00c9 uma falta de respeito com o conjunto do funcionalismo\u201d. Foi assim que S\u00e9rgio Ronaldo da Silva, secret\u00e1rio-geral da Confedera\u00e7\u00e3o dos Trabalhadores no Servi\u00e7o P\u00fablico Federal (Condsef), definiu, em entrevista ao jornal Correio, a decis\u00e3o do presidente Jair Bolsonaro de conceder reajuste salarial apenas aos agentes federais de seguran\u00e7a, enquanto 80% dos servidores e servidoras amargam sal\u00e1rios congelados desde janeiro de 2017.<\/p>\n\n\n\n<blockquote class=\"wp-block-quote is-layout-flow wp-block-quote-is-layout-flow\"><p>A resposta do funcionalismo, alerta o dirigente, tende a ser a constru\u00e7\u00e3o de uma greve: \u201cessa indigna\u00e7\u00e3o vai se transformar em a\u00e7\u00e3o com o movimento paredista [&#8230;] a inten\u00e7\u00e3o \u00e9 de que a gente sinalize, j\u00e1 para o m\u00eas de fevereiro, uma greve geral do funcionalismo por tempo indeterminado\u201d, complementou.<\/p><\/blockquote>\n\n\n\n<p>Ele ainda explica que, desde mar\u00e7o de 2021, os servidores e servidoras v\u00eam solicitando ao governo a abertura de um processo de di\u00e1logo e negocia\u00e7\u00e3o. Contudo, ap\u00f3s todo esse tempo, o governo, atrav\u00e9s do Minist\u00e9rio da Economia, segue em sil\u00eancio. \u201cEnt\u00e3o, lamentavelmente, tem um lado que quer dialogar, que s\u00e3o as representa\u00e7\u00f5es do conjunto do funcionalismo, mas o governo n\u00e3o quer di\u00e1logo, n\u00e3o quer conversa\u201d, diz Silva, para quem falta disposi\u00e7\u00e3o pol\u00edtica do Executivo em negociar com os trabalhadores e trabalhadoras do setor p\u00fablico.<\/p>\n\n\n\n<p>Frente a esse cen\u00e1rio, no \u00faltimo dia 29 de dezembro, o Sinasefe reuniu-se com entidades como o ANDES-SN, a Fasubra e o F\u00f3rum Nacional de Entidades de Servidores (Fonasefe) para debater a constru\u00e7\u00e3o de uma greve do funcionalismo p\u00fablico ainda para este primeiro trimestre de 2022.<\/p>\n\n\n\n<div class=\"wp-block-image\"><figure class=\"alignleft size-full\"><img decoding=\"async\" src=\"https:\/\/sinasefesm.com\/wp-content\/uploads\/2022\/01\/Plenaria-Greve-2022-Usar-Essa..png\" alt=\"\" class=\"wp-image-4204\"\/><\/figure><\/div>\n\n\n\n<p>Na ocasi\u00e3o, o coordenador geral do Sinasefe, David Lob\u00e3o, argumentou que \u201ctodas as servidoras e todos os servidores p\u00fablicos est\u00e3o com a perda salarial alta. A maioria est\u00e1 sem reajuste desde 2017, com perdas que ultrapassam 50%. N\u00f3s achamos que todos n\u00f3s merecemos a reposi\u00e7\u00e3o salarial, queremos que seja para todos e todas, porque n\u00f3s sofremos com infla\u00e7\u00e3o\u201d.<\/p>\n\n\n\n<p><strong>Mobiliza\u00e7\u00e3o<\/strong><\/p>\n\n\n\n<p>As categorias come\u00e7am a reagir. Auditores fiscais v\u00eam intensificando a opera\u00e7\u00e3o-tartaruga no porto de Santos, o principal do pa\u00eds. Al\u00e9m de reposi\u00e7\u00e3o salarial, os servidores da Receita pedem a regulamenta\u00e7\u00e3o do chamado b\u00f4nus de efici\u00eancia e a abertura de concursos p\u00fablicos para reposi\u00e7\u00e3o de pessoal. Segundo o Sindicato Nacional dos Auditores-Fiscais da Receita (Sindifisco), o \u00f3rg\u00e3o perdeu cerca de 50% de seu efetivo de auditores nos \u00faltimos dez anos. O Banco Central tamb\u00e9m apresenta reivindica\u00e7\u00e3o semelhante, e seus funcion\u00e1rios t\u00eam intensificado a press\u00e3o pelo reajuste e por reposi\u00e7\u00e3o de vagas.\u00a0<\/p>\n\n\n\n<p>Para Rudinei Marques, presidente do F\u00f3rum Nacional Permanente de Carreiras T\u00edpicas do Estado (Fonacate), se o governo federal seguir sem qualquer pretens\u00e3o de dialogar e ouvir as reivindica\u00e7\u00f5es dos servidores e servidoras, \u201cn\u00e3o nos resta alternativa sen\u00e3o parar o pa\u00eds\u201d. Ele explica que as mesas de negocia\u00e7\u00e3o permanentes entre sindicatos, associa\u00e7\u00f5es e Executivo, existentes desde 2003, foram extinguidas quando teve in\u00edcio o governo Bolsonaro, deixando o funcionalismo sem qualquer inst\u00e2ncia a que pudesse recorrer. <\/p>\n\n\n\n<p>\u201cPor parte do governo, o que a gente v\u00ea s\u00e3o promessas reiteradas do ministro Paulo Guedes de retomada econ\u00f4mica, e nada disso acontece. No nosso entendimento, n\u00e3o acontece porque os sal\u00e1rios foram aviltados no Brasil, n\u00e3o s\u00f3 no setor p\u00fablico. Mais de 70 milh\u00f5es, hoje, est\u00e3o no desalento, desemprego ou informalidade, isso em fun\u00e7\u00e3o da reforma trabalhista que empurrou milh\u00f5es para a informalidade. A retomada da economia n\u00e3o acontece, e uma das raz\u00f5es \u00e9 essa. Sem dinheiro, n\u00e3o h\u00e1 economia que se recupere. \u00c9 o dinheiro no bolso do trabalhador que faz girar a roda da economia. Os servidores t\u00eam de se mobilizar, assim como a iniciativa privada tamb\u00e9m\u201d, defende Marques.<\/p>\n","protected":false},"excerpt":{"rendered":"<p>\u201c\u00c9 uma falta de respeito com o conjunto do funcionalismo\u201d. Foi assim que S\u00e9rgio Ronaldo da Silva, secret\u00e1rio-geral da Confedera\u00e7\u00e3o dos Trabalhadores no Servi\u00e7o P\u00fablico Federal (Condsef), definiu, em entrevista ao jornal Correio, a decis\u00e3o do presidente Jair Bolsonaro de conceder reajuste salarial apenas aos agentes federais de seguran\u00e7a, enquanto 80% dos servidores e servidoras<\/p>\n","protected":false},"author":3,"featured_media":4205,"comment_status":"closed","ping_status":"closed","sticky":false,"template":"","format":"standard","meta":{"footnotes":""},"categories":[37,41,42,45],"tags":[],"class_list":{"0":"post-4203","1":"post","2":"type-post","3":"status-publish","4":"format-standard","5":"has-post-thumbnail","7":"category-destaque","8":"category-movimento","9":"category-noticia","10":"category-sindicato"},"_links":{"self":[{"href":"https:\/\/sinasefesm.com\/index.php\/wp-json\/wp\/v2\/posts\/4203","targetHints":{"allow":["GET"]}}],"collection":[{"href":"https:\/\/sinasefesm.com\/index.php\/wp-json\/wp\/v2\/posts"}],"about":[{"href":"https:\/\/sinasefesm.com\/index.php\/wp-json\/wp\/v2\/types\/post"}],"author":[{"embeddable":true,"href":"https:\/\/sinasefesm.com\/index.php\/wp-json\/wp\/v2\/users\/3"}],"replies":[{"embeddable":true,"href":"https:\/\/sinasefesm.com\/index.php\/wp-json\/wp\/v2\/comments?post=4203"}],"version-history":[{"count":0,"href":"https:\/\/sinasefesm.com\/index.php\/wp-json\/wp\/v2\/posts\/4203\/revisions"}],"wp:featuredmedia":[{"embeddable":true,"href":"https:\/\/sinasefesm.com\/index.php\/wp-json\/wp\/v2\/media\/4205"}],"wp:attachment":[{"href":"https:\/\/sinasefesm.com\/index.php\/wp-json\/wp\/v2\/media?parent=4203"}],"wp:term":[{"taxonomy":"category","embeddable":true,"href":"https:\/\/sinasefesm.com\/index.php\/wp-json\/wp\/v2\/categories?post=4203"},{"taxonomy":"post_tag","embeddable":true,"href":"https:\/\/sinasefesm.com\/index.php\/wp-json\/wp\/v2\/tags?post=4203"}],"curies":[{"name":"wp","href":"https:\/\/api.w.org\/{rel}","templated":true}]}}