{"id":4207,"date":"2022-01-20T15:57:18","date_gmt":"2022-01-20T15:57:18","guid":{"rendered":"https:\/\/sinasefesm.com\/?p=4207"},"modified":"2022-01-20T15:57:18","modified_gmt":"2022-01-20T15:57:18","slug":"santa-maria-sedia-a-v-conferencia-sobre-saude-mental-a-partir-desta-quinta","status":"publish","type":"post","link":"https:\/\/sinasefesm.com\/index.php\/2022\/01\/20\/santa-maria-sedia-a-v-conferencia-sobre-saude-mental-a-partir-desta-quinta\/","title":{"rendered":"Santa Maria sedia a V Confer\u00eancia sobre Sa\u00fade Mental a partir desta quinta"},"content":{"rendered":"\n<p>A Confer\u00eancia Municipal de Sa\u00fade Mental ser\u00e1 realizada presencialmente no Itaimb\u00e9 Palace Hotel (R. Ven\u00e2ncio Aires, 2741), nesta quinta-feira, 20, a partir das 17h30, e na sexta-feira, 21, \u00e0s 8h30. O evento deve abordar quest\u00f5es psicol\u00f3gicas emergenciais e discutir sobre pol\u00edticas p\u00fablicas de sa\u00fade mental no Brasil. Para participar, \u00e9 necess\u00e1rio preencher o formul\u00e1rio dispon\u00edvel neste link: <a href=\"https:\/\/docs.google.com\/forms\/d\/e\/1FAIpQLSdAfT5rQKOK5G1e3YKIn-EAWPeTb5hYjXoJYhbvDnxBMrpSfQ\/viewform\" target=\"_blank\" rel=\"noreferrer noopener\">https:\/\/docs.google.com\/forms\/d\/e\/1FAIpQLSdAfT5rQKOK5G1e3YKIn-EAWPeTb5hYjXoJYhbvDnxBMrpSfQ\/viewform<\/a>.<\/p>\n\n\n\n<p>Entretanto, devido ao avan\u00e7o da dissemina\u00e7\u00e3o da variante \u00d4micron, o limite de pessoas corresponder\u00e1 a somente 20% da capacidade total do audit\u00f3rio, isto \u00e9, 150 pessoas. A decis\u00e3o foi definida pela comiss\u00e3o organizadora como uma provid\u00eancia necess\u00e1ria para que a Confer\u00eancia esteja sanitariamente protegida. Outras medidas preventivas estabelecidas para o evento s\u00e3o: exig\u00eancia do passaporte vacinal para todos e todas participantes; distribui\u00e7\u00e3o de m\u00e1scaras cir\u00fargicas e \u00e1lcool em gel para quem necessitar; e cancelamento do \u2018\u2019coffee break\u2019\u2019.<\/p>\n\n\n\n<p>Al\u00e9m disso, as atividades tamb\u00e9m ser\u00e3o transmitidas virtualmente, por meio do Youtube. Para acessar os debates do primeiro dia, clique aqui (<a href=\"https:\/\/www.youtube.com\/watch?v=UqnhqIxcAns\" target=\"_blank\" rel=\"noreferrer noopener\">https:\/\/www.youtube.com\/watch?v=UqnhqIxcAns<\/a>) , e os do segundo dia, aqui (<a href=\"https:\/\/www.youtube.com\/watch?v=6Dun18dYnXg\" target=\"_blank\" rel=\"noreferrer noopener\">https:\/\/www.youtube.com\/watch?v=6Dun18dYnXg<\/a>) .<\/p>\n\n\n\n<p>A defesa da sa\u00fade mental vem sendo uma das principais pautas do Sinasefe, principalmente ap\u00f3s o in\u00edcio da pandemia, como afirmou Cl\u00e1udia do Amaral, Secret\u00e1ria Geral da entidade, durante a pr\u00e9-confer\u00eancia realizada em 13 de dezembro. Leia mais aqui (<a href=\"https:\/\/sinasefesm.com\/sinasefe-participa-da-pre-conferencia-sobre-saude-mental\/\" target=\"_blank\" rel=\"noreferrer noopener\">https:\/\/sinasefesm.com\/sinasefe-participa-da-pre-conferencia-sobre-saude-mental\/<\/a>) .<\/p>\n\n\n\n<p><strong>Cronograma de atividades<\/strong><\/p>\n\n\n\n<p>20\/01 &#8211; 1\u00ba dia da V Confer\u00eancia Municipal de Sa\u00fade Mental<br>17h30m &#8211; 18h30m: Credenciamento e Palco Livre para apresenta\u00e7\u00f5es art\u00edsticas<br>18h30m: Mesa de abertura<br>19h10m: Teatro em Libras<br>19h20m: Mesa de usu\u00e1rios<br>20h: Desafios e perspectivas da Reforma Psiqui\u00e1trica &#8211; Paulo Amarante (Psiquiatra e Pesquisador da Escola Nacional de Sa\u00fade P\u00fablica)<br>20h30m: Um passado presente: Relato de experi\u00eancia da desinstitucionaliza\u00e7\u00e3o em Cachoeira do Sul &#8211; Maur\u00edcio Dutra (Coordenador dos Servi\u00e7os Residenciais Terap\u00eauticos em Cachoeira do Sul) &#8211; Claudiomar Carvalho (morador do SRT &#8220;Reviver&#8221;) &#8211; Maristela Schneider (Promotora de Justi\u00e7a MP\/RS)<br>21h: Aprova\u00e7\u00e3o do Regulamento da V Confer\u00eancia Municipal de Sa\u00fade Mental<\/p>\n\n\n\n<p>21\/01 &#8211; 2\u00ba dia V Confer\u00eancia Municipal de Sa\u00fade Mental<br>8h30 &#8211; 10h: Credenciamento<br>8h30 &#8211; 12h: Grupos de Trabalho<br>13h30: Plen\u00e1ria Final<\/p>\n\n\n\n<ul class=\"wp-block-list\"><li>Vota\u00e7\u00e3o das propostas dos grupos<\/li><li>Apresenta\u00e7\u00e3o e Vota\u00e7\u00e3o das Mo\u00e7\u00f5es<\/li><li>Vota\u00e7\u00e3o das 12 propostas priorit\u00e1rias para a IV Confer\u00eancia Estadual de Sa\u00fade Mental<\/li><li>Elei\u00e7\u00e3o de Delegadas(os) para IV Confer\u00eancia Estadual de Sa\u00fade Mental<\/li><li>19h: Encerramento<\/li><\/ul>\n\n\n\n<p><\/p>\n\n\n\n<p><em>Texto: Laurent Keller<\/em><\/p>\n\n\n\n<p><em>Revis\u00e3o: Bruna Homrich<\/em><\/p>\n","protected":false},"excerpt":{"rendered":"<p>A Confer\u00eancia Municipal de Sa\u00fade Mental ser\u00e1 realizada presencialmente no Itaimb\u00e9 Palace Hotel (R. Ven\u00e2ncio Aires, 2741), nesta quinta-feira, 20, a partir das 17h30, e na sexta-feira, 21, \u00e0s 8h30. O evento deve abordar quest\u00f5es psicol\u00f3gicas emergenciais e discutir sobre pol\u00edticas p\u00fablicas de sa\u00fade mental no Brasil. Para participar, \u00e9 necess\u00e1rio preencher o formul\u00e1rio dispon\u00edvel<\/p>\n","protected":false},"author":5,"featured_media":4208,"comment_status":"closed","ping_status":"closed","sticky":false,"template":"","format":"standard","meta":{"footnotes":""},"categories":[39,42],"tags":[],"class_list":{"0":"post-4207","1":"post","2":"type-post","3":"status-publish","4":"format-standard","5":"has-post-thumbnail","7":"category-eventos","8":"category-noticia"},"_links":{"self":[{"href":"https:\/\/sinasefesm.com\/index.php\/wp-json\/wp\/v2\/posts\/4207","targetHints":{"allow":["GET"]}}],"collection":[{"href":"https:\/\/sinasefesm.com\/index.php\/wp-json\/wp\/v2\/posts"}],"about":[{"href":"https:\/\/sinasefesm.com\/index.php\/wp-json\/wp\/v2\/types\/post"}],"author":[{"embeddable":true,"href":"https:\/\/sinasefesm.com\/index.php\/wp-json\/wp\/v2\/users\/5"}],"replies":[{"embeddable":true,"href":"https:\/\/sinasefesm.com\/index.php\/wp-json\/wp\/v2\/comments?post=4207"}],"version-history":[{"count":0,"href":"https:\/\/sinasefesm.com\/index.php\/wp-json\/wp\/v2\/posts\/4207\/revisions"}],"wp:featuredmedia":[{"embeddable":true,"href":"https:\/\/sinasefesm.com\/index.php\/wp-json\/wp\/v2\/media\/4208"}],"wp:attachment":[{"href":"https:\/\/sinasefesm.com\/index.php\/wp-json\/wp\/v2\/media?parent=4207"}],"wp:term":[{"taxonomy":"category","embeddable":true,"href":"https:\/\/sinasefesm.com\/index.php\/wp-json\/wp\/v2\/categories?post=4207"},{"taxonomy":"post_tag","embeddable":true,"href":"https:\/\/sinasefesm.com\/index.php\/wp-json\/wp\/v2\/tags?post=4207"}],"curies":[{"name":"wp","href":"https:\/\/api.w.org\/{rel}","templated":true}]}}