{"id":4212,"date":"2022-01-21T14:51:09","date_gmt":"2022-01-21T14:51:09","guid":{"rendered":"https:\/\/sinasefesm.com\/?p=4212"},"modified":"2022-01-21T14:51:09","modified_gmt":"2022-01-21T14:51:09","slug":"servidores-publicos-protocolam-pauta-de-reivindicacoes-emergenciais-ao-governo","status":"publish","type":"post","link":"https:\/\/sinasefesm.com\/index.php\/2022\/01\/21\/servidores-publicos-protocolam-pauta-de-reivindicacoes-emergenciais-ao-governo\/","title":{"rendered":"Servidores p\u00fablicos protocolam pauta de reivindica\u00e7\u00f5es emergenciais ao governo"},"content":{"rendered":"\n<p>Na \u00faltima ter\u00e7a-feira, 18 de janeiro, os servidores p\u00fablicos federais protagonizaram mais um cap\u00edtulo importante na luta por valoriza\u00e7\u00e3o, reconhecimento e defesa do patrim\u00f4nio p\u00fablico. Atos p\u00fablicos em Bras\u00edlia (em frente ao Banco Central e ao Minist\u00e9rio da Economia), em Recife e no Rio de Janeiro foram registrados.<\/p>\n\n\n\n<p>Na data, o F\u00f3rum das Entidades Nacionais dos Servidores P\u00fablicos Federais (Fonasefe), que congrega dezenas de entidades de servidores p\u00fablicos, protocolou uma pauta de reivindica\u00e7\u00f5es emergenciais ao governo federal. O documento, <a href=\"https:\/\/sinasefe.org.br\/site\/download\/campanha-salarial-unificada-fonasefe-2022-pauta-de-reivindicacoes\/\" data-type=\"URL\" data-id=\"https:\/\/sinasefe.org.br\/site\/download\/campanha-salarial-unificada-fonasefe-2022-pauta-de-reivindicacoes\/\" target=\"_blank\" rel=\"noreferrer noopener\">que pode ser acessado na \u00edntegra aqui<\/a>, cobra, dentre outras quest\u00f5es, a reposi\u00e7\u00e3o salarial de 19,99%; a revoga\u00e7\u00e3o da Emenda Constitucional 95\/2016, que congelou investimentos p\u00fablicos por 20 anos; e o arquivamento da Proposta de Emenda \u00e0 Constitui\u00e7\u00e3o (PEC) 32\/20, respons\u00e1vel por dar in\u00edcio \u00e0 Reforma Administrativa.<\/p>\n\n\n\n<p>O Sinasefe participou da entrega das reivindica\u00e7\u00f5es e, para o coordenador geral da entidade, David Lob\u00e3o, o momento \u00e9 de engrossar a mobiliza\u00e7\u00e3o e levar para as bases a proposta de constru\u00e7\u00e3o de uma greve geral do servi\u00e7o p\u00fablico. \u201cAgora precisamos de realizar grandes assembleias com os trabalhadores e trabalhadoras para que se incorporem \u00e0 luta em defesa da reposi\u00e7\u00e3o salarial\u201d, sinaliza Lob\u00e3o. \u201cSe as nossas reivindica\u00e7\u00f5es n\u00e3o forem atendidas, vamos construir uma das maiores greves que o servi\u00e7o p\u00fablico j\u00e1 fez\u201d, projeta.<\/p>\n\n\n\n<p>Diego Sim\u00f5es, integrante da Dire\u00e7\u00e3o Nacional do Sinasefe e membro da Comiss\u00e3o Nacional Docente, refor\u00e7ou a import\u00e2ncia da unidade. \u201cVamos preparar uma grande greve para devolver ao Guedes e ao Bolsonaro a granada que eles insistem em colocar em nosso bolso\u201d, destaca Diego.<\/p>\n\n\n\n<p>\u201cEstamos sobrecarregados, com muito trabalho, mas esse \u00e9 um ano chave para lutar pelos nossos direitos e virar esse jogo\u201d, afirmou a dirigente do Sinasefe Bras\u00edlia, Camila Ten\u00f3rio Cunha.<\/p>\n\n\n\n<p>Confira, abaixo, algumas imagens dos protestos realizados na \u00faltima ter\u00e7a-feira:<\/p>\n\n\n\n<p><strong>BANCO CENTRAL<\/strong><\/p>\n\n\n\n<figure class=\"wp-block-gallery columns-2 is-cropped wp-block-gallery-1 is-layout-flex wp-block-gallery-is-layout-flex\"><ul class=\"blocks-gallery-grid\"><li class=\"blocks-gallery-item\"><figure><img fetchpriority=\"high\" decoding=\"async\" width=\"1800\" height=\"1192\" src=\"https:\/\/sinasefesm.com\/wp-content\/uploads\/2022\/01\/banco-central-2.jpg\" alt=\"\" data-id=\"4219\" data-link=\"https:\/\/sinasefesm.com\/?attachment_id=4219\" class=\"wp-image-4219\" srcset=\"https:\/\/sinasefesm.com\/wp-content\/uploads\/2022\/01\/banco-central-2.jpg 1800w, https:\/\/sinasefesm.com\/wp-content\/uploads\/2022\/01\/banco-central-2-300x199.jpg 300w, https:\/\/sinasefesm.com\/wp-content\/uploads\/2022\/01\/banco-central-2-1024x678.jpg 1024w, https:\/\/sinasefesm.com\/wp-content\/uploads\/2022\/01\/banco-central-2-768x509.jpg 768w, https:\/\/sinasefesm.com\/wp-content\/uploads\/2022\/01\/banco-central-2-1536x1017.jpg 1536w, https:\/\/sinasefesm.com\/wp-content\/uploads\/2022\/01\/banco-central-2-150x99.jpg 150w, https:\/\/sinasefesm.com\/wp-content\/uploads\/2022\/01\/banco-central-2-450x298.jpg 450w, https:\/\/sinasefesm.com\/wp-content\/uploads\/2022\/01\/banco-central-2-1200x795.jpg 1200w\" sizes=\"(max-width: 1800px) 100vw, 1800px\" \/><\/figure><\/li><li class=\"blocks-gallery-item\"><figure><img decoding=\"async\" width=\"1800\" height=\"1192\" src=\"https:\/\/sinasefesm.com\/wp-content\/uploads\/2022\/01\/BANCO-CENTRAL-3.jpg\" alt=\"\" data-id=\"4220\" data-full-url=\"https:\/\/sinasefesm.com\/wp-content\/uploads\/2022\/01\/BANCO-CENTRAL-3.jpg\" data-link=\"https:\/\/sinasefesm.com\/?attachment_id=4220\" class=\"wp-image-4220\" srcset=\"https:\/\/sinasefesm.com\/wp-content\/uploads\/2022\/01\/BANCO-CENTRAL-3.jpg 1800w, https:\/\/sinasefesm.com\/wp-content\/uploads\/2022\/01\/BANCO-CENTRAL-3-300x199.jpg 300w, https:\/\/sinasefesm.com\/wp-content\/uploads\/2022\/01\/BANCO-CENTRAL-3-1024x678.jpg 1024w, https:\/\/sinasefesm.com\/wp-content\/uploads\/2022\/01\/BANCO-CENTRAL-3-768x509.jpg 768w, https:\/\/sinasefesm.com\/wp-content\/uploads\/2022\/01\/BANCO-CENTRAL-3-1536x1017.jpg 1536w, https:\/\/sinasefesm.com\/wp-content\/uploads\/2022\/01\/BANCO-CENTRAL-3-150x99.jpg 150w, https:\/\/sinasefesm.com\/wp-content\/uploads\/2022\/01\/BANCO-CENTRAL-3-450x298.jpg 450w, https:\/\/sinasefesm.com\/wp-content\/uploads\/2022\/01\/BANCO-CENTRAL-3-1200x795.jpg 1200w\" sizes=\"(max-width: 1800px) 100vw, 1800px\" \/><\/figure><\/li><\/ul><\/figure>\n\n\n\n<p><strong>MINIST\u00c9RIO DA ECONOMIA<\/strong><\/p>\n\n\n\n<figure class=\"wp-block-image size-full is-style-rounded\"><img decoding=\"async\" src=\"https:\/\/sinasefesm.com\/wp-content\/uploads\/2022\/01\/MINISTERIO-DA-ECONOMIA..jpeg\" alt=\"\" class=\"wp-image-4213\"\/><\/figure>\n\n\n\n<figure class=\"wp-block-image size-full is-style-rounded\"><img decoding=\"async\" width=\"683\" height=\"1024\" src=\"https:\/\/sinasefesm.com\/wp-content\/uploads\/2022\/01\/MPOG-ATO-2.jpeg\" alt=\"\" class=\"wp-image-4215\" srcset=\"https:\/\/sinasefesm.com\/wp-content\/uploads\/2022\/01\/MPOG-ATO-2.jpeg 683w, https:\/\/sinasefesm.com\/wp-content\/uploads\/2022\/01\/MPOG-ATO-2-200x300.jpeg 200w, https:\/\/sinasefesm.com\/wp-content\/uploads\/2022\/01\/MPOG-ATO-2-150x225.jpeg 150w, https:\/\/sinasefesm.com\/wp-content\/uploads\/2022\/01\/MPOG-ATO-2-450x675.jpeg 450w\" sizes=\"(max-width: 683px) 100vw, 683px\" \/><\/figure>\n\n\n\n<p><strong>RECIFE<\/strong><\/p>\n\n\n\n<figure class=\"wp-block-image size-full is-style-rounded\"><img loading=\"lazy\" decoding=\"async\" width=\"1600\" height=\"1200\" src=\"https:\/\/sinasefesm.com\/wp-content\/uploads\/2022\/01\/ATO-EM-RECIFE-1.jpeg\" alt=\"\" class=\"wp-image-4217\" srcset=\"https:\/\/sinasefesm.com\/wp-content\/uploads\/2022\/01\/ATO-EM-RECIFE-1.jpeg 1600w, https:\/\/sinasefesm.com\/wp-content\/uploads\/2022\/01\/ATO-EM-RECIFE-1-300x225.jpeg 300w, https:\/\/sinasefesm.com\/wp-content\/uploads\/2022\/01\/ATO-EM-RECIFE-1-1024x768.jpeg 1024w, https:\/\/sinasefesm.com\/wp-content\/uploads\/2022\/01\/ATO-EM-RECIFE-1-768x576.jpeg 768w, https:\/\/sinasefesm.com\/wp-content\/uploads\/2022\/01\/ATO-EM-RECIFE-1-1536x1152.jpeg 1536w, https:\/\/sinasefesm.com\/wp-content\/uploads\/2022\/01\/ATO-EM-RECIFE-1-150x113.jpeg 150w, https:\/\/sinasefesm.com\/wp-content\/uploads\/2022\/01\/ATO-EM-RECIFE-1-450x338.jpeg 450w, https:\/\/sinasefesm.com\/wp-content\/uploads\/2022\/01\/ATO-EM-RECIFE-1-1200x900.jpeg 1200w\" sizes=\"(max-width: 1600px) 100vw, 1600px\" \/><\/figure>\n\n\n\n<p><strong>RIO DE JANEIRO<\/strong><\/p>\n\n\n\n<figure class=\"wp-block-image size-full is-style-rounded\"><img decoding=\"async\" src=\"https:\/\/sinasefesm.com\/wp-content\/uploads\/2022\/01\/rio-de-janeiro..jpeg\" alt=\"\" class=\"wp-image-4216\"\/><\/figure>\n\n\n\n<p><\/p>\n","protected":false},"excerpt":{"rendered":"<p>Na \u00faltima ter\u00e7a-feira, 18 de janeiro, os servidores p\u00fablicos federais protagonizaram mais um cap\u00edtulo importante na luta por valoriza\u00e7\u00e3o, reconhecimento e defesa do patrim\u00f4nio p\u00fablico. Atos p\u00fablicos em Bras\u00edlia (em frente ao Banco Central e ao Minist\u00e9rio da Economia), em Recife e no Rio de Janeiro foram registrados. Na data, o F\u00f3rum das Entidades Nacionais<\/p>\n","protected":false},"author":3,"featured_media":4224,"comment_status":"closed","ping_status":"closed","sticky":false,"template":"","format":"standard","meta":{"footnotes":""},"categories":[41,42,45],"tags":[],"class_list":{"0":"post-4212","1":"post","2":"type-post","3":"status-publish","4":"format-standard","5":"has-post-thumbnail","7":"category-movimento","8":"category-noticia","9":"category-sindicato"},"_links":{"self":[{"href":"https:\/\/sinasefesm.com\/index.php\/wp-json\/wp\/v2\/posts\/4212","targetHints":{"allow":["GET"]}}],"collection":[{"href":"https:\/\/sinasefesm.com\/index.php\/wp-json\/wp\/v2\/posts"}],"about":[{"href":"https:\/\/sinasefesm.com\/index.php\/wp-json\/wp\/v2\/types\/post"}],"author":[{"embeddable":true,"href":"https:\/\/sinasefesm.com\/index.php\/wp-json\/wp\/v2\/users\/3"}],"replies":[{"embeddable":true,"href":"https:\/\/sinasefesm.com\/index.php\/wp-json\/wp\/v2\/comments?post=4212"}],"version-history":[{"count":0,"href":"https:\/\/sinasefesm.com\/index.php\/wp-json\/wp\/v2\/posts\/4212\/revisions"}],"wp:featuredmedia":[{"embeddable":true,"href":"https:\/\/sinasefesm.com\/index.php\/wp-json\/wp\/v2\/media\/4224"}],"wp:attachment":[{"href":"https:\/\/sinasefesm.com\/index.php\/wp-json\/wp\/v2\/media?parent=4212"}],"wp:term":[{"taxonomy":"category","embeddable":true,"href":"https:\/\/sinasefesm.com\/index.php\/wp-json\/wp\/v2\/categories?post=4212"},{"taxonomy":"post_tag","embeddable":true,"href":"https:\/\/sinasefesm.com\/index.php\/wp-json\/wp\/v2\/tags?post=4212"}],"curies":[{"name":"wp","href":"https:\/\/api.w.org\/{rel}","templated":true}]}}