{"id":4232,"date":"2022-01-26T20:48:24","date_gmt":"2022-01-26T20:48:24","guid":{"rendered":"https:\/\/sinasefesm.com\/?p=4232"},"modified":"2022-01-26T20:48:24","modified_gmt":"2022-01-26T20:48:24","slug":"170a-plena-do-sinasefe-ocorre-em-fevereiro-e-discute-mobilizacao-do-funcionalismo","status":"publish","type":"post","link":"https:\/\/sinasefesm.com\/index.php\/2022\/01\/26\/170a-plena-do-sinasefe-ocorre-em-fevereiro-e-discute-mobilizacao-do-funcionalismo\/","title":{"rendered":"170\u00aa Plena do Sinasefe ocorre em fevereiro e discute mobiliza\u00e7\u00e3o do funcionalismo"},"content":{"rendered":"\n<p>A Dire\u00e7\u00e3o Nacional (DN) do Sinasefe divulgou as datas e a pauta da 170\u00aa Plen\u00e1ria Nacional (Plena) da entidade. O evento ocorrer\u00e1 nos dias 19 e 20 de fevereiro, em formato h\u00edbrido \u2013 alguns participantes estar\u00e3o presencialmente no San Marco Hotel, e outros entrar\u00e3o online via plataforma Zoom. A mobiliza\u00e7\u00e3o do funcionalismo p\u00fablico federal por reajuste, abertura de concursos e mais verbas para os servi\u00e7os p\u00fablicos est\u00e1 no centro dos debates a serem realizados. Outra pauta importante \u00e9 a organiza\u00e7\u00e3o do 34\u00ba Congresso do Sinasefe, que ter\u00e1 car\u00e1ter eleitoral e dever\u00e1 ocorrer at\u00e9 o pr\u00f3ximo m\u00eas de maio. <\/p>\n\n\n\n<p>Confira, abaixo, a pauta completa:<\/p>\n\n\n\n<ul class=\"wp-block-list\"><li>1. Informes da DN e das Se\u00e7\u00f5es Sindicais;<\/li><li>2. Conjuntura e Lutas da categoria: (PEC 32\/2020, FORA BOLSONARO, Reordenamento da Rede, Portaria 983 e Controle Eletr\u00f4nico);<\/li><li>3. Campanha Salarial, Indicativo de GREVE em 09\/03\/2022;<\/li><li>4. Congresso Eleitoral convocado para maio\/2022;<\/li><li>5. Encaminhamentos.<\/li><\/ul>\n\n\n\n<p><strong>Credenciamento<\/strong><\/p>\n\n\n\n<p>O credenciamento online ter\u00e1 in\u00edcio no dia 14 de fevereiro, das 08h \u00e0s 19h, e se estender\u00e1 at\u00e9 o dia 18 de fevereiro, das 08h \u00e0s 19h. O credenciamento presencial ser\u00e1 no primeiro dia do evento (19 de fevereiro), entre 08h e 12h.<\/p>\n\n\n\n<p><strong>Programa\u00e7\u00e3o<\/strong><\/p>\n\n\n\n<p>Veja a programa\u00e7\u00e3o completa dos dois dias do evento:<\/p>\n\n\n\n<p><strong><u>Dia 19 de fevereiro (s\u00e1bado)<\/u><\/strong><\/p>\n\n\n\n<ul class=\"wp-block-list\"><li>08h \u2013 12h: Confirma\u00e7\u00e3o das delega\u00e7\u00f5es na mesa do credenciamento;<\/li><li>09h \u2013 10h: Informes da DN;<\/li><li>10h \u2013 13h: Informes das Se\u00e7\u00f5es Sindicais;<\/li><li>13h \u2013 14h30: Intervalo do Almo\u00e7o;<\/li><li>14h30 \u2013 18h: Discuss\u00e3o sobre Conjuntura, Lutas da categoria, Campanha Salarial e \u00a0Indicativo de Greve;<\/li><li>18h \u2013 19h: Lanche;<\/li><li>19h \u2013 21h: Congresso Eleitoral (apresenta\u00e7\u00e3o e vota\u00e7\u00e3o das propostas das comiss\u00f5es).<\/li><\/ul>\n\n\n\n<p><strong><u>Dia 20 de fevereiro (domingo)<\/u><\/strong><\/p>\n\n\n\n<ul class=\"wp-block-list\"><li>09h \u2013 12h: Continua\u00e7\u00e3o do Congresso Eleitoral;<\/li><li>12h \u2013 13h30: Intervalo para almo\u00e7o;<\/li><li>13h30 \u2013 16h: Discuss\u00e3o sobre conjuntura e as Lutas da categoria;<\/li><li>16h \u2013 17h: Vota\u00e7\u00e3o dos encaminhamentos da Conjuntura e das Lutas da categoria;<\/li><li>17h \u2013 Encerramento.<\/li><\/ul>\n\n\n\n<p><strong>Convocat\u00f3ria<\/strong><\/p>\n\n\n\n<p><a href=\"https:\/\/sinasefe.org.br\/site\/download\/convocatoria-da-170a-plena-do-sinasefe\/\" target=\"_blank\" rel=\"noreferrer noopener\">Baixe aqui<\/a>&nbsp;o Of\u00edcio Circular do SINASEFE n\u00ba 01\/2022, com a convocat\u00f3ria para a 170\u00aa Plen\u00e1ria Nacional do sindicato.<\/p>\n","protected":false},"excerpt":{"rendered":"<p>A Dire\u00e7\u00e3o Nacional (DN) do Sinasefe divulgou as datas e a pauta da 170\u00aa Plen\u00e1ria Nacional (Plena) da entidade. O evento ocorrer\u00e1 nos dias 19 e 20 de fevereiro, em formato h\u00edbrido \u2013 alguns participantes estar\u00e3o presencialmente no San Marco Hotel, e outros entrar\u00e3o online via plataforma Zoom. A mobiliza\u00e7\u00e3o do funcionalismo p\u00fablico federal por<\/p>\n","protected":false},"author":3,"featured_media":4233,"comment_status":"closed","ping_status":"closed","sticky":false,"template":"","format":"standard","meta":{"footnotes":""},"categories":[39,41,42,45],"tags":[],"class_list":{"0":"post-4232","1":"post","2":"type-post","3":"status-publish","4":"format-standard","5":"has-post-thumbnail","7":"category-eventos","8":"category-movimento","9":"category-noticia","10":"category-sindicato"},"_links":{"self":[{"href":"https:\/\/sinasefesm.com\/index.php\/wp-json\/wp\/v2\/posts\/4232","targetHints":{"allow":["GET"]}}],"collection":[{"href":"https:\/\/sinasefesm.com\/index.php\/wp-json\/wp\/v2\/posts"}],"about":[{"href":"https:\/\/sinasefesm.com\/index.php\/wp-json\/wp\/v2\/types\/post"}],"author":[{"embeddable":true,"href":"https:\/\/sinasefesm.com\/index.php\/wp-json\/wp\/v2\/users\/3"}],"replies":[{"embeddable":true,"href":"https:\/\/sinasefesm.com\/index.php\/wp-json\/wp\/v2\/comments?post=4232"}],"version-history":[{"count":0,"href":"https:\/\/sinasefesm.com\/index.php\/wp-json\/wp\/v2\/posts\/4232\/revisions"}],"wp:featuredmedia":[{"embeddable":true,"href":"https:\/\/sinasefesm.com\/index.php\/wp-json\/wp\/v2\/media\/4233"}],"wp:attachment":[{"href":"https:\/\/sinasefesm.com\/index.php\/wp-json\/wp\/v2\/media?parent=4232"}],"wp:term":[{"taxonomy":"category","embeddable":true,"href":"https:\/\/sinasefesm.com\/index.php\/wp-json\/wp\/v2\/categories?post=4232"},{"taxonomy":"post_tag","embeddable":true,"href":"https:\/\/sinasefesm.com\/index.php\/wp-json\/wp\/v2\/tags?post=4232"}],"curies":[{"name":"wp","href":"https:\/\/api.w.org\/{rel}","templated":true}]}}