{"id":4235,"date":"2022-01-27T21:10:52","date_gmt":"2022-01-27T21:10:52","guid":{"rendered":"https:\/\/sinasefesm.com\/?p=4235"},"modified":"2022-01-27T21:10:52","modified_gmt":"2022-01-27T21:10:52","slug":"santa-maria-define-12-propostas-prioritarias-para-conferencia-estadual-de-saude-mental","status":"publish","type":"post","link":"https:\/\/sinasefesm.com\/index.php\/2022\/01\/27\/santa-maria-define-12-propostas-prioritarias-para-conferencia-estadual-de-saude-mental\/","title":{"rendered":"Santa Maria define 12 propostas priorit\u00e1rias para Confer\u00eancia Estadual de Sa\u00fade Mental"},"content":{"rendered":"\n<div class=\"wp-block-image\"><figure class=\"alignright size-full is-resized\"><img fetchpriority=\"high\" decoding=\"async\" src=\"https:\/\/sinasefesm.com\/wp-content\/uploads\/2022\/01\/F24-12108.jpg\" alt=\"\" class=\"wp-image-4237\" width=\"424\" height=\"190\" srcset=\"https:\/\/sinasefesm.com\/wp-content\/uploads\/2022\/01\/F24-12108.jpg 640w, https:\/\/sinasefesm.com\/wp-content\/uploads\/2022\/01\/F24-12108-300x135.jpg 300w, https:\/\/sinasefesm.com\/wp-content\/uploads\/2022\/01\/F24-12108-150x68.jpg 150w, https:\/\/sinasefesm.com\/wp-content\/uploads\/2022\/01\/F24-12108-450x203.jpg 450w\" sizes=\"(max-width: 424px) 100vw, 424px\" \/><\/figure><\/div>\n\n\n\n<p>Nos dias 20 e 21 de janeiro, ocorreu, em Santa Maria, a V Confer\u00eancia Municipal de Sa\u00fade Mental, com o prop\u00f3sito de debater pol\u00edticas p\u00fablicas ligadas a quest\u00f5es psicol\u00f3gicas no contexto regional. A discuss\u00e3o resultou na escolha de 12 propostas principais a serem defendidas pelos delegados e delegadas santa-marienses na Confer\u00eancia Estadual de Sa\u00fade Mental, que deve ocorrer de modo online, nos dias 8, 9 e 10 de abril.<\/p>\n\n\n\n<p>Os representantes de Santa Maria e seus suplentes, todos eleitos durante a Confer\u00eancia Municipal, t\u00eam a miss\u00e3o de assegurar que as pautas municipais sejam aprovadas tamb\u00e9m a n\u00edvel estadual. Abaixo, confira os nomes dos delegados e delegadas, tanto titulares, quanto suplentes:<\/p>\n\n\n\n<h2 class=\"wp-block-heading\"><strong>Delegados eleitos &#8211; segmento usu\u00e1rios\/as<\/strong><\/h2>\n\n\n\n<h3 class=\"wp-block-heading\">Titulares<\/h3>\n\n\n\n<p>Marcos Felipe Pontes<\/p>\n\n\n\n<p>Jeremias Azevedo<\/p>\n\n\n\n<p>Pedro Teixeira da Silva Carmen Amanda Idalgo<\/p>\n\n\n\n<p><\/p>\n\n\n\n<h3 class=\"wp-block-heading\">Suplentes<\/h3>\n\n\n\n<p>Ketlyn Brasil Alves<\/p>\n\n\n\n<p>Reinaldo Luiz dos Santos<\/p>\n\n\n\n<p>Ronaldo Silveira Aguiar<\/p>\n\n\n\n<p>Lisi Maria Brasil Alves<\/p>\n\n\n\n<p><\/p>\n\n\n\n<h2 class=\"wp-block-heading\"><strong>Segmento trabalhadores\/as<\/strong><\/h2>\n\n\n\n<h3 class=\"wp-block-heading\">Titulares<\/h3>\n\n\n\n<p>Alex Monaiar<\/p>\n\n\n\n<p>Mayda Mazoy<\/p>\n\n\n\n<p><\/p>\n\n\n\n<h3 class=\"wp-block-heading\"><strong>Suplentes<\/strong><\/h3>\n\n\n\n<p>Lusiane Silveira de Souza<\/p>\n\n\n\n<p>Jaqueline Severo da Cas<\/p>\n\n\n\n<p><\/p>\n\n\n\n<h2 class=\"wp-block-heading\"><strong>Segmento gestor\/prestador de servi\u00e7o<\/strong><\/h2>\n\n\n\n<h3 class=\"wp-block-heading\">Titulares<\/h3>\n\n\n\n<p>Robson Douglas Ferreira<\/p>\n\n\n\n<p><\/p>\n\n\n\n<h3 class=\"wp-block-heading\">Suplentes<\/h3>\n\n\n\n<p>Juliana Perrini<\/p>\n\n\n\n<p><\/p>\n\n\n\n<h2 class=\"wp-block-heading\"><strong>Quanto \u00e0s pautas elencadas no evento, confira-as em detalhes<\/strong>:<\/h2>\n\n\n\n<p>1) Revogar a Portaria 588\/2021 da Secretaria Estadual de Sa\u00fade \u2013 RS, que possibilitou a contrata\u00e7\u00e3o de Servi\u00e7os Residenciais Terap\u00eauticos Privados no Rio Grande do Sul.<\/p>\n\n\n\n<p>2) Garantir a aplica\u00e7\u00e3o de recursos na Rede de Aten\u00e7\u00e3o Psicossocial (Portaria 3088\/2013), bem como o reajuste regular dos valores previstos, para a manuten\u00e7\u00e3o e amplia\u00e7\u00e3o do conjunto de a\u00e7\u00f5es de sa\u00fade mental e da rede de servi\u00e7os substitutivos da RAPS (aumento da cobertura), em todos os componentes, obedecendo a l\u00f3gica do territ\u00f3rio, excluindo-se as Comunidades Terap\u00eauticas, dentro dos princ\u00edpios do SUS e da Reforma Psiqui\u00e1trica.<\/p>\n\n\n\n<p>3) Garantir financiamento p\u00fablico para pol\u00edticas de gera\u00e7\u00e3o de renda e suporte de pares no territ\u00f3rio.<\/p>\n\n\n\n<p>4) Garantir a amplia\u00e7\u00e3o de leitos psiqui\u00e1tricos em hospitais gerais, CAPS III e SRT &#8211; Servi\u00e7os Residenciais Terap\u00eauticos P\u00fablicos com a verba decorrente do fechamento e extin\u00e7\u00e3o dos leitos em hospitais psiqui\u00e1tricos e institui\u00e7\u00f5es de longa perman\u00eancia.<\/p>\n\n\n\n<p>5) Criar cargo de Profissional de Educa\u00e7\u00e3o F\u00edsica e garantir a contrata\u00e7\u00e3o atrav\u00e9s de concurso p\u00fablico para atua\u00e7\u00e3o na Aten\u00e7\u00e3o Prim\u00e1ria e Especializada do munic\u00edpio.<\/p>\n\n\n\n<p>6) Incentivar que a forma\u00e7\u00e3o de profissionais de sa\u00fade seja pautada na l\u00f3gica do cuidado em liberdade seguindo os princ\u00edpios da Reforma Psiqui\u00e1trica.<\/p>\n\n\n\n<p>7) Criar pol\u00edticas de moradia especificamente para a popula\u00e7\u00e3o trans em situa\u00e7\u00e3o de rua.<\/p>\n\n\n\n<p>8) Criar cargos de Psic\u00f3logo e Assistente Social na Secretaria Municipal de Educa\u00e7\u00e3o para compor as equipes das escolas municipais visando implementa\u00e7\u00e3o da Lei Federal 13.935\/2019 com objetivo de dar apoio e aten\u00e7\u00e3o a quest\u00f5es de sa\u00fade como abusos na inf\u00e2ncia, autoles\u00e3o e bullying, entre outros.<\/p>\n\n\n\n<p>9) Fortalecer a pol\u00edtica de aten\u00e7\u00e3o integral \u00e0 popula\u00e7\u00e3o em situa\u00e7\u00e3o de rua.<\/p>\n\n\n\n<p>10) Ampliar as alternativas de cuidado intersetorial em sa\u00fade mental \u00e0s pessoas privadas de liberdade e egressos; ind\u00edgenas; quilombolas; em sofrimento ps\u00edquico, com defici\u00eancia; em situa\u00e7\u00e3o de rua; LGBTTQIA+ (l\u00e9sbicas, gays, bissexuais, travestis, transexuais, queer, intersexos, assexuados); negros\/as; do campo, da floresta e das \u00e1guas; imigrantes e refugiados\/as; ciganos\/as; vivendo com HIV\/AIDS; profissionais do sexo; usu\u00e1rios\/as de \u00e1lcool e outras drogas, dentre outras em todos os seus ciclos vitais (inf\u00e2ncia, adolesc\u00eancia, idade adulta e velhice), combatendo as novas formas de proposi\u00e7\u00e3o das institui\u00e7\u00f5es totais, evitando a medicaliza\u00e7\u00e3o indiscriminada e incentivando espa\u00e7os de escuta, o uso de pr\u00e1ticas interdisciplinares, integrativas e complementares em sa\u00fade que considerem as pessoas enquanto agentes ativos do processo terap\u00eautico.<\/p>\n\n\n\n<p>11) Implementar a Pol\u00edtica Nacional e Estadual de Sa\u00fade do Trabalhador e da Trabalhadora, bem como assegurar que a Uni\u00e3o e o Estado garantam a manuten\u00e7\u00e3o financeira permanente, est\u00e1vel e adequada, dos Centros Regionais de Refer\u00eancia em Sa\u00fade do Trabalhador (CEREST), possibilitando a continuidade das a\u00e7\u00f5es de vigil\u00e2ncia nos ambientes e processos de trabalho, vigil\u00e2ncia epidemiol\u00f3gica, assist\u00eancia, matriciamento e educa\u00e7\u00e3o em sa\u00fade do trabalhador nas suas \u00e1reas de abrang\u00eancia.<\/p>\n\n\n\n<p>12) Garantir que durante a execu\u00e7\u00e3o do Plano Estadual de Sa\u00fade 2024-2027 ocorra o fechamento dos hospitais psiqui\u00e1tricos do Rio Grande do Sul, com a devida implementa\u00e7\u00e3o dos servi\u00e7os substitutivos de base territorial, em n\u00famero adequado \u00e0 popula\u00e7\u00e3o desinstitucionalizada, para a efetiva\u00e7\u00e3o da Pol\u00edtica de Sa\u00fade Mental e cumprimento da Lei 10.216\/2001.<\/p>\n\n\n\n<p><\/p>\n\n\n\n<p><em>Texto: Laurent Keller<\/em><\/p>\n\n\n\n<p><em>Revis\u00e3o: Bruna Homrich<\/em><\/p>\n\n\n\n<p>Fotos: <em>Clery Quinhones de Lima<\/em><\/p>\n","protected":false},"excerpt":{"rendered":"<p>Nos dias 20 e 21 de janeiro, ocorreu, em Santa Maria, a V Confer\u00eancia Municipal de Sa\u00fade Mental, com o prop\u00f3sito de debater pol\u00edticas p\u00fablicas ligadas a quest\u00f5es psicol\u00f3gicas no contexto regional. A discuss\u00e3o resultou na escolha de 12 propostas principais a serem defendidas pelos delegados e delegadas santa-marienses na Confer\u00eancia Estadual de Sa\u00fade Mental,<\/p>\n","protected":false},"author":5,"featured_media":4236,"comment_status":"closed","ping_status":"closed","sticky":false,"template":"","format":"standard","meta":{"footnotes":""},"categories":[37,39],"tags":[212],"class_list":{"0":"post-4235","1":"post","2":"type-post","3":"status-publish","4":"format-standard","5":"has-post-thumbnail","7":"category-destaque","8":"category-eventos","9":"tag-saude-mental"},"_links":{"self":[{"href":"https:\/\/sinasefesm.com\/index.php\/wp-json\/wp\/v2\/posts\/4235","targetHints":{"allow":["GET"]}}],"collection":[{"href":"https:\/\/sinasefesm.com\/index.php\/wp-json\/wp\/v2\/posts"}],"about":[{"href":"https:\/\/sinasefesm.com\/index.php\/wp-json\/wp\/v2\/types\/post"}],"author":[{"embeddable":true,"href":"https:\/\/sinasefesm.com\/index.php\/wp-json\/wp\/v2\/users\/5"}],"replies":[{"embeddable":true,"href":"https:\/\/sinasefesm.com\/index.php\/wp-json\/wp\/v2\/comments?post=4235"}],"version-history":[{"count":0,"href":"https:\/\/sinasefesm.com\/index.php\/wp-json\/wp\/v2\/posts\/4235\/revisions"}],"wp:featuredmedia":[{"embeddable":true,"href":"https:\/\/sinasefesm.com\/index.php\/wp-json\/wp\/v2\/media\/4236"}],"wp:attachment":[{"href":"https:\/\/sinasefesm.com\/index.php\/wp-json\/wp\/v2\/media?parent=4235"}],"wp:term":[{"taxonomy":"category","embeddable":true,"href":"https:\/\/sinasefesm.com\/index.php\/wp-json\/wp\/v2\/categories?post=4235"},{"taxonomy":"post_tag","embeddable":true,"href":"https:\/\/sinasefesm.com\/index.php\/wp-json\/wp\/v2\/tags?post=4235"}],"curies":[{"name":"wp","href":"https:\/\/api.w.org\/{rel}","templated":true}]}}