{"id":4240,"date":"2022-02-01T23:11:14","date_gmt":"2022-02-01T23:11:14","guid":{"rendered":"https:\/\/sinasefesm.com\/?p=4240"},"modified":"2022-02-01T23:11:14","modified_gmt":"2022-02-01T23:11:14","slug":"funcionalismo-define-calendario-de-mobilizacoes-em-defesa-do-reajuste-salarial-para-fevereiro","status":"publish","type":"post","link":"https:\/\/sinasefesm.com\/index.php\/2022\/02\/01\/funcionalismo-define-calendario-de-mobilizacoes-em-defesa-do-reajuste-salarial-para-fevereiro\/","title":{"rendered":"Funcionalismo define calend\u00e1rio de mobiliza\u00e7\u00f5es em defesa do reajuste salarial para fevereiro"},"content":{"rendered":"\n<p>No \u00faltimo dia 27 de janeiro, ocorreu, em formato virtual, a primeira Plen\u00e1ria Nacional de Servidores e Servidoras Federais, em que entidades vinculadas ao Fonasefe e Fonacate estabeleceram as datas das mobiliza\u00e7\u00f5es de fevereiro. O intuito das atividades \u00e9 pressionar o governo federal a atender \u00e0s demandas do funcionalismo p\u00fablico, que enfatiza o pedido por reajuste salarial, j\u00e1 que h\u00e1 ao menos cinco anos os servidores p\u00fablicos sofrem com seus sal\u00e1rios congelados.<\/p>\n\n\n\n<h2 class=\"wp-block-heading\">Confira abaixo o calend\u00e1rio de mobiliza\u00e7\u00f5es proposto:<\/h2>\n\n\n\n<div class=\"wp-block-image\"><figure class=\"aligncenter size-full\"><img fetchpriority=\"high\" decoding=\"async\" width=\"1920\" height=\"1080\" src=\"https:\/\/sinasefesm.com\/wp-content\/uploads\/2022\/02\/Copia-de-Preto-com-Pastel-Circulos-Mensal-Calendario-Mensal.png\" alt=\"\" class=\"wp-image-4241\" srcset=\"https:\/\/sinasefesm.com\/wp-content\/uploads\/2022\/02\/Copia-de-Preto-com-Pastel-Circulos-Mensal-Calendario-Mensal.png 1920w, https:\/\/sinasefesm.com\/wp-content\/uploads\/2022\/02\/Copia-de-Preto-com-Pastel-Circulos-Mensal-Calendario-Mensal-300x169.png 300w, https:\/\/sinasefesm.com\/wp-content\/uploads\/2022\/02\/Copia-de-Preto-com-Pastel-Circulos-Mensal-Calendario-Mensal-1024x576.png 1024w, https:\/\/sinasefesm.com\/wp-content\/uploads\/2022\/02\/Copia-de-Preto-com-Pastel-Circulos-Mensal-Calendario-Mensal-768x432.png 768w, https:\/\/sinasefesm.com\/wp-content\/uploads\/2022\/02\/Copia-de-Preto-com-Pastel-Circulos-Mensal-Calendario-Mensal-1536x864.png 1536w, https:\/\/sinasefesm.com\/wp-content\/uploads\/2022\/02\/Copia-de-Preto-com-Pastel-Circulos-Mensal-Calendario-Mensal-150x84.png 150w, https:\/\/sinasefesm.com\/wp-content\/uploads\/2022\/02\/Copia-de-Preto-com-Pastel-Circulos-Mensal-Calendario-Mensal-450x253.png 450w, https:\/\/sinasefesm.com\/wp-content\/uploads\/2022\/02\/Copia-de-Preto-com-Pastel-Circulos-Mensal-Calendario-Mensal-1200x675.png 1200w\" sizes=\"(max-width: 1920px) 100vw, 1920px\" \/><\/figure><\/div>\n\n\n\n<p><\/p>\n\n\n\n<p><em>Texto e arte: Laurent Keller<\/em><\/p>\n\n\n\n<p><em>Revis\u00e3o: Bruna Homrich<\/em><\/p>\n","protected":false},"excerpt":{"rendered":"<p>No \u00faltimo dia 27 de janeiro, ocorreu, em formato virtual, a primeira Plen\u00e1ria Nacional de Servidores e Servidoras Federais, em que entidades vinculadas ao Fonasefe e Fonacate estabeleceram as datas das mobiliza\u00e7\u00f5es de fevereiro. O intuito das atividades \u00e9 pressionar o governo federal a atender \u00e0s demandas do funcionalismo p\u00fablico, que enfatiza o pedido por<\/p>\n","protected":false},"author":5,"featured_media":4242,"comment_status":"closed","ping_status":"closed","sticky":false,"template":"","format":"standard","meta":{"footnotes":""},"categories":[39,41],"tags":[201,213],"class_list":{"0":"post-4240","1":"post","2":"type-post","3":"status-publish","4":"format-standard","5":"has-post-thumbnail","7":"category-eventos","8":"category-movimento","9":"tag-reajuste-salarial","10":"tag-servico-publico"},"_links":{"self":[{"href":"https:\/\/sinasefesm.com\/index.php\/wp-json\/wp\/v2\/posts\/4240","targetHints":{"allow":["GET"]}}],"collection":[{"href":"https:\/\/sinasefesm.com\/index.php\/wp-json\/wp\/v2\/posts"}],"about":[{"href":"https:\/\/sinasefesm.com\/index.php\/wp-json\/wp\/v2\/types\/post"}],"author":[{"embeddable":true,"href":"https:\/\/sinasefesm.com\/index.php\/wp-json\/wp\/v2\/users\/5"}],"replies":[{"embeddable":true,"href":"https:\/\/sinasefesm.com\/index.php\/wp-json\/wp\/v2\/comments?post=4240"}],"version-history":[{"count":0,"href":"https:\/\/sinasefesm.com\/index.php\/wp-json\/wp\/v2\/posts\/4240\/revisions"}],"wp:featuredmedia":[{"embeddable":true,"href":"https:\/\/sinasefesm.com\/index.php\/wp-json\/wp\/v2\/media\/4242"}],"wp:attachment":[{"href":"https:\/\/sinasefesm.com\/index.php\/wp-json\/wp\/v2\/media?parent=4240"}],"wp:term":[{"taxonomy":"category","embeddable":true,"href":"https:\/\/sinasefesm.com\/index.php\/wp-json\/wp\/v2\/categories?post=4240"},{"taxonomy":"post_tag","embeddable":true,"href":"https:\/\/sinasefesm.com\/index.php\/wp-json\/wp\/v2\/tags?post=4240"}],"curies":[{"name":"wp","href":"https:\/\/api.w.org\/{rel}","templated":true}]}}