{"id":4249,"date":"2022-02-03T11:59:13","date_gmt":"2022-02-03T11:59:13","guid":{"rendered":"https:\/\/sinasefesm.com\/?p=4249"},"modified":"2022-02-03T11:59:13","modified_gmt":"2022-02-03T11:59:13","slug":"com-orcamento-escasso-universidades-federais-terao-que-fazer-malabarismo-para-terminar-2022-em-pleno-funcionamento","status":"publish","type":"post","link":"https:\/\/sinasefesm.com\/index.php\/2022\/02\/03\/com-orcamento-escasso-universidades-federais-terao-que-fazer-malabarismo-para-terminar-2022-em-pleno-funcionamento\/","title":{"rendered":"Com or\u00e7amento escasso, universidades federais ter\u00e3o que \u2018\u2019fazer malabarismo\u2019\u2019 para terminar 2022 em pleno funcionamento"},"content":{"rendered":"\n<p>No dia 21 de janeiro foi sancionado pelo presidente Jair Bolsonaro (PL) o Or\u00e7amento de 2022, que destina \u00e0s Universidades Federais R$ 5,3 bilh\u00f5es, valor inferior ao de 2019, \u00faltimo ano de funcionamento regular \u2013 e presencial &#8211; das institui\u00e7\u00f5es, quando essas receberam R$ 6,1 bilh\u00f5es. Se o n\u00famero deste ano fosse corrigido pela infla\u00e7\u00e3o, de acordo com o IPCA do per\u00edodo entre 2019 e 2021, ele deveria ter um acr\u00e9scimo de R$ 2 bilh\u00f5es. A partir dessa circunst\u00e2ncia, Marcus Vinicius David, reitor da UFJF e presidente da Andifes, comentou em entrevista ao Uol que o or\u00e7amento atual \u00e9 insuficiente para que as universidades se mantenham em bom funcionamento em 2022.&nbsp;<\/p>\n\n\n\n<p>Segundo David, as Federais somente n\u00e3o colapsaram nos \u00faltimos dois anos devido \u00e0 suspens\u00e3o da presencialidade, porque os or\u00e7amentos de 2020 e 2021 tamb\u00e9m foram abaixo do necess\u00e1rio &#8211; R$ 5,5 bilh\u00f5es para 2020 e R$ 4,5 bilh\u00f5es para 2021. Com o planejamento de retorno ao presencial em 2022, as institui\u00e7\u00f5es de ensino superior demandam maiores investimentos em medidas de seguran\u00e7a sanit\u00e1ria nos <em>campi<\/em>, bem como em gastos com manuten\u00e7\u00e3o e consertos de laborat\u00f3rios e salas de aula, que est\u00e3o \u2018\u2019parados\u2019\u2019 desde o in\u00edcio da pandemia.<\/p>\n\n\n\n<p>A Andifes j\u00e1 havia evidenciado, ainda em novembro do ano passado, a necessidade de aumento no or\u00e7amento de 2022, por meio de uma proje\u00e7\u00e3o de custos de opera\u00e7\u00e3o, que foi repassada ao Congresso Nacional. Os c\u00e1lculos inclu\u00edram manuten\u00e7\u00f5es e gastos com contas de energia, \u00e1gua, seguran\u00e7a e internet, resultando em um or\u00e7amento de R$ 6,9 bilh\u00f5es, que evidentemente foi ignorado pelo governo.<\/p>\n\n\n\n<h2 class=\"wp-block-heading\"><strong>Qual a situa\u00e7\u00e3o da UFSM em meio a essa conjuntura?<\/strong><\/h2>\n\n\n\n<div class=\"wp-block-image is-style-default\"><figure class=\"alignright size-full is-resized\"><img fetchpriority=\"high\" decoding=\"async\" src=\"https:\/\/sinasefesm.com\/wp-content\/uploads\/2022\/02\/15843227178681.jpg\" alt=\"\" class=\"wp-image-4250\" width=\"420\" height=\"279\" srcset=\"https:\/\/sinasefesm.com\/wp-content\/uploads\/2022\/02\/15843227178681.jpg 1024w, https:\/\/sinasefesm.com\/wp-content\/uploads\/2022\/02\/15843227178681-300x200.jpg 300w, https:\/\/sinasefesm.com\/wp-content\/uploads\/2022\/02\/15843227178681-768x511.jpg 768w, https:\/\/sinasefesm.com\/wp-content\/uploads\/2022\/02\/15843227178681-150x100.jpg 150w, https:\/\/sinasefesm.com\/wp-content\/uploads\/2022\/02\/15843227178681-450x299.jpg 450w\" sizes=\"(max-width: 420px) 100vw, 420px\" \/><figcaption>Fonte: APERS<\/figcaption><\/figure><\/div>\n\n\n\n<p>De acordo com informa\u00e7\u00f5es dadas pela Pr\u00f3-Reitoria de Planejamento (Proplan) \u00e0 Assessoria de Imprensa da Sedufsm, a UFSM sofreu uma redu\u00e7\u00e3o de 26,6% no valor or\u00e7ament\u00e1rio de 2022, em rela\u00e7\u00e3o a 2019 &#8211; considerando a infla\u00e7\u00e3o do per\u00edodo. Para que a institui\u00e7\u00e3o se mantenha funcionando bem durante todo o ano, seria necess\u00e1rio acrescentar R$ 31 milh\u00f5es ao or\u00e7amento. Tamb\u00e9m em entrevista \u00e0 Sedufsm, Luciano Schuch, novo reitor da universidade, explicou que, na tentativa de manter a UFSM operando com poucos recursos financeiros, seria necess\u00e1rio priorizar reformar e realizar um controle rigoroso nos encargos universit\u00e1rios.&nbsp;<\/p>\n\n\n\n<p>Entretanto, Schuch enfatiza que a institui\u00e7\u00e3o est\u00e1 tentando readequar o or\u00e7amento junto ao Governo e n\u00e3o desistir\u00e1 t\u00e3o facilmente. A Andifes refor\u00e7a a luta por verbas extras para todas as Federais, mas compreende que ser\u00e1 uma batalha dif\u00edcil de vencer.<\/p>\n\n\n\n<p><\/p>\n\n\n\n<p><em>Texto: Laurent Keller<\/em><\/p>\n\n\n\n<p><em>Revis\u00e3o: Bruna Homrich<\/em><\/p>\n\n\n\n<p>Ima<em>gem da capa: Marcelo Camargo\/Ag\u00eancia Brasil<\/em><\/p>\n","protected":false},"excerpt":{"rendered":"<p>No dia 21 de janeiro foi sancionado pelo presidente Jair Bolsonaro (PL) o Or\u00e7amento de 2022, que destina \u00e0s Universidades Federais R$ 5,3 bilh\u00f5es, valor inferior ao de 2019, \u00faltimo ano de funcionamento regular \u2013 e presencial &#8211; das institui\u00e7\u00f5es, quando essas receberam R$ 6,1 bilh\u00f5es. Se o n\u00famero deste ano fosse corrigido pela infla\u00e7\u00e3o,<\/p>\n","protected":false},"author":5,"featured_media":4251,"comment_status":"closed","ping_status":"closed","sticky":false,"template":"","format":"standard","meta":{"footnotes":""},"categories":[37,42],"tags":[92,167,179,209],"class_list":{"0":"post-4249","1":"post","2":"type-post","3":"status-publish","4":"format-standard","5":"has-post-thumbnail","7":"category-destaque","8":"category-noticia","9":"tag-cortes-orcamentarios","10":"tag-mec","11":"tag-orcamento-2022","12":"tag-retorno-ao-presencial"},"_links":{"self":[{"href":"https:\/\/sinasefesm.com\/index.php\/wp-json\/wp\/v2\/posts\/4249","targetHints":{"allow":["GET"]}}],"collection":[{"href":"https:\/\/sinasefesm.com\/index.php\/wp-json\/wp\/v2\/posts"}],"about":[{"href":"https:\/\/sinasefesm.com\/index.php\/wp-json\/wp\/v2\/types\/post"}],"author":[{"embeddable":true,"href":"https:\/\/sinasefesm.com\/index.php\/wp-json\/wp\/v2\/users\/5"}],"replies":[{"embeddable":true,"href":"https:\/\/sinasefesm.com\/index.php\/wp-json\/wp\/v2\/comments?post=4249"}],"version-history":[{"count":0,"href":"https:\/\/sinasefesm.com\/index.php\/wp-json\/wp\/v2\/posts\/4249\/revisions"}],"wp:featuredmedia":[{"embeddable":true,"href":"https:\/\/sinasefesm.com\/index.php\/wp-json\/wp\/v2\/media\/4251"}],"wp:attachment":[{"href":"https:\/\/sinasefesm.com\/index.php\/wp-json\/wp\/v2\/media?parent=4249"}],"wp:term":[{"taxonomy":"category","embeddable":true,"href":"https:\/\/sinasefesm.com\/index.php\/wp-json\/wp\/v2\/categories?post=4249"},{"taxonomy":"post_tag","embeddable":true,"href":"https:\/\/sinasefesm.com\/index.php\/wp-json\/wp\/v2\/tags?post=4249"}],"curies":[{"name":"wp","href":"https:\/\/api.w.org\/{rel}","templated":true}]}}