{"id":4268,"date":"2022-02-04T23:08:18","date_gmt":"2022-02-04T23:08:18","guid":{"rendered":"https:\/\/sinasefesm.com\/?p=4268"},"modified":"2022-02-04T23:08:18","modified_gmt":"2022-02-04T23:08:18","slug":"coe-e-orienta-ufsm-a-exigir-comprovacao-vacinal-para-acesso-ao-campus","status":"publish","type":"post","link":"https:\/\/sinasefesm.com\/index.php\/2022\/02\/04\/coe-e-orienta-ufsm-a-exigir-comprovacao-vacinal-para-acesso-ao-campus\/","title":{"rendered":"COE-E orienta UFSM a exigir comprova\u00e7\u00e3o vacinal para acesso ao campus"},"content":{"rendered":"\n<p>O retorno das atividades administrativas presenciais na UFSM j\u00e1 havia levantado a discuss\u00e3o sobre a exig\u00eancia do comprovante vacinal a quem necessitasse trabalhar ou acessar as depend\u00eancias da universidade. Agora, com a possibilidade de aprova\u00e7\u00e3o de um calend\u00e1rio acad\u00eamico que abra espa\u00e7o para a presencialidade, o debate acerca do controle de vacinadas e vacinados toma ainda mais f\u00f4lego.<\/p>\n\n\n\n<p>No \u00faltimo dia 27 de janeiro, o Centro de Opera\u00e7\u00f5es de Emerg\u00eancia em Sa\u00fade para Educa\u00e7\u00e3o \u2013 COVID-19 \u2013 UFSM (COE-E UFSM) orientou, atrav\u00e9s de uma nota publicada no site da UFSM, a institui\u00e7\u00e3o a exigir o comprovante vacinal da comunidade acad\u00eamica e externa. No centro das justificativas apresentadas pelo \u00f3rg\u00e3o respons\u00e1vel por delinear os protocolos sanit\u00e1rios da universidade est\u00e1 o fato de que, hoje, as vacinas j\u00e1 foram ofertadas a todas as pessoas acima de 18 anos, de forma que, quem n\u00e3o se vacinou, majoritariamente o fez por escolha pr\u00f3pria. O COE-E destaca a import\u00e2ncia da comprova\u00e7\u00e3o vacinal principalmente para acesso a espa\u00e7os coletivos, a exemplo do Restaurante Universit\u00e1rio ou das Casas do Estudante.<\/p>\n\n\n\n<p>Para comprovar a vacina\u00e7\u00e3o, basta apresentar a carteira f\u00edsica de imuniza\u00e7\u00e3o ou o comprovante virtual emitido pelo aplicativo Conecte SUS.<\/p>\n\n\n\n<p>\u00c0quelas e \u00e0queles que n\u00e3o se vacinaram devido a alguma contraindica\u00e7\u00e3o m\u00e9dica, devem apresentar declara\u00e7\u00e3o da contraindica\u00e7\u00e3o assinada por um m\u00e9dico ou m\u00e9dica com registro v\u00e1lido e ativo no Conselho Regional de Medicina.<\/p>\n\n\n\n<p>Ademais, o COE-E tamb\u00e9m orienta que, para al\u00e9m do comprovante vacinal, a UFSM siga exigindo as medidas n\u00e3o farmacol\u00f3gicas de preven\u00e7\u00e3o \u00e0 Covid-19, a exemplo do uso de m\u00e1scaras efetivas contra o v\u00edrus (de tipo PFF2) e de \u00e1lcool em gel, bem como o respeito ao distanciamento social e \u00e0 ventila\u00e7\u00e3o dos ambientes.<\/p>\n\n\n\n<p>Jos\u00e9 Ab\u00edlio de Freitas, membro da Coordena\u00e7\u00e3o Geral do Sinasefe Santa Maria, comenta que \u201ca recomenda\u00e7\u00e3o do COE da UFSM vem ao encontro da posi\u00e7\u00e3o de grande parte das Universidades Federais, e contra a recomenda\u00e7\u00e3o do MEC com rela\u00e7\u00e3o a esta mat\u00e9ria. Isto nos d\u00e1 a indica\u00e7\u00e3o de que a batalha contra este v\u00edrus violento dentro de nossa institui\u00e7\u00e3o n\u00e3o vai ser influenciada por este governo negacionista, que sistematicamente ataca toda e qualquer a\u00e7\u00e3o de combate efetivo \u00e0 pandemia\u201d.<\/p>\n\n\n\n<p>O dirigente refere-se ao ato publicado pelo ministro da Educa\u00e7\u00e3o, Milton Ribeiro, na edi\u00e7\u00e3o do Di\u00e1rio Oficial da Uni\u00e3o de 30 de dezembro, no qual o ministro disse que \u201cn\u00e3o \u00e9 poss\u00edvel \u00e0s institui\u00e7\u00f5es federais de ensino o estabelecimento de exig\u00eancia de vacina\u00e7\u00e3o contra a Covid-19 como condicionante ao retorno das atividades educacionais presenciais\u201d. Ribeiro tamb\u00e9m anunciou que tal exig\u00eancia s\u00f3 poderia ser estabelecida atrav\u00e9s de lei federal.<\/p>\n\n\n\n<p>Ocorre que muitas universidades e institutos pa\u00eds afora est\u00e3o, gra\u00e7as \u00e0 mobiliza\u00e7\u00e3o das comunidades acad\u00eamicas locais, instituindo a exig\u00eancia de comprova\u00e7\u00e3o vacinal para garantir que o retorno \u00e0 presencialidade seja seguro e que as curvas de cont\u00e1gio e mortes por Covid-19 n\u00e3o voltem a crescer de forma vertiginosa.<\/p>\n\n\n\n<p><strong>UFSM inicia levantamento de vacinados(as)<\/strong><\/p>\n\n\n\n<p>A UFSM iniciou, na manh\u00e3 da \u00faltima quinta-feira, 3 de dezembro, o levantamento de vacinadas e vacinados, bem como a busca ativa por n\u00e3o vacinados(as) na institui\u00e7\u00e3o.<\/p>\n\n\n\n<p>O levantamento \u00e9 feito de forma virtual a partir do Portal do Aluno, Portal do Professor, Portal de Documentos e Portal do Ponto Eletr\u00f4nico. Nesses espa\u00e7os, a pessoa dever\u00e1 responder a tr\u00eas quest\u00f5es: 1 \u2013 se j\u00e1 recebeu a vacina contra a Covid-19; 2- se sim, quantas doses recebeu; 3 \u2013 se n\u00e3o, qual o motivo da n\u00e3o vacina\u00e7\u00e3o.<\/p>\n\n\n\n<p>Para responder a esse question\u00e1rio, \u00e9 necess\u00e1rio que a pessoa clique na op\u00e7\u00e3o que expressa acordo com os termos de consentimento. Devido \u00e0 Lei Geral de Prote\u00e7\u00e3o de Dados, se a pessoa n\u00e3o aceitar os termos, ela n\u00e3o ser\u00e1 obrigada a responder e o formul\u00e1rio n\u00e3o voltar\u00e1 a aparecer em seu portal.<\/p>\n\n\n\n<p>\u201cEste levantamento ser\u00e1 muito importante para que a UFSM possa planejar o retorno presencial seguro de servidores e alunos. Com uma estimativa do atual cen\u00e1rio de vacina\u00e7\u00e3o de sua comunidade, \u00e9 poss\u00edvel buscar mais a\u00e7\u00f5es de vacina\u00e7\u00e3o junto \u00e0s Prefeituras das cidades em que a UFSM possui campi e incentivar a vacina\u00e7\u00e3o na Universidade\u201d, diz trecho da nota divulgada pelo Gabinete do Reitor da UFSM.<\/p>\n","protected":false},"excerpt":{"rendered":"<p>O retorno das atividades administrativas presenciais na UFSM j\u00e1 havia levantado a discuss\u00e3o sobre a exig\u00eancia do comprovante vacinal a quem necessitasse trabalhar ou acessar as depend\u00eancias da universidade. Agora, com a possibilidade de aprova\u00e7\u00e3o de um calend\u00e1rio acad\u00eamico que abra espa\u00e7o para a presencialidade, o debate acerca do controle de vacinadas e vacinados toma<\/p>\n","protected":false},"author":3,"featured_media":4269,"comment_status":"closed","ping_status":"closed","sticky":false,"template":"","format":"standard","meta":{"footnotes":""},"categories":[42],"tags":[],"class_list":{"0":"post-4268","1":"post","2":"type-post","3":"status-publish","4":"format-standard","5":"has-post-thumbnail","7":"category-noticia"},"_links":{"self":[{"href":"https:\/\/sinasefesm.com\/index.php\/wp-json\/wp\/v2\/posts\/4268","targetHints":{"allow":["GET"]}}],"collection":[{"href":"https:\/\/sinasefesm.com\/index.php\/wp-json\/wp\/v2\/posts"}],"about":[{"href":"https:\/\/sinasefesm.com\/index.php\/wp-json\/wp\/v2\/types\/post"}],"author":[{"embeddable":true,"href":"https:\/\/sinasefesm.com\/index.php\/wp-json\/wp\/v2\/users\/3"}],"replies":[{"embeddable":true,"href":"https:\/\/sinasefesm.com\/index.php\/wp-json\/wp\/v2\/comments?post=4268"}],"version-history":[{"count":0,"href":"https:\/\/sinasefesm.com\/index.php\/wp-json\/wp\/v2\/posts\/4268\/revisions"}],"wp:featuredmedia":[{"embeddable":true,"href":"https:\/\/sinasefesm.com\/index.php\/wp-json\/wp\/v2\/media\/4269"}],"wp:attachment":[{"href":"https:\/\/sinasefesm.com\/index.php\/wp-json\/wp\/v2\/media?parent=4268"}],"wp:term":[{"taxonomy":"category","embeddable":true,"href":"https:\/\/sinasefesm.com\/index.php\/wp-json\/wp\/v2\/categories?post=4268"},{"taxonomy":"post_tag","embeddable":true,"href":"https:\/\/sinasefesm.com\/index.php\/wp-json\/wp\/v2\/tags?post=4268"}],"curies":[{"name":"wp","href":"https:\/\/api.w.org\/{rel}","templated":true}]}}