{"id":4274,"date":"2022-02-05T17:33:34","date_gmt":"2022-02-05T17:33:34","guid":{"rendered":"https:\/\/sinasefesm.com\/?p=4274"},"modified":"2022-02-05T17:33:34","modified_gmt":"2022-02-05T17:33:34","slug":"sinasefe-participa-de-reunioes-com-a-vice-reitoria-da-ufsm-e-com-a-pro-reitoria-de-gestao-de-pessoas-progep","status":"publish","type":"post","link":"https:\/\/sinasefesm.com\/index.php\/2022\/02\/05\/sinasefe-participa-de-reunioes-com-a-vice-reitoria-da-ufsm-e-com-a-pro-reitoria-de-gestao-de-pessoas-progep\/","title":{"rendered":"Sinasefe participa de reuni\u00f5es com a Vice Reitoria da UFSM e com a Pr\u00f3-Reitoria de Gest\u00e3o de Pessoas (PROGEP)"},"content":{"rendered":"\n<p>Na manh\u00e3 desta quinta-feira, 03, o Sinasefe participou de uma reuni\u00e3o com a vice-reitora da Universidade, Martha Bohrer Adaime, para debater a respeito da poss\u00edvel volta \u00e0 presencialidade e as circunst\u00e2ncias que envolvem tal quest\u00e3o, al\u00e9m da possibilidade de reimplementa\u00e7\u00e3o do vestibular na UFSM. J\u00e1 na sexta-feira, 04, o encontro foi com os representantes da PROGEP, para que as entidades sindicais presentes expusessem suas demandas \u00e0 nova gest\u00e3o.\u00a0<\/p>\n\n\n\n<h2 class=\"wp-block-heading\"><strong>O futuro da UFSM<\/strong><\/h2>\n\n\n\n<p>Questionada sobre os entraves que permeiam a decis\u00e3o de retomada ao presencial, Martha explicou que dia 11 de janeiro o Conselho de Ensino, Pesquisa e Extens\u00e3o (CEPE) deve estabelecer o calend\u00e1rio acad\u00eamico do primeiro semestre de 2022, bem como definir a situa\u00e7\u00e3o da presencialidade, a partir da opini\u00e3o t\u00e9cnica sobre a defini\u00e7\u00e3o de duas quest\u00f5es:&nbsp; o teto de ocupa\u00e7\u00e3o das salas de aula da institui\u00e7\u00e3o, e a obrigatoriedade do comprovante vacinal para o corpo discente.&nbsp;<\/p>\n\n\n\n<p>A Vice-Reitora esclarece que a ocupa\u00e7\u00e3o m\u00e1xima das salas \u00e9 um problema complexo de resolver, uma vez que deve ser pensada de acordo com as particularidades de cada curso &#8211; quantidade de alunos, tamanho das salas de aula e tipo de disciplina &#8211; o que vai influenciar, por exemplo, na quantidade de <em>cadeiras<\/em> ofertadas e na carga hor\u00e1ria, que precisa ser alterada de acordo com o n\u00famero de estudantes. Quanto ao comprovante de vacina\u00e7\u00e3o, o Centro de Opera\u00e7\u00f5es de Emerg\u00eancia em Sa\u00fade para Educa\u00e7\u00e3o &#8211; COVID 19 (COE-E) publicou, dia 27 de janeiro, uma orienta\u00e7\u00e3o de que ele seja exigido. Portanto, agora cabe ao CEPE acatar ou n\u00e3o a decis\u00e3o.<\/p>\n\n\n\n<div class=\"wp-block-image\"><figure class=\"aligncenter size-full\"><img fetchpriority=\"high\" decoding=\"async\" width=\"859\" height=\"413\" src=\"https:\/\/sinasefesm.com\/wp-content\/uploads\/2022\/02\/image.png\" alt=\"\" class=\"wp-image-4275\" srcset=\"https:\/\/sinasefesm.com\/wp-content\/uploads\/2022\/02\/image.png 859w, https:\/\/sinasefesm.com\/wp-content\/uploads\/2022\/02\/image-300x144.png 300w, https:\/\/sinasefesm.com\/wp-content\/uploads\/2022\/02\/image-768x369.png 768w, https:\/\/sinasefesm.com\/wp-content\/uploads\/2022\/02\/image-150x72.png 150w, https:\/\/sinasefesm.com\/wp-content\/uploads\/2022\/02\/image-450x216.png 450w\" sizes=\"(max-width: 859px) 100vw, 859px\" \/><figcaption>Martha Bohrer Adaime, Vice-reitora da UFSM<\/figcaption><\/figure><\/div>\n\n\n\n<p>Em rela\u00e7\u00e3o a volta do vestibular, Martha afirma que o assunto ganhou espa\u00e7o de discuss\u00e3o ao se tornar uma proposta para diminuir a evas\u00e3o de alunos e alunas da institui\u00e7\u00e3o, e disse que ele j\u00e1 vinha sendo abordado na gest\u00e3o anterior. At\u00e9 ent\u00e3o, n\u00e3o h\u00e1 certezas acerca da implementa\u00e7\u00e3o real do vestibular, mas a medida j\u00e1 recebe cr\u00edticas de entidades estudantis e docentes por tornar o processo seletivo menos inclusivo.<\/p>\n\n\n\n<div class=\"wp-block-image\"><figure class=\"aligncenter size-full\"><img decoding=\"async\" width=\"842\" height=\"402\" src=\"https:\/\/sinasefesm.com\/wp-content\/uploads\/2022\/02\/image-1.png\" alt=\"\" class=\"wp-image-4276\" srcset=\"https:\/\/sinasefesm.com\/wp-content\/uploads\/2022\/02\/image-1.png 842w, https:\/\/sinasefesm.com\/wp-content\/uploads\/2022\/02\/image-1-300x143.png 300w, https:\/\/sinasefesm.com\/wp-content\/uploads\/2022\/02\/image-1-768x367.png 768w, https:\/\/sinasefesm.com\/wp-content\/uploads\/2022\/02\/image-1-150x72.png 150w, https:\/\/sinasefesm.com\/wp-content\/uploads\/2022\/02\/image-1-450x215.png 450w\" sizes=\"(max-width: 842px) 100vw, 842px\" \/><figcaption>Ad\u00e3o Damasceno, Secret\u00e1rio de Carreira e de Rela\u00e7\u00e3o de Trabalho<\/figcaption><\/figure><\/div>\n\n\n\n<h2 class=\"wp-block-heading\"><strong>Primeiro di\u00e1logo com a nova gest\u00e3o da PROGEP<\/strong><\/h2>\n\n\n\n<p>Ap\u00f3s apresenta\u00e7\u00e3o dos integrantes da gest\u00e3o da PROGEP para 2022, representantes da Assufsm, Sedufsm, Atens, Apufsm e do Sinsefe apresentaram pautas a serem debatidas com a reitoria. Ab\u00edlio de Freitas, Coordenador Geral, representou o sindicato no evento e elogiou a disponibilidade e a boa comunica\u00e7\u00e3o da gest\u00e3o atual com os sindicatos.\u00a0<\/p>\n\n\n\n<div class=\"wp-block-image\"><figure class=\"aligncenter size-full\"><img decoding=\"async\" width=\"886\" height=\"419\" src=\"https:\/\/sinasefesm.com\/wp-content\/uploads\/2022\/02\/image-2.png\" alt=\"\" class=\"wp-image-4277\" srcset=\"https:\/\/sinasefesm.com\/wp-content\/uploads\/2022\/02\/image-2.png 886w, https:\/\/sinasefesm.com\/wp-content\/uploads\/2022\/02\/image-2-300x142.png 300w, https:\/\/sinasefesm.com\/wp-content\/uploads\/2022\/02\/image-2-768x363.png 768w, https:\/\/sinasefesm.com\/wp-content\/uploads\/2022\/02\/image-2-150x71.png 150w, https:\/\/sinasefesm.com\/wp-content\/uploads\/2022\/02\/image-2-450x213.png 450w\" sizes=\"(max-width: 886px) 100vw, 886px\" \/><figcaption>Reuni\u00e3o das entidades com a PROGEP<\/figcaption><\/figure><\/div>\n\n\n\n<p>Quanto \u00e0s demandas levantadas, ganharam destaque o descontentamento com a paralisa\u00e7\u00e3o do processo estatuinte, que necessita de ser retomado; a necessidade de implementa\u00e7\u00e3o da Pol\u00edtica de Igualdade de G\u00eanero e a amplia\u00e7\u00e3o e democratiza\u00e7\u00e3o do comit\u00ea respons\u00e1vel por formular essa pol\u00edtica; a quest\u00e3o dos aposentados e a transfer\u00eancia de dados ao INSS; o estabelecimento regular do teletrabalho; al\u00e9m da sa\u00fade e das condi\u00e7\u00f5es de trabalho dos servidores e servidoras da universidade.<\/p>\n\n\n\n<p>Posteriormente, as entidades envolvidas devem protocolar um documento com os pontos expostos acima.<\/p>\n\n\n\n<div class=\"wp-block-image\"><figure class=\"aligncenter size-full\"><img loading=\"lazy\" decoding=\"async\" width=\"886\" height=\"427\" src=\"https:\/\/sinasefesm.com\/wp-content\/uploads\/2022\/02\/image-3.png\" alt=\"\" class=\"wp-image-4278\" srcset=\"https:\/\/sinasefesm.com\/wp-content\/uploads\/2022\/02\/image-3.png 886w, https:\/\/sinasefesm.com\/wp-content\/uploads\/2022\/02\/image-3-300x145.png 300w, https:\/\/sinasefesm.com\/wp-content\/uploads\/2022\/02\/image-3-768x370.png 768w, https:\/\/sinasefesm.com\/wp-content\/uploads\/2022\/02\/image-3-150x72.png 150w, https:\/\/sinasefesm.com\/wp-content\/uploads\/2022\/02\/image-3-450x217.png 450w\" sizes=\"(max-width: 886px) 100vw, 886px\" \/><figcaption>Ab\u00edlio de Freitas, Coordenador Geral<\/figcaption><\/figure><\/div>\n\n\n\n<p><\/p>\n\n\n\n<p><em>Texto e prints: Laurent Keller<\/em><\/p>\n\n\n\n<p><em>Revis\u00e3o: Bruna Homrich<\/em><\/p>\n","protected":false},"excerpt":{"rendered":"<p>Na manh\u00e3 desta quinta-feira, 03, o Sinasefe participou de uma reuni\u00e3o com a vice-reitora da Universidade, Martha Bohrer Adaime, para debater a respeito da poss\u00edvel volta \u00e0 presencialidade e as circunst\u00e2ncias que envolvem tal quest\u00e3o, al\u00e9m da possibilidade de reimplementa\u00e7\u00e3o do vestibular na UFSM. J\u00e1 na sexta-feira, 04, o encontro foi com os representantes da<\/p>\n","protected":false},"author":5,"featured_media":4280,"comment_status":"closed","ping_status":"closed","sticky":false,"template":"","format":"standard","meta":{"footnotes":""},"categories":[37,42],"tags":[196,209],"class_list":{"0":"post-4274","1":"post","2":"type-post","3":"status-publish","4":"format-standard","5":"has-post-thumbnail","7":"category-destaque","8":"category-noticia","9":"tag-progep","10":"tag-retorno-ao-presencial"},"_links":{"self":[{"href":"https:\/\/sinasefesm.com\/index.php\/wp-json\/wp\/v2\/posts\/4274","targetHints":{"allow":["GET"]}}],"collection":[{"href":"https:\/\/sinasefesm.com\/index.php\/wp-json\/wp\/v2\/posts"}],"about":[{"href":"https:\/\/sinasefesm.com\/index.php\/wp-json\/wp\/v2\/types\/post"}],"author":[{"embeddable":true,"href":"https:\/\/sinasefesm.com\/index.php\/wp-json\/wp\/v2\/users\/5"}],"replies":[{"embeddable":true,"href":"https:\/\/sinasefesm.com\/index.php\/wp-json\/wp\/v2\/comments?post=4274"}],"version-history":[{"count":0,"href":"https:\/\/sinasefesm.com\/index.php\/wp-json\/wp\/v2\/posts\/4274\/revisions"}],"wp:featuredmedia":[{"embeddable":true,"href":"https:\/\/sinasefesm.com\/index.php\/wp-json\/wp\/v2\/media\/4280"}],"wp:attachment":[{"href":"https:\/\/sinasefesm.com\/index.php\/wp-json\/wp\/v2\/media?parent=4274"}],"wp:term":[{"taxonomy":"category","embeddable":true,"href":"https:\/\/sinasefesm.com\/index.php\/wp-json\/wp\/v2\/categories?post=4274"},{"taxonomy":"post_tag","embeddable":true,"href":"https:\/\/sinasefesm.com\/index.php\/wp-json\/wp\/v2\/tags?post=4274"}],"curies":[{"name":"wp","href":"https:\/\/api.w.org\/{rel}","templated":true}]}}