{"id":4289,"date":"2022-02-08T21:40:35","date_gmt":"2022-02-08T21:40:35","guid":{"rendered":"https:\/\/sinasefesm.com\/?p=4289"},"modified":"2022-02-08T21:40:35","modified_gmt":"2022-02-08T21:40:35","slug":"56-dos-institutos-federais-ja-exigem-comprovante-vacinal-da-comunidade-academica","status":"publish","type":"post","link":"https:\/\/sinasefesm.com\/index.php\/2022\/02\/08\/56-dos-institutos-federais-ja-exigem-comprovante-vacinal-da-comunidade-academica\/","title":{"rendered":"56% dos Institutos Federais j\u00e1 exigem comprovante vacinal da comunidade acad\u00eamica"},"content":{"rendered":"\n<p>Segundo\u00a0<a href=\"https:\/\/sinasefems.org\/2022\/01\/31\/situacao-da-exigencia-do-passaporte-vacinal-para-a-volta-as-aulas-nos-institutos-federais\/\">levantamento feito pelo\u00a0Sinasefe\u00a0do\u00a0Mato Grosso do Sul<\/a>,\u00a056% dos Institutos Federais brasileiros\u00a0j\u00e1\u00a0aderiram \u00e0 exig\u00eancia do comprovante de vacina\u00e7\u00e3o\u00a0para estudantes, docentes e t\u00e9cnico-administrativos que desejem ingressar nas institui\u00e7\u00f5es. A pesquisa tamb\u00e9m revelou que 23% dos\u00a0IF\u2019s\u00a0n\u00e3o pretendem exigir o comprovante, 10% ainda discutem\u00a0a decis\u00e3o e\u00a0outros 10% n\u00e3o divulgaram informa\u00e7\u00f5es.<\/p>\n\n\n\n<p>A heterogeneidade de decis\u00f5es\u00a0entre os Institutos decorre da pol\u00eamica envolvendo o comprovante vacinal:\u00a0ao final de 2021, depois de algumas universidades federais\u00a0anunciarem que exigiriam o comprovante,\u00a0o Ministro da Educa\u00e7\u00e3o, Milton Ribeiro, publicou um\u00a0despacho\u00a0no Di\u00e1rio Oficial da Uni\u00e3o\u00a0comunicando que\u00a0tal imposi\u00e7\u00e3o s\u00f3 poderia ser feita por meio de lei federal.\u00a0Essa decis\u00e3o\u00a0atende\u00a0aos ideais\u00a0defendidos pelo governo Bolsonaro, que, desde o in\u00edcio da pandemia,\u00a0posiciona-se\u00a0contra as medidas de seguran\u00e7a sanit\u00e1ria, inclusive, dificultando a aquisi\u00e7\u00e3o de vacinas contra a\u00a0Covid-19.\u00a0Entretanto,\u00a0o Supremo Tribunal Federal (STF) suspendeu o despacho ainda em 2021, garantindo a autonomia das institui\u00e7\u00f5es federais\u00a0para adotarem as medidas de biosseguran\u00e7a que desejarem.\u00a0<\/p>\n\n\n\n<p>Por\u00e9m, todo esse\u00a0<em>vai e vem<\/em>\u00a0de decis\u00f5es tem prolongado e atrapalhado o processo de decis\u00e3o de cada Instituto Federal. At\u00e9 o momento,\u00a0a situa\u00e7\u00e3o \u00e9 a seguinte:<\/p>\n\n\n\n<div class=\"wp-block-image\"><figure class=\"aligncenter size-full is-resized\"><img fetchpriority=\"high\" decoding=\"async\" src=\"https:\/\/sinasefesm.com\/wp-content\/uploads\/2022\/02\/A11FE89C-9AC1-42A5-AADF-A8ECEDC9D331.jpeg\" alt=\"\" class=\"wp-image-4293\" width=\"406\" height=\"509\" srcset=\"https:\/\/sinasefesm.com\/wp-content\/uploads\/2022\/02\/A11FE89C-9AC1-42A5-AADF-A8ECEDC9D331.jpeg 1172w, https:\/\/sinasefesm.com\/wp-content\/uploads\/2022\/02\/A11FE89C-9AC1-42A5-AADF-A8ECEDC9D331-239x300.jpeg 239w, https:\/\/sinasefesm.com\/wp-content\/uploads\/2022\/02\/A11FE89C-9AC1-42A5-AADF-A8ECEDC9D331-816x1024.jpeg 816w, https:\/\/sinasefesm.com\/wp-content\/uploads\/2022\/02\/A11FE89C-9AC1-42A5-AADF-A8ECEDC9D331-768x964.jpeg 768w, https:\/\/sinasefesm.com\/wp-content\/uploads\/2022\/02\/A11FE89C-9AC1-42A5-AADF-A8ECEDC9D331-150x188.jpeg 150w, https:\/\/sinasefesm.com\/wp-content\/uploads\/2022\/02\/A11FE89C-9AC1-42A5-AADF-A8ECEDC9D331-450x565.jpeg 450w\" sizes=\"(max-width: 406px) 100vw, 406px\" \/><figcaption>Imagem 2 <\/figcaption><\/figure><\/div>\n\n\n\n<p id=\"institutos-que-adotaram-o-comprovante-vacinalcomo-obrigatorio\"><strong>Institutos que adotaram o comprovante vacinalcomo\u00a0obrigat\u00f3rio:<\/strong><br><br>IFAL \u2013 Instituto Federal de Alagoas<\/p>\n\n\n\n<p>IFAP \u2013 Instituto Federal do Amap\u00e1<\/p>\n\n\n\n<p>IFBaiano&nbsp;\u2013 Instituto Federal Baiano<\/p>\n\n\n\n<p>IFB \u2013 Instituto Federal de Bras\u00edlia<\/p>\n\n\n\n<p>IFCE \u2013 Instituto Federal do Ceara<\/p>\n\n\n\n<p>IFG \u2013 Instituto Federal de Goi\u00e1s<\/p>\n\n\n\n<p>IFGoiano&nbsp;\u2013 Instituto Federal Goiano<\/p>\n\n\n\n<p>IFMG \u2013 Instituto Federal de Minas Gerais<\/p>\n\n\n\n<p>IFPA \u2013 Instituto Federal do Par\u00e1<\/p>\n\n\n\n<p>IFPB \u2013 Instituto Federal da Para\u00edba<\/p>\n\n\n\n<p>IFPI \u2013 Instituto Federal do Piau\u00ed<\/p>\n\n\n\n<p>IFPR \u2013 Instituto Federal do Paran\u00e1<\/p>\n\n\n\n<p>IFRJ \u2013 Instituto Federal do Rio de Janeiro<\/p>\n\n\n\n<p>IFF \u2013 Instituto Federal Fluminense<\/p>\n\n\n\n<p>Col\u00e9gio Pedro II<\/p>\n\n\n\n<p>IFRN \u2013 Instituto Federal do Rio Grande do Norte<\/p>\n\n\n\n<p>IFRS \u2013 Instituto Federal do Rio Grande do Sul<\/p>\n\n\n\n<p>IFFarroupilha&nbsp;\u2013 Instituto Federal Farroupilha<\/p>\n\n\n\n<p>IFSul&nbsp;\u2013 Instituto Federal Sul Rio&nbsp;Grandense<\/p>\n\n\n\n<p>IFRO \u2013 Instituto Federal Rond\u00f4nia<\/p>\n\n\n\n<p>IFRR \u2013 Instituto Federal Roraima<\/p>\n\n\n\n<p>IFSC \u2013 Instituto Federal Santa Catarina<\/p>\n\n\n\n<h4 class=\"wp-block-heading\" id=\"institutos-que-adotaram-o-comprovante-vacinal-como-facultativo\"><strong>Institutos que adotaram o comprovante vacinal&nbsp;como&nbsp;facultativo:<\/strong><\/h4>\n\n\n\n<p>IFMA \u2013 Instituto Federal do Maranh\u00e3o<\/p>\n\n\n\n<p>IFNMG \u2013 Instituto Federal do Norte de Minas<\/p>\n\n\n\n<p>IFTM \u2013 Instituto Federal do Triangulo Mineiro<\/p>\n\n\n\n<p>IFMT \u2013 Instituto Federal de Mato Grosso<\/p>\n\n\n\n<p>IFMS \u2013 Instituto Federal de Mato Grosso do Sul<\/p>\n\n\n\n<p>IFsert\u00e3o&nbsp;\u2013 Instituto Federal do Sert\u00e3o Pernambucano<\/p>\n\n\n\n<p>IFS \u2013 Instituto Federal de Sergipe<\/p>\n\n\n\n<p>IFSP \u2013 Instituto Federal de S\u00e3o Paulo<\/p>\n\n\n\n<p>IFSuldeminas&nbsp;\u2013 Instituto Federal Sul de Minas<\/p>\n\n\n\n<h4 class=\"wp-block-heading\" id=\"institutos-que-ainda-estao-realizando-a-discussao-sobre-comprovante-vacinal\"><strong>Institutos que ainda est\u00e3o realizando a&nbsp;discuss\u00e3o&nbsp;sobre comprovante vacinal:<\/strong><\/h4>\n\n\n\n<p>IFAC \u2013 Instituto Federal do Acre<\/p>\n\n\n\n<p>IFES \u2013 Instituto Federal do Esp\u00edrito Santo<\/p>\n\n\n\n<p>IFC \u2013 Instituto Federal Catarinense<\/p>\n\n\n\n<p>IFTO \u2013 Instituto Federal do Tocantins<\/p>\n\n\n\n<h4 class=\"wp-block-heading\" id=\"institutos-que-nao-disponibilizam-informacoes-a-respeito-do-assunto\"><strong>Institutos que n\u00e3o disponibilizam informa\u00e7\u00f5es a respeito do assunto:<\/strong><\/h4>\n\n\n\n<p>IFAM \u2013 Instituto Federal do Amazonas<\/p>\n\n\n\n<p>IFBA \u2013 Instituto Federal da Bahia<\/p>\n\n\n\n<p>IFSMG \u2013 Instituto Federal Sudeste de Minas<\/p>\n\n\n\n<p>IFPE \u2013 Instituto Federal do Pernambuco<\/p>\n\n\n\n<p>O&nbsp;Sinasefe&nbsp;refor\u00e7a a import\u00e2ncia da exig\u00eancia do comprovante vacinal,&nbsp;pois&nbsp;\u00e9 a&nbsp;melhor&nbsp;forma de&nbsp;averiguar se os ambientes de ensino federal est\u00e3o seguros para receber seus estudantes e servidores federais.<\/p>\n\n\n\n<h2 class=\"wp-block-heading\" id=\"ufsm-ira-aderir-ao-comprovante-vacinal\">UFSM ir\u00e1 aderir ao comprovante vacinal?<\/h2>\n\n\n\n<p><br>At\u00e9 hoje, 08 de fevereiro, a UFSM n\u00e3o decretou se exigir\u00e1 ou n\u00e3o o comprovante de vacina\u00e7\u00e3o para quem ingressar na institui\u00e7\u00e3o, em um poss\u00edvel retorno presencial. No entanto, o Centro de Opera\u00e7\u00f5es de Emerg\u00eancia em Sa\u00fade para Educa\u00e7\u00e3o \u2013 Covid-19 \u2013 UFSM (COE-E UFSM) publicou uma orienta\u00e7\u00e3o no \u00faltimo dia 27 de janeiro sobre a import\u00e2ncia de se exigir o comprovante para o rein\u00edcio das atividades acad\u00eamicas presenciais. O COE-E j\u00e1 vem instruindo a universidade a respeito das decis\u00f5es relativas \u00e0 pandemia desde mar\u00e7o de 2020.<\/p>\n\n\n\n<p><\/p>\n\n\n\n<p><em>Texto: Laurent Keller<\/em><\/p>\n\n\n\n<p><em>Revis\u00e3o: Bruna Homrich<\/em> <\/p>\n\n\n\n<p><em>Imagem 1: rawpixel.com \/ Freepik<\/em><\/p>\n\n\n\n<p><em>Imagem 2:<\/em> <em>Sinasefe do Mato Grosso do Sul<\/em><\/p>\n","protected":false},"excerpt":{"rendered":"<p>Segundo\u00a0levantamento feito pelo\u00a0Sinasefe\u00a0do\u00a0Mato Grosso do Sul,\u00a056% dos Institutos Federais brasileiros\u00a0j\u00e1\u00a0aderiram \u00e0 exig\u00eancia do comprovante de vacina\u00e7\u00e3o\u00a0para estudantes, docentes e t\u00e9cnico-administrativos que desejem ingressar nas institui\u00e7\u00f5es. A pesquisa tamb\u00e9m revelou que 23% dos\u00a0IF\u2019s\u00a0n\u00e3o pretendem exigir o comprovante, 10% ainda discutem\u00a0a decis\u00e3o e\u00a0outros 10% n\u00e3o divulgaram informa\u00e7\u00f5es. A heterogeneidade de decis\u00f5es\u00a0entre os Institutos decorre da pol\u00eamica envolvendo<\/p>\n","protected":false},"author":5,"featured_media":4296,"comment_status":"closed","ping_status":"closed","sticky":false,"template":"","format":"standard","meta":{"footnotes":""},"categories":[37,42],"tags":[85,155,209,225],"class_list":{"0":"post-4289","1":"post","2":"type-post","3":"status-publish","4":"format-standard","5":"has-post-thumbnail","7":"category-destaque","8":"category-noticia","9":"tag-comprovante-vacinal","10":"tag-institutos-federais","11":"tag-retorno-ao-presencial","12":"tag-ufsm"},"_links":{"self":[{"href":"https:\/\/sinasefesm.com\/index.php\/wp-json\/wp\/v2\/posts\/4289","targetHints":{"allow":["GET"]}}],"collection":[{"href":"https:\/\/sinasefesm.com\/index.php\/wp-json\/wp\/v2\/posts"}],"about":[{"href":"https:\/\/sinasefesm.com\/index.php\/wp-json\/wp\/v2\/types\/post"}],"author":[{"embeddable":true,"href":"https:\/\/sinasefesm.com\/index.php\/wp-json\/wp\/v2\/users\/5"}],"replies":[{"embeddable":true,"href":"https:\/\/sinasefesm.com\/index.php\/wp-json\/wp\/v2\/comments?post=4289"}],"version-history":[{"count":0,"href":"https:\/\/sinasefesm.com\/index.php\/wp-json\/wp\/v2\/posts\/4289\/revisions"}],"wp:featuredmedia":[{"embeddable":true,"href":"https:\/\/sinasefesm.com\/index.php\/wp-json\/wp\/v2\/media\/4296"}],"wp:attachment":[{"href":"https:\/\/sinasefesm.com\/index.php\/wp-json\/wp\/v2\/media?parent=4289"}],"wp:term":[{"taxonomy":"category","embeddable":true,"href":"https:\/\/sinasefesm.com\/index.php\/wp-json\/wp\/v2\/categories?post=4289"},{"taxonomy":"post_tag","embeddable":true,"href":"https:\/\/sinasefesm.com\/index.php\/wp-json\/wp\/v2\/tags?post=4289"}],"curies":[{"name":"wp","href":"https:\/\/api.w.org\/{rel}","templated":true}]}}