{"id":4303,"date":"2022-02-11T20:01:09","date_gmt":"2022-02-11T20:01:09","guid":{"rendered":"https:\/\/sinasefesm.com\/?p=4303"},"modified":"2022-02-11T20:01:09","modified_gmt":"2022-02-11T20:01:09","slug":"sinasefe-convoca-assembleia-para-eleger-delegacao-a-170a-plenaria-nacional","status":"publish","type":"post","link":"https:\/\/sinasefesm.com\/index.php\/2022\/02\/11\/sinasefe-convoca-assembleia-para-eleger-delegacao-a-170a-plenaria-nacional\/","title":{"rendered":"Sinasefe convoca assembleia para eleger delega\u00e7\u00e3o \u00e0 170\u00aa Plen\u00e1ria Nacional"},"content":{"rendered":"\n<p>Nesta segunda-feira, 14 de fevereiro, o Sinasefe Santa Maria promove sua primeira assembleia de 2022. A exemplo de como foram as plen\u00e1rias desde o in\u00edcio da pandemia, desta vez o encontro tamb\u00e9m ser\u00e1 virtual (via Google Meet), com primeira chamada \u00e0s 17h e segunda chamada \u00e0s 17h15. O link para acesso \u00e0 sala foi encaminhado via email \u00e0s sindicalizadas e sindicalizados. Quem n\u00e3o recebeu pode escrever para <a href=\"mailto:sinasefesm@gmail.com\">sinasefesm@gmail.com<\/a> que enviaremos novamente.<\/p>\n\n\n\n<p>Na pauta da assembleia est\u00e1, fundamentalmente, a elei\u00e7\u00e3o de delegadas e delegados para representarem a se\u00e7\u00e3o sindical na 170\u00aa Plen\u00e1ria Nacional do Sinasefe, marcada para ocorrer nos dias 19 e 20 de fevereiro, de forma inteiramente remota.<\/p>\n\n\n\n<p>Confira, abaixo, a programa\u00e7\u00e3o da 170\u00aa Plena:<\/p>\n\n\n\n<div class=\"wp-block-image\"><figure class=\"alignleft size-full\"><img fetchpriority=\"high\" decoding=\"async\" width=\"790\" height=\"428\" src=\"https:\/\/sinasefesm.com\/wp-content\/uploads\/2022\/02\/plena-mini.png\" alt=\"\" class=\"wp-image-4308\" srcset=\"https:\/\/sinasefesm.com\/wp-content\/uploads\/2022\/02\/plena-mini.png 790w, https:\/\/sinasefesm.com\/wp-content\/uploads\/2022\/02\/plena-mini-300x163.png 300w, https:\/\/sinasefesm.com\/wp-content\/uploads\/2022\/02\/plena-mini-768x416.png 768w, https:\/\/sinasefesm.com\/wp-content\/uploads\/2022\/02\/plena-mini-150x81.png 150w, https:\/\/sinasefesm.com\/wp-content\/uploads\/2022\/02\/plena-mini-450x244.png 450w\" sizes=\"(max-width: 790px) 100vw, 790px\" \/><\/figure><\/div>\n\n\n\n<p><strong>Dia 19 de fevereiro (s\u00e1bado)<\/strong><\/p>\n\n\n\n<p>08h \u2013 12h: Confirma\u00e7\u00e3o das delega\u00e7\u00f5es na mesa do credenciamento;<\/p>\n\n\n\n<p>09h \u2013 10h: Informes da DN<\/p>\n\n\n\n<p>10h \u2013 13h: Informes das Se\u00e7\u00f5es Sindicais<\/p>\n\n\n\n<p>13h \u2013 14h30: Intervalo do Almo\u00e7o<\/p>\n\n\n\n<p>14h30 \u2013 18h: Discuss\u00e3o sobre&nbsp; Conjuntura, Lutas da categoria, Campanha Salarial e&nbsp; Indicativo de Greve;<\/p>\n\n\n\n<p>18h \u2013 19h: Lanche;<\/p>\n\n\n\n<p>19h \u2013 21h: Congresso Eleitoral (apresenta\u00e7\u00e3o e vota\u00e7\u00e3o das propostas das comiss\u00f5es).<\/p>\n\n\n\n<p><strong>Dia 20 de fevereiro (domingo)<\/strong><\/p>\n\n\n\n<p>09h \u2013 12h: Continua\u00e7\u00e3o do Congresso Eleitoral;<\/p>\n\n\n\n<p>12h \u2013 13h30: Intervalo para almo\u00e7o;<\/p>\n\n\n\n<p>13h30 \u2013 16h: Discuss\u00e3o sobre conjuntura e as Lutas da categoria;<\/p>\n\n\n\n<p>16h \u2013 17h: Vota\u00e7\u00e3o dos encaminhamentos da Conjuntura e das Lutas da categoria;<\/p>\n\n\n\n<p>17h \u2013 Encerramento.<\/p>\n","protected":false},"excerpt":{"rendered":"<p>Nesta segunda-feira, 14 de fevereiro, o Sinasefe Santa Maria promove sua primeira assembleia de 2022. A exemplo de como foram as plen\u00e1rias desde o in\u00edcio da pandemia, desta vez o encontro tamb\u00e9m ser\u00e1 virtual (via Google Meet), com primeira chamada \u00e0s 17h e segunda chamada \u00e0s 17h15. O link para acesso \u00e0 sala foi encaminhado<\/p>\n","protected":false},"author":3,"featured_media":4305,"comment_status":"closed","ping_status":"closed","sticky":false,"template":"","format":"standard","meta":{"footnotes":""},"categories":[37,39,41,42,45],"tags":[],"class_list":{"0":"post-4303","1":"post","2":"type-post","3":"status-publish","4":"format-standard","5":"has-post-thumbnail","7":"category-destaque","8":"category-eventos","9":"category-movimento","10":"category-noticia","11":"category-sindicato"},"_links":{"self":[{"href":"https:\/\/sinasefesm.com\/index.php\/wp-json\/wp\/v2\/posts\/4303","targetHints":{"allow":["GET"]}}],"collection":[{"href":"https:\/\/sinasefesm.com\/index.php\/wp-json\/wp\/v2\/posts"}],"about":[{"href":"https:\/\/sinasefesm.com\/index.php\/wp-json\/wp\/v2\/types\/post"}],"author":[{"embeddable":true,"href":"https:\/\/sinasefesm.com\/index.php\/wp-json\/wp\/v2\/users\/3"}],"replies":[{"embeddable":true,"href":"https:\/\/sinasefesm.com\/index.php\/wp-json\/wp\/v2\/comments?post=4303"}],"version-history":[{"count":0,"href":"https:\/\/sinasefesm.com\/index.php\/wp-json\/wp\/v2\/posts\/4303\/revisions"}],"wp:featuredmedia":[{"embeddable":true,"href":"https:\/\/sinasefesm.com\/index.php\/wp-json\/wp\/v2\/media\/4305"}],"wp:attachment":[{"href":"https:\/\/sinasefesm.com\/index.php\/wp-json\/wp\/v2\/media?parent=4303"}],"wp:term":[{"taxonomy":"category","embeddable":true,"href":"https:\/\/sinasefesm.com\/index.php\/wp-json\/wp\/v2\/categories?post=4303"},{"taxonomy":"post_tag","embeddable":true,"href":"https:\/\/sinasefesm.com\/index.php\/wp-json\/wp\/v2\/tags?post=4303"}],"curies":[{"name":"wp","href":"https:\/\/api.w.org\/{rel}","templated":true}]}}