{"id":4318,"date":"2022-02-15T15:37:26","date_gmt":"2022-02-15T15:37:26","guid":{"rendered":"https:\/\/sinasefesm.com\/?p=4318"},"modified":"2022-02-15T15:37:26","modified_gmt":"2022-02-15T15:37:26","slug":"sinasefe-elege-dois-delegados-para-participarem-da-170a-plenaria-nacional","status":"publish","type":"post","link":"https:\/\/sinasefesm.com\/index.php\/2022\/02\/15\/sinasefe-elege-dois-delegados-para-participarem-da-170a-plenaria-nacional\/","title":{"rendered":"Sinasefe elege dois delegados para participarem da 170\u00aa Plen\u00e1ria Nacional"},"content":{"rendered":"\n<p>Na \u00faltima segunda-feira, 14, o Sinasefe Santa Maria realizou a primeira assembleia de 2022, no formato <em>online<\/em>, que nomeou os dois delegados que representar\u00e3o a se\u00e7\u00e3o sindical na pr\u00f3xima Plen\u00e1ria Nacional. Os escolhidos foram: Ab\u00edlio de Freitas, Coordenador Geral, e Ad\u00e3o Damasceno, Secret\u00e1rio de Carreira e de Rela\u00e7\u00e3o de Trabalho.<\/p>\n\n\n\n<p>A 170\u00aa Plen\u00e1ria est\u00e1 marcada para os dias 19 e 20 de fevereiro, e ocorrer\u00e1 de modo totalmente remoto, por meio do aplicativo Zoom, devido ao agravamento da pandemia de covid-19 nas \u00faltimas semanas. Dentre as principais pautas a serem discutidas no evento est\u00e3o: as lutas da categoria em rela\u00e7\u00e3o \u00e0 PEC 32, ao Reordenamento da Rede e \u00e0 Portaria 983; a Campanha Salarial e indicativo de greve em mar\u00e7o; e o Congresso Eleitoral, previsto para maio. Demais informa\u00e7\u00f5es sobre o evento, como credenciamento e programa\u00e7\u00e3o, podem ser consultadas <a href=\"https:\/\/sinasefesm.com\/170a-plena-do-sinasefe-ocorre-em-fevereiro-e-discute-mobilizacao-do-funcionalismo\/\">aqui<\/a>.<\/p>\n\n\n\n<p><\/p>\n\n\n\n<p><em>Texto: Laurent Keller<\/em><\/p>\n\n\n\n<p><em>Revis\u00e3o: Bruna Homrich<\/em><\/p>\n","protected":false},"excerpt":{"rendered":"<p>Na \u00faltima segunda-feira, 14, o Sinasefe Santa Maria realizou a primeira assembleia de 2022, no formato online, que nomeou os dois delegados que representar\u00e3o a se\u00e7\u00e3o sindical na pr\u00f3xima Plen\u00e1ria Nacional. Os escolhidos foram: Ab\u00edlio de Freitas, Coordenador Geral, e Ad\u00e3o Damasceno, Secret\u00e1rio de Carreira e de Rela\u00e7\u00e3o de Trabalho. A 170\u00aa Plen\u00e1ria est\u00e1 marcada<\/p>\n","protected":false},"author":5,"featured_media":4319,"comment_status":"closed","ping_status":"closed","sticky":false,"template":"","format":"standard","meta":{"footnotes":""},"categories":[37,42],"tags":[59,187],"class_list":{"0":"post-4318","1":"post","2":"type-post","3":"status-publish","4":"format-standard","5":"has-post-thumbnail","7":"category-destaque","8":"category-noticia","9":"tag-assembleia","10":"tag-plenaria-nacional"},"_links":{"self":[{"href":"https:\/\/sinasefesm.com\/index.php\/wp-json\/wp\/v2\/posts\/4318","targetHints":{"allow":["GET"]}}],"collection":[{"href":"https:\/\/sinasefesm.com\/index.php\/wp-json\/wp\/v2\/posts"}],"about":[{"href":"https:\/\/sinasefesm.com\/index.php\/wp-json\/wp\/v2\/types\/post"}],"author":[{"embeddable":true,"href":"https:\/\/sinasefesm.com\/index.php\/wp-json\/wp\/v2\/users\/5"}],"replies":[{"embeddable":true,"href":"https:\/\/sinasefesm.com\/index.php\/wp-json\/wp\/v2\/comments?post=4318"}],"version-history":[{"count":0,"href":"https:\/\/sinasefesm.com\/index.php\/wp-json\/wp\/v2\/posts\/4318\/revisions"}],"wp:featuredmedia":[{"embeddable":true,"href":"https:\/\/sinasefesm.com\/index.php\/wp-json\/wp\/v2\/media\/4319"}],"wp:attachment":[{"href":"https:\/\/sinasefesm.com\/index.php\/wp-json\/wp\/v2\/media?parent=4318"}],"wp:term":[{"taxonomy":"category","embeddable":true,"href":"https:\/\/sinasefesm.com\/index.php\/wp-json\/wp\/v2\/categories?post=4318"},{"taxonomy":"post_tag","embeddable":true,"href":"https:\/\/sinasefesm.com\/index.php\/wp-json\/wp\/v2\/tags?post=4318"}],"curies":[{"name":"wp","href":"https:\/\/api.w.org\/{rel}","templated":true}]}}