{"id":4356,"date":"2022-02-23T22:09:31","date_gmt":"2022-02-23T22:09:31","guid":{"rendered":"https:\/\/sinasefesm.com\/?p=4356"},"modified":"2022-02-23T22:09:31","modified_gmt":"2022-02-23T22:09:31","slug":"ha-mais-de-um-mes-governo-federal-permanece-em-silencio-frente-a-pauta-de-reivindicacoes-do-funcionalismo","status":"publish","type":"post","link":"https:\/\/sinasefesm.com\/index.php\/2022\/02\/23\/ha-mais-de-um-mes-governo-federal-permanece-em-silencio-frente-a-pauta-de-reivindicacoes-do-funcionalismo\/","title":{"rendered":"H\u00e1 mais de um m\u00eas, Governo Federal permanece em sil\u00eancio frente \u00e0 pauta de reivindica\u00e7\u00f5es do funcionalismo"},"content":{"rendered":"\n<p>Na \u00faltima sexta-feira, 18, completou-se um m\u00eas sem que o Governo apresente uma resposta \u00e0 pauta de reivindica\u00e7\u00f5es unificadas, elaborada pelo F\u00f3rum das Entidades Nacionais dos Servidores P\u00fablicos Federais (Fonasefe) e pelo F\u00f3rum das Carreiras de Estado (Fonacate). Entre as demandas fundamentais da proposta est\u00e3o a recomposi\u00e7\u00e3o salarial de 19,99%, a revoga\u00e7\u00e3o da Emenda Constitucional 95\/2016 e a retirada de pauta da Proposta de Emenda \u00e0 Constitui\u00e7\u00e3o 32\/2020, referente \u00e0 Reforma Administrativa. <\/p>\n\n\n\n<p>A exig\u00eancia por reajuste de 19,99% adv\u00e9m da infla\u00e7\u00e3o acumulada pelo funcionalismo p\u00fablico desde o in\u00edcio da gest\u00e3o Bolsonaro, em 2019, e tem por base o \u00cdndice de Pre\u00e7os ao Consumidor Ampliado (IPCA\/IBGE). Para agravar a situa\u00e7\u00e3o, a EC 95\/16 congelou os investimentos p\u00fablicos por 20 anos, permitindo somente que o teto de gastos seja reajustado pela infla\u00e7\u00e3o acumulada, medida pelo IPCA. Tal medida prejudica e limita o investimento em pol\u00edticas sociais, tanto na \u00e1rea da educa\u00e7\u00e3o, quanto na sa\u00fade, seguran\u00e7a, previd\u00eancia social e assist\u00eancia. Com o mesmo intuito de sucatear o servi\u00e7o p\u00fablico, a PEC 32\/20 prop\u00f5e a extin\u00e7\u00e3o da estabilidade, a facilidade para efetivar demiss\u00f5es e o atrofiamento dos concursos p\u00fablicos. Atualmente, a PEC est\u00e1 em tramita\u00e7\u00e3o na C\u00e2mara dos Deputados. Para saber mais informa\u00e7\u00f5es a respeito do assunto, clique <a href=\"https:\/\/sinasefesm.com\/pec-32-desmonta-protecao-social-no-brasil-alertam-debatedores-em-live-do-sinasefe\/\">aqui<\/a>.<\/p>\n\n\n\n<h2 class=\"wp-block-heading\"><strong>Novo calend\u00e1rio de mobiliza\u00e7\u00f5es<\/strong><\/h2>\n\n\n\n<p>Os pr\u00f3ximos passos da mobiliza\u00e7\u00e3o pelas reivindica\u00e7\u00f5es unificadas j\u00e1 est\u00e3o tra\u00e7ados e incluem quatro novas datas e um indicativo de greve:<\/p>\n\n\n\n<p><strong>23 de fevereiro<\/strong>: Plen\u00e1ria Virtual, \u00e0s 18 horas<\/p>\n\n\n\n<p><strong>8 de mar\u00e7o<\/strong>: Dia Internacional de Luta das Mulheres<\/p>\n\n\n\n<p><strong>16 de mar\u00e7o<\/strong>: Dia Nacional de Greve \u2013 ultimato dos servidores ao Governo Federal<\/p>\n\n\n\n<p><strong>30 de mar\u00e7o:<\/strong> Indicativo de Deflagra\u00e7\u00e3o de Greve por Tempo Indeterminado<\/p>\n\n\n\n<p>Caso o Governo n\u00e3o responda \u00e0s pautas do sindicato at\u00e9 mar\u00e7o, o funcionalismo p\u00fablico deve iniciar uma greve.<\/p>\n\n\n\n<h2 class=\"wp-block-heading\"><strong>Anivers\u00e1rio de 1 m\u00eas de sil\u00eancio do governo<\/strong><\/h2>\n\n\n\n<p>Para \u2018\u2019comemorar\u2019\u2019 o m\u00eas de sil\u00eancio do governo, foi realizado um <a href=\"https:\/\/sinasefe.org.br\/site\/servidores-cobram-recomposicao-salarial-apos-1-mes-de-silencio-de-paulo-guedes-e-bolsonaro\/\">ato-anivers\u00e1rio<\/a> de car\u00e1ter simb\u00f3lico, no \u00faltimo dia 18, em frente ao Minist\u00e9rio da Economia (Bras\u00edlia\/DF). O ato contou com falas pol\u00edticas dos dirigentes sindicais, sendo que a quantidade de participantes foi limitada em decorr\u00eancia do agravamento da pandemia.<\/p>\n\n\n\n<p>O Sinasefe exige que o governo respeite as servidoras e os servidores p\u00fablicos e inicie um di\u00e1logo de negocia\u00e7\u00f5es. N\u00e3o vamos parar at\u00e9 que conquistemos nossas reivindica\u00e7\u00f5es!<\/p>\n\n\n\n<figure class=\"wp-block-gallery has-nested-images columns-default is-cropped wp-block-gallery-1 is-layout-flex wp-block-gallery-is-layout-flex\">\n<figure class=\"wp-block-image size-large\"><img fetchpriority=\"high\" decoding=\"async\" width=\"1800\" height=\"1200\" data-id=\"4360\" src=\"https:\/\/sinasefesm.com\/wp-content\/uploads\/2022\/02\/IMG_5337.jpg\" alt=\"\" class=\"wp-image-4360\" srcset=\"https:\/\/sinasefesm.com\/wp-content\/uploads\/2022\/02\/IMG_5337.jpg 1800w, https:\/\/sinasefesm.com\/wp-content\/uploads\/2022\/02\/IMG_5337-300x200.jpg 300w, https:\/\/sinasefesm.com\/wp-content\/uploads\/2022\/02\/IMG_5337-1024x683.jpg 1024w, https:\/\/sinasefesm.com\/wp-content\/uploads\/2022\/02\/IMG_5337-768x512.jpg 768w, https:\/\/sinasefesm.com\/wp-content\/uploads\/2022\/02\/IMG_5337-1536x1024.jpg 1536w, https:\/\/sinasefesm.com\/wp-content\/uploads\/2022\/02\/IMG_5337-150x100.jpg 150w, https:\/\/sinasefesm.com\/wp-content\/uploads\/2022\/02\/IMG_5337-450x300.jpg 450w, https:\/\/sinasefesm.com\/wp-content\/uploads\/2022\/02\/IMG_5337-1200x800.jpg 1200w\" sizes=\"(max-width: 1800px) 100vw, 1800px\" \/><\/figure>\n\n\n\n<figure class=\"wp-block-image size-large\"><img decoding=\"async\" width=\"1800\" height=\"1200\" data-id=\"4361\" src=\"https:\/\/sinasefesm.com\/wp-content\/uploads\/2022\/02\/IMG_5359.jpg\" alt=\"\" class=\"wp-image-4361\" srcset=\"https:\/\/sinasefesm.com\/wp-content\/uploads\/2022\/02\/IMG_5359.jpg 1800w, https:\/\/sinasefesm.com\/wp-content\/uploads\/2022\/02\/IMG_5359-300x200.jpg 300w, https:\/\/sinasefesm.com\/wp-content\/uploads\/2022\/02\/IMG_5359-1024x683.jpg 1024w, https:\/\/sinasefesm.com\/wp-content\/uploads\/2022\/02\/IMG_5359-768x512.jpg 768w, https:\/\/sinasefesm.com\/wp-content\/uploads\/2022\/02\/IMG_5359-1536x1024.jpg 1536w, https:\/\/sinasefesm.com\/wp-content\/uploads\/2022\/02\/IMG_5359-150x100.jpg 150w, https:\/\/sinasefesm.com\/wp-content\/uploads\/2022\/02\/IMG_5359-450x300.jpg 450w, https:\/\/sinasefesm.com\/wp-content\/uploads\/2022\/02\/IMG_5359-1200x800.jpg 1200w\" sizes=\"(max-width: 1800px) 100vw, 1800px\" \/><\/figure>\n<figcaption class=\"blocks-gallery-caption\">Ato em Bras\u00edlia-DF<\/figcaption><\/figure>\n\n\n\n<p><em>Texto: Laurent Keller<\/em><\/p>\n\n\n\n<p><em>Imagens: Sinasefe<\/em><\/p>\n\n\n\n<p><em>Revis\u00e3o: Bruna Homrich<\/em><\/p>\n","protected":false},"excerpt":{"rendered":"<p>Na \u00faltima sexta-feira, 18, completou-se um m\u00eas sem que o Governo apresente uma resposta \u00e0 pauta de reivindica\u00e7\u00f5es unificadas, elaborada pelo F\u00f3rum das Entidades Nacionais dos Servidores P\u00fablicos Federais (Fonasefe) e pelo F\u00f3rum das Carreiras de Estado (Fonacate). Entre as demandas fundamentais da proposta est\u00e3o a recomposi\u00e7\u00e3o salarial de 19,99%, a revoga\u00e7\u00e3o da Emenda Constitucional<\/p>\n","protected":false},"author":5,"featured_media":4358,"comment_status":"closed","ping_status":"closed","sticky":false,"template":"","format":"standard","meta":{"footnotes":""},"categories":[37,42,44],"tags":[114,184,201,206,213],"class_list":{"0":"post-4356","1":"post","2":"type-post","3":"status-publish","4":"format-standard","5":"has-post-thumbnail","7":"category-destaque","8":"category-noticia","9":"category-reforma-administrativa","10":"tag-ec-95-16","11":"tag-pec-32-20","12":"tag-reajuste-salarial","13":"tag-reforma-administrativa","14":"tag-servico-publico"},"_links":{"self":[{"href":"https:\/\/sinasefesm.com\/index.php\/wp-json\/wp\/v2\/posts\/4356","targetHints":{"allow":["GET"]}}],"collection":[{"href":"https:\/\/sinasefesm.com\/index.php\/wp-json\/wp\/v2\/posts"}],"about":[{"href":"https:\/\/sinasefesm.com\/index.php\/wp-json\/wp\/v2\/types\/post"}],"author":[{"embeddable":true,"href":"https:\/\/sinasefesm.com\/index.php\/wp-json\/wp\/v2\/users\/5"}],"replies":[{"embeddable":true,"href":"https:\/\/sinasefesm.com\/index.php\/wp-json\/wp\/v2\/comments?post=4356"}],"version-history":[{"count":0,"href":"https:\/\/sinasefesm.com\/index.php\/wp-json\/wp\/v2\/posts\/4356\/revisions"}],"wp:featuredmedia":[{"embeddable":true,"href":"https:\/\/sinasefesm.com\/index.php\/wp-json\/wp\/v2\/media\/4358"}],"wp:attachment":[{"href":"https:\/\/sinasefesm.com\/index.php\/wp-json\/wp\/v2\/media?parent=4356"}],"wp:term":[{"taxonomy":"category","embeddable":true,"href":"https:\/\/sinasefesm.com\/index.php\/wp-json\/wp\/v2\/categories?post=4356"},{"taxonomy":"post_tag","embeddable":true,"href":"https:\/\/sinasefesm.com\/index.php\/wp-json\/wp\/v2\/tags?post=4356"}],"curies":[{"name":"wp","href":"https:\/\/api.w.org\/{rel}","templated":true}]}}