{"id":4371,"date":"2022-03-07T15:05:30","date_gmt":"2022-03-07T15:05:30","guid":{"rendered":"https:\/\/sinasefesm.com\/?p=4371"},"modified":"2022-03-07T15:05:30","modified_gmt":"2022-03-07T15:05:30","slug":"sinasefe-participa-de-atividades-em-referencia-ao-dia-da-mulher","status":"publish","type":"post","link":"https:\/\/sinasefesm.com\/index.php\/2022\/03\/07\/sinasefe-participa-de-atividades-em-referencia-ao-dia-da-mulher\/","title":{"rendered":"Sinasefe participa de atividades em refer\u00eancia ao Dia da Mulher"},"content":{"rendered":"\n<p>Nesta ter\u00e7a-feira, 8 de mar\u00e7o, Dia Internacional da Mulher, Santa Maria ter\u00e1 uma s\u00e9rie de atividades planejadas para marcar a data e promover reflex\u00f5es que, se s\u00e3o importantes em todos os dias do ano, amanh\u00e3 se tornam ainda mais centrais.<\/p>\n\n\n\n<p>A partir das 17h, a Pra\u00e7a Saldanha Marinho receber\u00e1 o ato pol\u00edtico intitulado \u201cPela vida das mulheres. Bolsonaro nunca mais! Por um Brasil sem machismo, racismo e fome\u201d. Acompanhe, abaixo, trecho do texto formulado pelas entidades que convocam o ato:<\/p>\n\n\n\n<figure class=\"wp-block-pullquote\"><blockquote><p>\u201cA vida piorou muito nos \u00faltimos tempos. A crise n\u00e3o come\u00e7ou com a pandemia ou com o governo Bolsonaro, mas com certeza se intensificou muito com eles. As mulheres do Brasil continuam sofrendo: seus sal\u00e1rios mal conseguem as manter vivas, a viol\u00eancia cresce, a explora\u00e7\u00e3o do trabalho fica cada vez pior. \u00c9 por isso que usamos do pouco tempo que nos resta para ir \u00e0s ruas.<\/p><p>Ir para a rua \u00e9 a nossa maior demonstra\u00e7\u00e3o de for\u00e7a, o jeito com mais impacto de garantir que nossas vozes sejam ouvidas. Isso significa parar o tr\u00e2nsito e gritar junto t\u00e3o alto que nos escutem do quarto, do s\u00e9timo, do vig\u00e9simo andar\u201d.<\/p><\/blockquote><\/figure>\n\n\n\n<p>Tamb\u00e9m na Pra\u00e7a Saldanha Marinho, das 14h at\u00e9 \u00e0s 20h30, ocorre o evento \u201cElos de Luta: Fortalecendo a Rede de Prote\u00e7\u00e3o \u00e0 Mulher\u201d, promovido pela prefeitura de Santa Maria e apoiado por entidades como o Conselho Municipal dos Direitos da Mulher (Comdim); o F\u00f3rum de Enfrentamento \u00e0 Viol\u00eancia contra as Mulheres de Santa Maria\/Campanha Santa Maria 50-50; o Comit\u00ea Igualdade Racial\/Grupo Mulheres do Brasil; a Musicomania Centro de Artes; a Patrulha Maria da Penha\/Brigada Militar; a Delegacia Especializada de Atendimento \u00e0 Mulher (Deam)\/Pol\u00edcia Civil; a Procuradoria Especial da Mulher\/C\u00e2mara Municipal de Vereadores de Santa Maria; o Instituto Embelleze; o Servi\u00e7o Social do Com\u00e9rcio (Sesc); o coletivo Donas de Si e o projeto Eu, N\u00f3s, Elas.<\/p>\n\n\n\n<div class=\"wp-block-image\"><figure class=\"aligncenter size-full\"><img fetchpriority=\"high\" decoding=\"async\" width=\"690\" height=\"517\" src=\"https:\/\/sinasefesm.com\/wp-content\/uploads\/2022\/03\/WhatsApp-Image-2022-03-04-at-22.55.39.jpeg\" alt=\"\" class=\"wp-image-4372\" srcset=\"https:\/\/sinasefesm.com\/wp-content\/uploads\/2022\/03\/WhatsApp-Image-2022-03-04-at-22.55.39.jpeg 690w, https:\/\/sinasefesm.com\/wp-content\/uploads\/2022\/03\/WhatsApp-Image-2022-03-04-at-22.55.39-300x225.jpeg 300w, https:\/\/sinasefesm.com\/wp-content\/uploads\/2022\/03\/WhatsApp-Image-2022-03-04-at-22.55.39-150x112.jpeg 150w, https:\/\/sinasefesm.com\/wp-content\/uploads\/2022\/03\/WhatsApp-Image-2022-03-04-at-22.55.39-450x337.jpeg 450w\" sizes=\"(max-width: 690px) 100vw, 690px\" \/><\/figure><\/div>\n\n\n\n<p>Acompanhe, abaixo, a programa\u00e7\u00e3o completa do evento \u201cElos\u201d:<\/p>\n\n\n\n<p>\u2013 14h: Cerimonial de abertura<\/p>\n\n\n\n<p>\u2013 14h30min \u00e0s 16h30min: Oficina de boneca Abayomi, do Comit\u00ea Igualdade Racial\/Grupo Mulheres do Brasil<\/p>\n\n\n\n<p>\u2013 14h30min \u00e0s 16h: Reforme como uma mulher (aprendendo sobre as ferramentas usadas no dia a dia, como furadeira, lixadeira, parafusadeira, entre outras), do projeto Eu, N\u00f3s, Elas<\/p>\n\n\n\n<p>\u2013 14h30min \u00e0s 18h: Servi\u00e7os da Embelleze (corte de cabelo, maquiagem e designer de sobrancelhas)<\/p>\n\n\n\n<p>\u2013 16h30min: Document\u00e1rio #EuSouEuQueroEuPosso, do coletivo Mulheres Donas de Si<\/p>\n\n\n\n<p>\u2013 17h30min: Aula de gin\u00e1stica do Sesc<\/p>\n\n\n\n<p>\u2013 18h30min: Apresenta\u00e7\u00e3o da Banda Delas, da Musicomania Centro de Artes<\/p>\n\n\n\n<p>\u2013 19h30min: Show \u201cA Voz da Mulher\u201d, com Paola Matos e Gisele Guimar\u00e3es, participa\u00e7\u00e3o especial de Eveliny Pedroso. Com produ\u00e7\u00e3o art\u00edstica de Janu Uberti<\/p>\n\n\n\n<p>\u2013 20h: Live Cultural: Por uma agenda de pol\u00edticas p\u00fablicas para mulheres em Santa Maria, do F\u00f3rum de Enfrentamento \u00e0 Viol\u00eancia Contra as Mulheres de Santa Maria-RS e Campanha Santa Maria 50 \u2013 50, com transmiss\u00e3o pelo Facebook (<a href=\"https:\/\/www.facebook.com\/forumenfrentaviolencia\" data-type=\"URL\" data-id=\"https:\/\/www.facebook.com\/forumenfrentaviolencia\" target=\"_blank\" rel=\"noreferrer noopener\">forumenfrentaviol\u00eancia<\/a>; <a href=\"https:\/\/www.facebook.com\/santamaria50.50\/\" data-type=\"URL\" data-id=\"https:\/\/www.facebook.com\/santamaria50.50\/\" target=\"_blank\" rel=\"noreferrer noopener\">santamaria50.50<\/a>; e <a href=\"https:\/\/www.facebook.com\/redesina\/\" data-type=\"URL\" data-id=\"https:\/\/www.facebook.com\/redesina\/\" target=\"_blank\" rel=\"noreferrer noopener\">Rede Sina<\/a>) e pelo YouTube (<a href=\"https:\/\/www.youtube.com\/watch?v=TDnUpl9Lg2o&amp;feature=youtu.be\" data-type=\"URL\" data-id=\"https:\/\/www.youtube.com\/watch?v=TDnUpl9Lg2o&amp;feature=youtu.be\" target=\"_blank\" rel=\"noreferrer noopener\">Studio H20 produ\u00e7\u00f5es<\/a>)<\/p>\n\n\n\n<p>Durante o evento na Pra\u00e7a Saldanha Marinho, haver\u00e1 servi\u00e7os de orienta\u00e7\u00e3o sobre a Rede de Prote\u00e7\u00e3o \u00e0 Mulher no munic\u00edpio.<\/p>\n\n\n\n<p>O Sinasefe Santa Maria reafirma seu compromisso com a luta das mulheres e convida suas filiadas e filiados a participarem das atividades, levando, para a Pra\u00e7a, seu inconformismo com a reprodu\u00e7\u00e3o cotidiana do machismo e sua disposi\u00e7\u00e3o em reivindicar pol\u00edticas p\u00fablicas efetivas de prote\u00e7\u00e3o e de incentivo \u00e0s mulheres. <\/p>\n","protected":false},"excerpt":{"rendered":"<p>Nesta ter\u00e7a-feira, 8 de mar\u00e7o, Dia Internacional da Mulher, Santa Maria ter\u00e1 uma s\u00e9rie de atividades planejadas para marcar a data e promover reflex\u00f5es que, se s\u00e3o importantes em todos os dias do ano, amanh\u00e3 se tornam ainda mais centrais. A partir das 17h, a Pra\u00e7a Saldanha Marinho receber\u00e1 o ato pol\u00edtico intitulado \u201cPela vida<\/p>\n","protected":false},"author":3,"featured_media":4373,"comment_status":"closed","ping_status":"closed","sticky":false,"template":"","format":"standard","meta":{"footnotes":""},"categories":[37,39,41,42],"tags":[],"class_list":{"0":"post-4371","1":"post","2":"type-post","3":"status-publish","4":"format-standard","5":"has-post-thumbnail","7":"category-destaque","8":"category-eventos","9":"category-movimento","10":"category-noticia"},"_links":{"self":[{"href":"https:\/\/sinasefesm.com\/index.php\/wp-json\/wp\/v2\/posts\/4371","targetHints":{"allow":["GET"]}}],"collection":[{"href":"https:\/\/sinasefesm.com\/index.php\/wp-json\/wp\/v2\/posts"}],"about":[{"href":"https:\/\/sinasefesm.com\/index.php\/wp-json\/wp\/v2\/types\/post"}],"author":[{"embeddable":true,"href":"https:\/\/sinasefesm.com\/index.php\/wp-json\/wp\/v2\/users\/3"}],"replies":[{"embeddable":true,"href":"https:\/\/sinasefesm.com\/index.php\/wp-json\/wp\/v2\/comments?post=4371"}],"version-history":[{"count":0,"href":"https:\/\/sinasefesm.com\/index.php\/wp-json\/wp\/v2\/posts\/4371\/revisions"}],"wp:featuredmedia":[{"embeddable":true,"href":"https:\/\/sinasefesm.com\/index.php\/wp-json\/wp\/v2\/media\/4373"}],"wp:attachment":[{"href":"https:\/\/sinasefesm.com\/index.php\/wp-json\/wp\/v2\/media?parent=4371"}],"wp:term":[{"taxonomy":"category","embeddable":true,"href":"https:\/\/sinasefesm.com\/index.php\/wp-json\/wp\/v2\/categories?post=4371"},{"taxonomy":"post_tag","embeddable":true,"href":"https:\/\/sinasefesm.com\/index.php\/wp-json\/wp\/v2\/tags?post=4371"}],"curies":[{"name":"wp","href":"https:\/\/api.w.org\/{rel}","templated":true}]}}