{"id":4381,"date":"2022-03-10T17:47:14","date_gmt":"2022-03-10T17:47:14","guid":{"rendered":"https:\/\/sinasefesm.com\/?p=4381"},"modified":"2022-03-10T17:47:14","modified_gmt":"2022-03-10T17:47:14","slug":"sinasefe-elege-dois-delegados-para-171o-plenaria-nacional","status":"publish","type":"post","link":"https:\/\/sinasefesm.com\/index.php\/2022\/03\/10\/sinasefe-elege-dois-delegados-para-171o-plenaria-nacional\/","title":{"rendered":"Sinasefe elege dois delegados para 171\u00ba Plen\u00e1ria Nacional"},"content":{"rendered":"\n<p>Na \u00faltima quarta-feira, 09, ocorreu, em formato virtual, uma Assembleia Extraordin\u00e1ria para nomear os delegados que representar\u00e3o a se\u00e7\u00e3o sindical de Santa Maria na pr\u00f3xima Plen\u00e1ria Nacional. Ambos Coordenadores Gerais do sindicato, os escolhidos foram: Milton Ferrari, indicado pela diretoria, e Jos\u00e9 Ab\u00edlio de Freitas, indicado pela Assembleia.<\/p>\n\n\n\n<p>Ap\u00f3s a escolha dos delegados, a reuni\u00e3o debateu outras quest\u00f5es relacionadas \u00e0 pr\u00f3xima Plen\u00e1ria, como a aprova\u00e7\u00e3o da perman\u00eancia do sindicato em estado de greve.<\/p>\n\n\n\n<p>A 171\u00ba Plen\u00e1ria Nacional do Sinasefe ser\u00e1 realizada atrav\u00e9s da plataforma online Zoom, no dia 12 de mar\u00e7o. Acompanhe nosso site e redes sociais para, em breve, receber mais informa\u00e7\u00f5es sobre o evento.<\/p>\n\n\n\n<p><\/p>\n\n\n\n<p><em>Texto: Laurent Keller<\/em><\/p>\n\n\n\n<p><em>Revis\u00e3o: Bruna Homrich<\/em><\/p>\n","protected":false},"excerpt":{"rendered":"<p>Na \u00faltima quarta-feira, 09, ocorreu, em formato virtual, uma Assembleia Extraordin\u00e1ria para nomear os delegados que representar\u00e3o a se\u00e7\u00e3o sindical de Santa Maria na pr\u00f3xima Plen\u00e1ria Nacional. Ambos Coordenadores Gerais do sindicato, os escolhidos foram: Milton Ferrari, indicado pela diretoria, e Jos\u00e9 Ab\u00edlio de Freitas, indicado pela Assembleia. Ap\u00f3s a escolha dos delegados, a reuni\u00e3o<\/p>\n","protected":false},"author":5,"featured_media":4382,"comment_status":"closed","ping_status":"closed","sticky":false,"template":"","format":"standard","meta":{"footnotes":""},"categories":[42],"tags":[59],"class_list":{"0":"post-4381","1":"post","2":"type-post","3":"status-publish","4":"format-standard","5":"has-post-thumbnail","7":"category-noticia","8":"tag-assembleia"},"_links":{"self":[{"href":"https:\/\/sinasefesm.com\/index.php\/wp-json\/wp\/v2\/posts\/4381","targetHints":{"allow":["GET"]}}],"collection":[{"href":"https:\/\/sinasefesm.com\/index.php\/wp-json\/wp\/v2\/posts"}],"about":[{"href":"https:\/\/sinasefesm.com\/index.php\/wp-json\/wp\/v2\/types\/post"}],"author":[{"embeddable":true,"href":"https:\/\/sinasefesm.com\/index.php\/wp-json\/wp\/v2\/users\/5"}],"replies":[{"embeddable":true,"href":"https:\/\/sinasefesm.com\/index.php\/wp-json\/wp\/v2\/comments?post=4381"}],"version-history":[{"count":0,"href":"https:\/\/sinasefesm.com\/index.php\/wp-json\/wp\/v2\/posts\/4381\/revisions"}],"wp:featuredmedia":[{"embeddable":true,"href":"https:\/\/sinasefesm.com\/index.php\/wp-json\/wp\/v2\/media\/4382"}],"wp:attachment":[{"href":"https:\/\/sinasefesm.com\/index.php\/wp-json\/wp\/v2\/media?parent=4381"}],"wp:term":[{"taxonomy":"category","embeddable":true,"href":"https:\/\/sinasefesm.com\/index.php\/wp-json\/wp\/v2\/categories?post=4381"},{"taxonomy":"post_tag","embeddable":true,"href":"https:\/\/sinasefesm.com\/index.php\/wp-json\/wp\/v2\/tags?post=4381"}],"curies":[{"name":"wp","href":"https:\/\/api.w.org\/{rel}","templated":true}]}}