{"id":4413,"date":"2022-03-18T15:30:04","date_gmt":"2022-03-18T15:30:04","guid":{"rendered":"https:\/\/sinasefesm.com\/?p=4413"},"modified":"2022-03-18T15:30:04","modified_gmt":"2022-03-18T15:30:04","slug":"servidoras-e-servidores-vao-as-ruas-de-todo-pais-reivindicar-reajuste-salarial","status":"publish","type":"post","link":"https:\/\/sinasefesm.com\/index.php\/2022\/03\/18\/servidoras-e-servidores-vao-as-ruas-de-todo-pais-reivindicar-reajuste-salarial\/","title":{"rendered":"Servidoras e servidores v\u00e3o \u00e0s ruas de todo pa\u00eds reivindicar reajuste salarial"},"content":{"rendered":"\n<div class=\"wp-block-image\"><figure class=\"alignright size-full is-resized\"><img fetchpriority=\"high\" decoding=\"async\" src=\"https:\/\/sinasefesm.com\/wp-content\/uploads\/2022\/03\/materiaiscampanhasite2.png\" alt=\"\" class=\"wp-image-4424\" width=\"329\" height=\"179\" srcset=\"https:\/\/sinasefesm.com\/wp-content\/uploads\/2022\/03\/materiaiscampanhasite2.png 790w, https:\/\/sinasefesm.com\/wp-content\/uploads\/2022\/03\/materiaiscampanhasite2-300x163.png 300w, https:\/\/sinasefesm.com\/wp-content\/uploads\/2022\/03\/materiaiscampanhasite2-768x416.png 768w, https:\/\/sinasefesm.com\/wp-content\/uploads\/2022\/03\/materiaiscampanhasite2-150x81.png 150w, https:\/\/sinasefesm.com\/wp-content\/uploads\/2022\/03\/materiaiscampanhasite2-450x244.png 450w\" sizes=\"(max-width: 329px) 100vw, 329px\" \/><\/figure><\/div>\n\n\n\n<p>Em decorr\u00eancia dos quase dois meses sem respostas do governo federal \u00e0 pauta de reivindica\u00e7\u00f5es protocolada pelas entidades de servidoras e servidores p\u00fablicos, diversas se\u00e7\u00f5es sindicais do Sinasefe, em conjunto com outros sindicatos, \u00a0foram \u00e0s ruas na \u00faltima quarta-feira, 16 de mar\u00e7o, como forma de ultimato ao governo Bolsonaro, para que comece, at\u00e9 dia 23, a negociar o reajuste salarial dos\/as servidores\/as p\u00fablicos\/as. A reivindica\u00e7\u00e3o \u00e9 para que o reajuste seja de 19,99%, valor correspondente aos cinco anos de sal\u00e1rios congelados, de acordo com a infla\u00e7\u00e3o acumulada (projetada pelo IPCA\/IBGE) pelo funcionalismo p\u00fablico desde o in\u00edcio da gest\u00e3o atual. <\/p>\n\n\n\n<p>Al\u00e9m da reposi\u00e7\u00e3o dos sal\u00e1rios, os protestos tamb\u00e9m demandaram pelas demais pautas presentes na Campanha Salarial Unificada: a revoga\u00e7\u00e3o da Emenda Constitucional 95\/2016, respons\u00e1vel por congelar os investimentos p\u00fablicos por 20 anos, impedindo investimentos n\u00e3o somente na educa\u00e7\u00e3o, mas tamb\u00e9m em \u00e1reas como sa\u00fade e seguran\u00e7a; e o arquivamento da Proposta de Emenda \u00e0 Constitui\u00e7\u00e3o 32\/2020, referente \u00e0 Reforma Administrativa, que promove o sucateamento do funcionalismo p\u00fablico, por meio do enfraquecimento dos concursos p\u00fablicos, da maior facilidade para efetivar demiss\u00f5es, dentre outros pontos. Para compreender em mais detalhes a Campanha, clique <a href=\"https:\/\/sinasefesm.com\/ha-mais-de-um-mes-governo-federal-permanece-em-silencio-frente-a-pauta-de-reivindicacoes-do-funcionalismo\/\">aqui<\/a>.<\/p>\n\n\n\n<h2 class=\"wp-block-heading\"><strong>Sinasefe participa de audi\u00eancia p\u00fablica<\/strong><\/h2>\n\n\n\n<p>Junto a outras entidades, o Sinasefe participou de uma Audi\u00eancia P\u00fablica promovida na \u00faltima ter\u00e7a-feira, 15 de mar\u00e7o, pela Frente Parlamentar Mista do Servi\u00e7o P\u00fablico, pela lideran\u00e7a da minoria na C\u00e2mara e pela lideran\u00e7a do PT na C\u00e2mara. O objetivo principal foi discutir estrat\u00e9gias a serem adotadas pelo Legislativo para garantir o reajuste emergencial \u00e0s categorias do servi\u00e7o p\u00fablico. Assista aqui o debate na <a href=\"https:\/\/www.facebook.com\/frenteparlamentarmistadoservicopublico\/videos\/4923281044454560\">\u00edntegra<\/a>.<\/p>\n\n\n\n<h2 class=\"wp-block-heading\"><strong>Confira imagens das manifesta\u00e7\u00f5es<\/strong><\/h2>\n\n\n\n<figure class=\"wp-block-gallery aligncenter has-nested-images columns-default is-cropped wp-block-gallery-1 is-layout-flex wp-block-gallery-is-layout-flex\">\n<figure class=\"wp-block-image size-full\"><img decoding=\"async\" width=\"1242\" height=\"677\" data-id=\"4415\" src=\"https:\/\/sinasefesm.com\/wp-content\/uploads\/2022\/03\/IMG-3642-1.jpg\" alt=\"\" class=\"wp-image-4415\" srcset=\"https:\/\/sinasefesm.com\/wp-content\/uploads\/2022\/03\/IMG-3642-1.jpg 1242w, https:\/\/sinasefesm.com\/wp-content\/uploads\/2022\/03\/IMG-3642-1-300x164.jpg 300w, https:\/\/sinasefesm.com\/wp-content\/uploads\/2022\/03\/IMG-3642-1-1024x558.jpg 1024w, https:\/\/sinasefesm.com\/wp-content\/uploads\/2022\/03\/IMG-3642-1-768x419.jpg 768w, https:\/\/sinasefesm.com\/wp-content\/uploads\/2022\/03\/IMG-3642-1-150x82.jpg 150w, https:\/\/sinasefesm.com\/wp-content\/uploads\/2022\/03\/IMG-3642-1-450x245.jpg 450w, https:\/\/sinasefesm.com\/wp-content\/uploads\/2022\/03\/IMG-3642-1-1200x654.jpg 1200w\" sizes=\"(max-width: 1242px) 100vw, 1242px\" \/><\/figure>\n\n\n\n<figure class=\"wp-block-image size-large\"><img decoding=\"async\" width=\"1242\" height=\"695\" data-id=\"4416\" src=\"https:\/\/sinasefesm.com\/wp-content\/uploads\/2022\/03\/IMG-3643.jpg\" alt=\"\" class=\"wp-image-4416\" srcset=\"https:\/\/sinasefesm.com\/wp-content\/uploads\/2022\/03\/IMG-3643.jpg 1242w, https:\/\/sinasefesm.com\/wp-content\/uploads\/2022\/03\/IMG-3643-300x168.jpg 300w, https:\/\/sinasefesm.com\/wp-content\/uploads\/2022\/03\/IMG-3643-1024x573.jpg 1024w, https:\/\/sinasefesm.com\/wp-content\/uploads\/2022\/03\/IMG-3643-768x430.jpg 768w, https:\/\/sinasefesm.com\/wp-content\/uploads\/2022\/03\/IMG-3643-150x84.jpg 150w, https:\/\/sinasefesm.com\/wp-content\/uploads\/2022\/03\/IMG-3643-450x252.jpg 450w, https:\/\/sinasefesm.com\/wp-content\/uploads\/2022\/03\/IMG-3643-1200x671.jpg 1200w\" sizes=\"(max-width: 1242px) 100vw, 1242px\" \/><\/figure>\n\n\n\n<figure class=\"wp-block-image size-large\"><img loading=\"lazy\" decoding=\"async\" width=\"1242\" height=\"689\" data-id=\"4417\" src=\"https:\/\/sinasefesm.com\/wp-content\/uploads\/2022\/03\/IMG-3644.jpg\" alt=\"\" class=\"wp-image-4417\" srcset=\"https:\/\/sinasefesm.com\/wp-content\/uploads\/2022\/03\/IMG-3644.jpg 1242w, https:\/\/sinasefesm.com\/wp-content\/uploads\/2022\/03\/IMG-3644-300x166.jpg 300w, https:\/\/sinasefesm.com\/wp-content\/uploads\/2022\/03\/IMG-3644-1024x568.jpg 1024w, https:\/\/sinasefesm.com\/wp-content\/uploads\/2022\/03\/IMG-3644-768x426.jpg 768w, https:\/\/sinasefesm.com\/wp-content\/uploads\/2022\/03\/IMG-3644-150x83.jpg 150w, https:\/\/sinasefesm.com\/wp-content\/uploads\/2022\/03\/IMG-3644-450x250.jpg 450w, https:\/\/sinasefesm.com\/wp-content\/uploads\/2022\/03\/IMG-3644-1200x666.jpg 1200w\" sizes=\"(max-width: 1242px) 100vw, 1242px\" \/><\/figure>\n<figcaption class=\"blocks-gallery-caption\">Ato em Bras\u00edlia-DF (imagens: Sinasefe DN)<\/figcaption><\/figure>\n\n\n\n<hr class=\"wp-block-separator\"\/>\n\n\n\n<figure class=\"wp-block-gallery aligncenter has-nested-images columns-default is-cropped wp-block-gallery-2 is-layout-flex wp-block-gallery-is-layout-flex\">\n<figure class=\"wp-block-image size-large\"><img loading=\"lazy\" decoding=\"async\" width=\"1242\" height=\"816\" data-id=\"4418\" src=\"https:\/\/sinasefesm.com\/wp-content\/uploads\/2022\/03\/IMG-3654.jpg\" alt=\"\" class=\"wp-image-4418\" srcset=\"https:\/\/sinasefesm.com\/wp-content\/uploads\/2022\/03\/IMG-3654.jpg 1242w, https:\/\/sinasefesm.com\/wp-content\/uploads\/2022\/03\/IMG-3654-300x197.jpg 300w, https:\/\/sinasefesm.com\/wp-content\/uploads\/2022\/03\/IMG-3654-1024x673.jpg 1024w, https:\/\/sinasefesm.com\/wp-content\/uploads\/2022\/03\/IMG-3654-768x505.jpg 768w, https:\/\/sinasefesm.com\/wp-content\/uploads\/2022\/03\/IMG-3654-150x99.jpg 150w, https:\/\/sinasefesm.com\/wp-content\/uploads\/2022\/03\/IMG-3654-450x296.jpg 450w, https:\/\/sinasefesm.com\/wp-content\/uploads\/2022\/03\/IMG-3654-1200x788.jpg 1200w\" sizes=\"(max-width: 1242px) 100vw, 1242px\" \/><\/figure>\n<figcaption class=\"blocks-gallery-caption\">Ato em Santa Maria-RS (imagem: Sedufsm)<\/figcaption><\/figure>\n\n\n\n<hr class=\"wp-block-separator\"\/>\n\n\n\n<figure class=\"wp-block-gallery aligncenter has-nested-images columns-default is-cropped wp-block-gallery-3 is-layout-flex wp-block-gallery-is-layout-flex\">\n<figure class=\"wp-block-image size-large\"><img loading=\"lazy\" decoding=\"async\" width=\"1242\" height=\"916\" data-id=\"4421\" src=\"https:\/\/sinasefesm.com\/wp-content\/uploads\/2022\/03\/IMG-3661.jpg\" alt=\"\" class=\"wp-image-4421\" srcset=\"https:\/\/sinasefesm.com\/wp-content\/uploads\/2022\/03\/IMG-3661.jpg 1242w, https:\/\/sinasefesm.com\/wp-content\/uploads\/2022\/03\/IMG-3661-300x221.jpg 300w, https:\/\/sinasefesm.com\/wp-content\/uploads\/2022\/03\/IMG-3661-1024x755.jpg 1024w, https:\/\/sinasefesm.com\/wp-content\/uploads\/2022\/03\/IMG-3661-768x566.jpg 768w, https:\/\/sinasefesm.com\/wp-content\/uploads\/2022\/03\/IMG-3661-150x111.jpg 150w, https:\/\/sinasefesm.com\/wp-content\/uploads\/2022\/03\/IMG-3661-450x332.jpg 450w, https:\/\/sinasefesm.com\/wp-content\/uploads\/2022\/03\/IMG-3661-1200x885.jpg 1200w\" sizes=\"(max-width: 1242px) 100vw, 1242px\" \/><\/figure>\n\n\n\n<figure class=\"wp-block-image size-large\"><img loading=\"lazy\" decoding=\"async\" width=\"1242\" height=\"921\" data-id=\"4423\" src=\"https:\/\/sinasefesm.com\/wp-content\/uploads\/2022\/03\/IMG-3662.jpg\" alt=\"\" class=\"wp-image-4423\" srcset=\"https:\/\/sinasefesm.com\/wp-content\/uploads\/2022\/03\/IMG-3662.jpg 1242w, https:\/\/sinasefesm.com\/wp-content\/uploads\/2022\/03\/IMG-3662-300x222.jpg 300w, https:\/\/sinasefesm.com\/wp-content\/uploads\/2022\/03\/IMG-3662-1024x759.jpg 1024w, https:\/\/sinasefesm.com\/wp-content\/uploads\/2022\/03\/IMG-3662-768x570.jpg 768w, https:\/\/sinasefesm.com\/wp-content\/uploads\/2022\/03\/IMG-3662-150x111.jpg 150w, https:\/\/sinasefesm.com\/wp-content\/uploads\/2022\/03\/IMG-3662-450x334.jpg 450w, https:\/\/sinasefesm.com\/wp-content\/uploads\/2022\/03\/IMG-3662-1200x890.jpg 1200w\" sizes=\"(max-width: 1242px) 100vw, 1242px\" \/><\/figure>\n\n\n\n<figure class=\"wp-block-image size-large\"><img loading=\"lazy\" decoding=\"async\" width=\"1242\" height=\"913\" data-id=\"4422\" src=\"https:\/\/sinasefesm.com\/wp-content\/uploads\/2022\/03\/IMG-3660.jpg\" alt=\"\" class=\"wp-image-4422\" srcset=\"https:\/\/sinasefesm.com\/wp-content\/uploads\/2022\/03\/IMG-3660.jpg 1242w, https:\/\/sinasefesm.com\/wp-content\/uploads\/2022\/03\/IMG-3660-300x221.jpg 300w, https:\/\/sinasefesm.com\/wp-content\/uploads\/2022\/03\/IMG-3660-1024x753.jpg 1024w, https:\/\/sinasefesm.com\/wp-content\/uploads\/2022\/03\/IMG-3660-768x565.jpg 768w, https:\/\/sinasefesm.com\/wp-content\/uploads\/2022\/03\/IMG-3660-150x110.jpg 150w, https:\/\/sinasefesm.com\/wp-content\/uploads\/2022\/03\/IMG-3660-450x331.jpg 450w, https:\/\/sinasefesm.com\/wp-content\/uploads\/2022\/03\/IMG-3660-1200x882.jpg 1200w\" sizes=\"(max-width: 1242px) 100vw, 1242px\" \/><\/figure>\n\n\n\n<figure class=\"wp-block-image size-full\"><img loading=\"lazy\" decoding=\"async\" width=\"1242\" height=\"895\" data-id=\"4420\" src=\"https:\/\/sinasefesm.com\/wp-content\/uploads\/2022\/03\/IMG-3659-1.jpg\" alt=\"\" class=\"wp-image-4420\" srcset=\"https:\/\/sinasefesm.com\/wp-content\/uploads\/2022\/03\/IMG-3659-1.jpg 1242w, https:\/\/sinasefesm.com\/wp-content\/uploads\/2022\/03\/IMG-3659-1-300x216.jpg 300w, https:\/\/sinasefesm.com\/wp-content\/uploads\/2022\/03\/IMG-3659-1-1024x738.jpg 1024w, https:\/\/sinasefesm.com\/wp-content\/uploads\/2022\/03\/IMG-3659-1-768x553.jpg 768w, https:\/\/sinasefesm.com\/wp-content\/uploads\/2022\/03\/IMG-3659-1-150x108.jpg 150w, https:\/\/sinasefesm.com\/wp-content\/uploads\/2022\/03\/IMG-3659-1-450x324.jpg 450w, https:\/\/sinasefesm.com\/wp-content\/uploads\/2022\/03\/IMG-3659-1-1200x865.jpg 1200w\" sizes=\"(max-width: 1242px) 100vw, 1242px\" \/><\/figure>\n<figcaption class=\"blocks-gallery-caption\">Ato em Porto Alegre-RS (imagens: Sinasefe IFSul)<\/figcaption><\/figure>\n\n\n\n<h2 class=\"wp-block-heading\"><strong>Calend\u00e1rio de mobiliza\u00e7\u00f5es<\/strong><\/h2>\n\n\n\n<p>O Sinasefe j\u00e1 se prepara para as pr\u00f3ximas mobiliza\u00e7\u00f5es da Campanha Salarial Unificada, que incluem uma greve por tempo indeterminado, caso o governo federal n\u00e3o inicie um di\u00e1logo com os servidores at\u00e9 dia 23.<\/p>\n\n\n\n<p><strong>23\/03:<\/strong> Indicativo de Deflagra\u00e7\u00e3o de Greve<\/p>\n\n\n\n<p><strong>23 e 24\/03:<\/strong> 172\u00aa Plen\u00e1ria Nacional<\/p>\n\n\n\n<p><\/p>\n\n\n\n<p><em>Texto: Laurent Keller e Bruna Homrich<\/em><\/p>\n\n\n\n<p><em>Revis\u00e3o: Bruna Homrich<\/em><\/p>\n","protected":false},"excerpt":{"rendered":"<p>Em decorr\u00eancia dos quase dois meses sem respostas do governo federal \u00e0 pauta de reivindica\u00e7\u00f5es protocolada pelas entidades de servidoras e servidores p\u00fablicos, diversas se\u00e7\u00f5es sindicais do Sinasefe, em conjunto com outros sindicatos, \u00a0foram \u00e0s ruas na \u00faltima quarta-feira, 16 de mar\u00e7o, como forma de ultimato ao governo Bolsonaro, para que comece, at\u00e9 dia 23,<\/p>\n","protected":false},"author":5,"featured_media":4426,"comment_status":"closed","ping_status":"closed","sticky":false,"template":"","format":"standard","meta":{"footnotes":""},"categories":[37,39,42],"tags":[72,114,184,201,206,213],"class_list":{"0":"post-4413","1":"post","2":"type-post","3":"status-publish","4":"format-standard","5":"has-post-thumbnail","7":"category-destaque","8":"category-eventos","9":"category-noticia","10":"tag-campanha-salarial-unificada","11":"tag-ec-95-16","12":"tag-pec-32-20","13":"tag-reajuste-salarial","14":"tag-reforma-administrativa","15":"tag-servico-publico"},"_links":{"self":[{"href":"https:\/\/sinasefesm.com\/index.php\/wp-json\/wp\/v2\/posts\/4413","targetHints":{"allow":["GET"]}}],"collection":[{"href":"https:\/\/sinasefesm.com\/index.php\/wp-json\/wp\/v2\/posts"}],"about":[{"href":"https:\/\/sinasefesm.com\/index.php\/wp-json\/wp\/v2\/types\/post"}],"author":[{"embeddable":true,"href":"https:\/\/sinasefesm.com\/index.php\/wp-json\/wp\/v2\/users\/5"}],"replies":[{"embeddable":true,"href":"https:\/\/sinasefesm.com\/index.php\/wp-json\/wp\/v2\/comments?post=4413"}],"version-history":[{"count":0,"href":"https:\/\/sinasefesm.com\/index.php\/wp-json\/wp\/v2\/posts\/4413\/revisions"}],"wp:featuredmedia":[{"embeddable":true,"href":"https:\/\/sinasefesm.com\/index.php\/wp-json\/wp\/v2\/media\/4426"}],"wp:attachment":[{"href":"https:\/\/sinasefesm.com\/index.php\/wp-json\/wp\/v2\/media?parent=4413"}],"wp:term":[{"taxonomy":"category","embeddable":true,"href":"https:\/\/sinasefesm.com\/index.php\/wp-json\/wp\/v2\/categories?post=4413"},{"taxonomy":"post_tag","embeddable":true,"href":"https:\/\/sinasefesm.com\/index.php\/wp-json\/wp\/v2\/tags?post=4413"}],"curies":[{"name":"wp","href":"https:\/\/api.w.org\/{rel}","templated":true}]}}