{"id":4431,"date":"2022-03-18T16:30:00","date_gmt":"2022-03-18T16:30:00","guid":{"rendered":"https:\/\/sinasefesm.com\/?p=4431"},"modified":"2022-03-18T16:30:00","modified_gmt":"2022-03-18T16:30:00","slug":"aposentadasos-sim-inativasos-jamais-sinasefe-convida-sindicalizadasos-aposentadasos-a-participarem-de-pesquisa","status":"publish","type":"post","link":"https:\/\/sinasefesm.com\/index.php\/2022\/03\/18\/aposentadasos-sim-inativasos-jamais-sinasefe-convida-sindicalizadasos-aposentadasos-a-participarem-de-pesquisa\/","title":{"rendered":"Aposentadas(os) sim, inativas(os) jamais! Sinasefe convida sindicalizadas(os) aposentadas(os) a participarem de pesquisa"},"content":{"rendered":"\n<p>O Sinasefe lan\u00e7ou, no \u00faltimo dia 10, uma pesquisa para ouvir a opini\u00e3o das aposentadas e aposentados sindicalizados(as), com o objetivo de mapear a opini\u00e3o e a participa\u00e7\u00e3o desta milit\u00e2ncia hist\u00f3rica nas lutas da categoria. A Coordena\u00e7\u00e3o de Aposentados do Sinasefe quer saber mais sobre a presen\u00e7a de aposentadas e aposentados nas atividades sindicais nas cidades e no sindicato nacional. <\/p>\n\n\n\n<p>A pesquisa cont\u00e9m somente sete perguntas, levando menos de dez minutos para ser respondida. Para acessa-la, clique <a href=\"https:\/\/docs.google.com\/forms\/d\/e\/1FAIpQLSekzO-pNowHbD5iRaGMRVId5AKwigLTL1A5B0PrHvbqtyjSNg\/viewform\">aqui<\/a>.<\/p>\n\n\n\n<h2 class=\"wp-block-heading\"><strong>Aposentadas(os) sim, inativas(os) jamais!<\/strong><\/h2>\n\n\n\n<p><em>\u201cAs aposentadas e os aposentados n\u00e3o fogem das lutas, e precisam fazer parte das agendas do sindicato. \u00c9 necess\u00e1rio empreender todos os esfor\u00e7os para garantir os direitos de todas e todos, al\u00e9m disso, respeitar a trajet\u00f3ria e hist\u00f3ria de cada trabalhadora e trabalhador que hoje j\u00e1 atingiu a aposentadoria e mesmo assim segue participando ativamente das lutas por direitos\u201d<\/em> destaca Rosa Mota, coordenadora de pessoal aposentado. <em>\u201cMuitas vezes caminhamos solit\u00e1rias e somos rotuladas como objetos, descartadas. Mas estamos persistentes e fortes na luta sindical inclusive para contradizer os estere\u00f3tipos que nos imp\u00f5em, especialmente o governo, ao nos chamar de inativas e inativos\u201d<\/em>, desabafa.<\/p>\n\n\n\n<p>Responda e compartilhe a pesquisa com as e os aposentados que voc\u00ea conhece e que fazem parte da categoria representada pelo Sinasefe.<\/p>\n\n\n\n<p><\/p>\n\n\n\n<p><em>Edi\u00e7\u00e3o: Laurent Keller<\/em><\/p>\n\n\n\n<p><em>Revis\u00e3o: Bruna Homrich<\/em><\/p>\n","protected":false},"excerpt":{"rendered":"<p>O Sinasefe lan\u00e7ou, no \u00faltimo dia 10, uma pesquisa para ouvir a opini\u00e3o das aposentadas e aposentados sindicalizados(as), com o objetivo de mapear a opini\u00e3o e a participa\u00e7\u00e3o desta milit\u00e2ncia hist\u00f3rica nas lutas da categoria. A Coordena\u00e7\u00e3o de Aposentados do Sinasefe quer saber mais sobre a presen\u00e7a de aposentadas e aposentados nas atividades sindicais nas<\/p>\n","protected":false},"author":5,"featured_media":4432,"comment_status":"closed","ping_status":"closed","sticky":false,"template":"","format":"standard","meta":{"footnotes":""},"categories":[37,45],"tags":[58],"class_list":{"0":"post-4431","1":"post","2":"type-post","3":"status-publish","4":"format-standard","5":"has-post-thumbnail","7":"category-destaque","8":"category-sindicato","9":"tag-aposentados"},"_links":{"self":[{"href":"https:\/\/sinasefesm.com\/index.php\/wp-json\/wp\/v2\/posts\/4431","targetHints":{"allow":["GET"]}}],"collection":[{"href":"https:\/\/sinasefesm.com\/index.php\/wp-json\/wp\/v2\/posts"}],"about":[{"href":"https:\/\/sinasefesm.com\/index.php\/wp-json\/wp\/v2\/types\/post"}],"author":[{"embeddable":true,"href":"https:\/\/sinasefesm.com\/index.php\/wp-json\/wp\/v2\/users\/5"}],"replies":[{"embeddable":true,"href":"https:\/\/sinasefesm.com\/index.php\/wp-json\/wp\/v2\/comments?post=4431"}],"version-history":[{"count":0,"href":"https:\/\/sinasefesm.com\/index.php\/wp-json\/wp\/v2\/posts\/4431\/revisions"}],"wp:featuredmedia":[{"embeddable":true,"href":"https:\/\/sinasefesm.com\/index.php\/wp-json\/wp\/v2\/media\/4432"}],"wp:attachment":[{"href":"https:\/\/sinasefesm.com\/index.php\/wp-json\/wp\/v2\/media?parent=4431"}],"wp:term":[{"taxonomy":"category","embeddable":true,"href":"https:\/\/sinasefesm.com\/index.php\/wp-json\/wp\/v2\/categories?post=4431"},{"taxonomy":"post_tag","embeddable":true,"href":"https:\/\/sinasefesm.com\/index.php\/wp-json\/wp\/v2\/tags?post=4431"}],"curies":[{"name":"wp","href":"https:\/\/api.w.org\/{rel}","templated":true}]}}