{"id":4450,"date":"2022-03-24T03:44:42","date_gmt":"2022-03-24T03:44:42","guid":{"rendered":"https:\/\/sinasefesm.com\/?p=4450"},"modified":"2022-03-24T03:44:42","modified_gmt":"2022-03-24T03:44:42","slug":"sinasefe-participa-de-vigilia-em-frente-ao-ministerio-da-economia-reajuste-ja","status":"publish","type":"post","link":"https:\/\/sinasefesm.com\/index.php\/2022\/03\/24\/sinasefe-participa-de-vigilia-em-frente-ao-ministerio-da-economia-reajuste-ja\/","title":{"rendered":"Sinasefe participa de vig\u00edlia em frente ao Minist\u00e9rio da Economia: reajuste j\u00e1!"},"content":{"rendered":"\n<p>Na manh\u00e3 da \u00faltima quarta-feira, 23, o Sinasefe participou, em conjunto com outros sindicatos que comp\u00f5em o F\u00f3rum das Entidades Nacionais dos(as) Servidores(as) P\u00fablicos(as) Federais (Fonasefe), de uma vig\u00edlia e ato pol\u00edtico em frente ao Minist\u00e9rio da Economia, em Bras\u00edlia. Na data, os sindicatos protocolaram novamente a pauta de reivindica\u00e7\u00f5es que orienta a Campanha Salarial do funcionalismo p\u00fablico em 2022.<\/p>\n\n\n\n<div class=\"wp-block-image\"><figure class=\"alignleft size-full is-resized\"><img fetchpriority=\"high\" decoding=\"async\" src=\"https:\/\/sinasefesm.com\/wp-content\/uploads\/2022\/03\/23-2.jpeg\" alt=\"\" class=\"wp-image-4452\" width=\"491\" height=\"368\" srcset=\"https:\/\/sinasefesm.com\/wp-content\/uploads\/2022\/03\/23-2.jpeg 1600w, https:\/\/sinasefesm.com\/wp-content\/uploads\/2022\/03\/23-2-300x225.jpeg 300w, https:\/\/sinasefesm.com\/wp-content\/uploads\/2022\/03\/23-2-1024x768.jpeg 1024w, https:\/\/sinasefesm.com\/wp-content\/uploads\/2022\/03\/23-2-768x576.jpeg 768w, https:\/\/sinasefesm.com\/wp-content\/uploads\/2022\/03\/23-2-1536x1152.jpeg 1536w, https:\/\/sinasefesm.com\/wp-content\/uploads\/2022\/03\/23-2-150x113.jpeg 150w, https:\/\/sinasefesm.com\/wp-content\/uploads\/2022\/03\/23-2-450x338.jpeg 450w, https:\/\/sinasefesm.com\/wp-content\/uploads\/2022\/03\/23-2-1200x900.jpeg 1200w\" sizes=\"(max-width: 491px) 100vw, 491px\" \/><\/figure><\/div>\n\n\n\n<p>O principal item \u00e9 o reajuste de 19,99% para todas as categorias do servi\u00e7o p\u00fablico federal, percentual calculado conforme o \u00cdndice de Pre\u00e7os ao Consumidor Ampliado (IPCA\/IBGE) e referente \u00e0 infla\u00e7\u00e3o acumulada durante o governo Bolsonaro. Junto ao reajuste tamb\u00e9m constam, na pauta, a exig\u00eancia de revoga\u00e7\u00e3o da Emenda Constitucional 95 (respons\u00e1vel por estabelecer o Teto de Gastos) e a retirada de pauta da Proposta de Emenda \u00e0 Constitui\u00e7\u00e3o (PEC) 32\/20, que prev\u00ea a Reforma Administrativa.<\/p>\n\n\n\n<p>Ainda na \u00faltima ter\u00e7a, 22, integrantes do Fonasefe (dentre estes o coordenador geral do Sinasefe, David Lob\u00e3o) reuniram-se com representantes do Minist\u00e9rio da Economia para mais uma vez tentar que o Executivo abra negocia\u00e7\u00f5es. Cabe lembrar que a primeira pauta de reivindica\u00e7\u00f5es j\u00e1 foi protocolada em 18 de janeiro no Minist\u00e9rio e, at\u00e9 o momento, as servidores e servidores n\u00e3o receberam retorno algum.<\/p>\n\n\n\n<div class=\"wp-block-image\"><figure class=\"alignright size-full is-resized\"><img decoding=\"async\" src=\"https:\/\/sinasefesm.com\/wp-content\/uploads\/2022\/03\/reuniao2203foto22.jpeg\" alt=\"\" class=\"wp-image-4453\" width=\"596\" height=\"396\" srcset=\"https:\/\/sinasefesm.com\/wp-content\/uploads\/2022\/03\/reuniao2203foto22.jpeg 1600w, https:\/\/sinasefesm.com\/wp-content\/uploads\/2022\/03\/reuniao2203foto22-300x200.jpeg 300w, https:\/\/sinasefesm.com\/wp-content\/uploads\/2022\/03\/reuniao2203foto22-1024x682.jpeg 1024w, https:\/\/sinasefesm.com\/wp-content\/uploads\/2022\/03\/reuniao2203foto22-768x512.jpeg 768w, https:\/\/sinasefesm.com\/wp-content\/uploads\/2022\/03\/reuniao2203foto22-1536x1023.jpeg 1536w, https:\/\/sinasefesm.com\/wp-content\/uploads\/2022\/03\/reuniao2203foto22-150x100.jpeg 150w, https:\/\/sinasefesm.com\/wp-content\/uploads\/2022\/03\/reuniao2203foto22-450x300.jpeg 450w, https:\/\/sinasefesm.com\/wp-content\/uploads\/2022\/03\/reuniao2203foto22-1200x800.jpeg 1200w\" sizes=\"(max-width: 596px) 100vw, 596px\" \/><\/figure><\/div>\n\n\n\n<p>Representaram o governo na atividade o Coordenador Geral de Negocia\u00e7\u00e3o Sindical no Servi\u00e7o P\u00fablico e diretor interino de Rela\u00e7\u00f5es de Trabalho do Minist\u00e9rio da Economia, Jos\u00e9 Borges de Carvalho Filho, e o Secret\u00e1rio de Gest\u00e3o e Desempenho de Pessoal, Leonardo Jos\u00e9 Matos Sultani.<\/p>\n\n\n\n<p>Em informe divulgado ao final do encontro, Lob\u00e3o disse que o governo sinalizou para uma poss\u00edvel abertura da mesa de negocia\u00e7\u00e3o at\u00e9 o dia 1\u00ba de abril. Contudo, no momento, n\u00e3o h\u00e1 nada de efetivo. \u201cPress\u00e3o, luta e muita disposi\u00e7\u00e3o na constru\u00e7\u00e3o de nosso movimento de greve\u201d refor\u00e7ou o dirigente. Assista ao informe na \u00edntegra:<\/p>\n\n\n\n<figure class=\"wp-block-embed is-type-video is-provider-youtube wp-block-embed-youtube wp-embed-aspect-16-9 wp-has-aspect-ratio\"><div class=\"wp-block-embed__wrapper\">\n<iframe title=\"Informe do SINASEFE ap\u00f3s a reuni\u00e3o com Minist\u00e9rio da Economia de 22\/03\" width=\"768\" height=\"432\" src=\"https:\/\/www.youtube.com\/embed\/q6o2m16Am2w?feature=oembed\" frameborder=\"0\" allow=\"accelerometer; autoplay; clipboard-write; encrypted-media; gyroscope; picture-in-picture; web-share\" referrerpolicy=\"strict-origin-when-cross-origin\" allowfullscreen><\/iframe>\n<\/div><\/figure>\n\n\n\n<p>O Fonasefe lan\u00e7ou um relat\u00f3rio com o resumo pol\u00edtico da reuni\u00e3o com o Minist\u00e9rio da Economia. <a href=\"https:\/\/sinasefe.org.br\/site\/download\/relatorio-da-reuniao-entre-fonasefe-e-ministerio-da-economia-de-22-03-2022\/\" data-type=\"URL\" data-id=\"https:\/\/sinasefe.org.br\/site\/download\/relatorio-da-reuniao-entre-fonasefe-e-ministerio-da-economia-de-22-03-2022\/\" target=\"_blank\" rel=\"noreferrer noopener\">Baixe e leia aqui<\/a>.<\/p>\n\n\n\n<p><strong>Jornada de Lutas<\/strong><\/p>\n\n\n\n<p>Entre os pr\u00f3ximos dias 29 e 31 de mar\u00e7o ocorrer\u00e1 a Jornada de Lutas das Servidoras e Servidores Federais em Bras\u00edlia. Nos pr\u00f3ximos dias ser\u00e3o divulgadas mais informa\u00e7\u00f5es a respeito das atividades de mobiliza\u00e7\u00e3o que devem acontecer na capital federal. <\/p>\n","protected":false},"excerpt":{"rendered":"<p>Na manh\u00e3 da \u00faltima quarta-feira, 23, o Sinasefe participou, em conjunto com outros sindicatos que comp\u00f5em o F\u00f3rum das Entidades Nacionais dos(as) Servidores(as) P\u00fablicos(as) Federais (Fonasefe), de uma vig\u00edlia e ato pol\u00edtico em frente ao Minist\u00e9rio da Economia, em Bras\u00edlia. Na data, os sindicatos protocolaram novamente a pauta de reivindica\u00e7\u00f5es que orienta a Campanha Salarial<\/p>\n","protected":false},"author":3,"featured_media":4451,"comment_status":"closed","ping_status":"closed","sticky":false,"template":"","format":"standard","meta":{"footnotes":""},"categories":[37,41,42,45],"tags":[],"class_list":{"0":"post-4450","1":"post","2":"type-post","3":"status-publish","4":"format-standard","5":"has-post-thumbnail","7":"category-destaque","8":"category-movimento","9":"category-noticia","10":"category-sindicato"},"_links":{"self":[{"href":"https:\/\/sinasefesm.com\/index.php\/wp-json\/wp\/v2\/posts\/4450","targetHints":{"allow":["GET"]}}],"collection":[{"href":"https:\/\/sinasefesm.com\/index.php\/wp-json\/wp\/v2\/posts"}],"about":[{"href":"https:\/\/sinasefesm.com\/index.php\/wp-json\/wp\/v2\/types\/post"}],"author":[{"embeddable":true,"href":"https:\/\/sinasefesm.com\/index.php\/wp-json\/wp\/v2\/users\/3"}],"replies":[{"embeddable":true,"href":"https:\/\/sinasefesm.com\/index.php\/wp-json\/wp\/v2\/comments?post=4450"}],"version-history":[{"count":0,"href":"https:\/\/sinasefesm.com\/index.php\/wp-json\/wp\/v2\/posts\/4450\/revisions"}],"wp:featuredmedia":[{"embeddable":true,"href":"https:\/\/sinasefesm.com\/index.php\/wp-json\/wp\/v2\/media\/4451"}],"wp:attachment":[{"href":"https:\/\/sinasefesm.com\/index.php\/wp-json\/wp\/v2\/media?parent=4450"}],"wp:term":[{"taxonomy":"category","embeddable":true,"href":"https:\/\/sinasefesm.com\/index.php\/wp-json\/wp\/v2\/categories?post=4450"},{"taxonomy":"post_tag","embeddable":true,"href":"https:\/\/sinasefesm.com\/index.php\/wp-json\/wp\/v2\/tags?post=4450"}],"curies":[{"name":"wp","href":"https:\/\/api.w.org\/{rel}","templated":true}]}}