{"id":4456,"date":"2022-03-24T22:16:16","date_gmt":"2022-03-24T22:16:16","guid":{"rendered":"https:\/\/sinasefesm.com\/?p=4456"},"modified":"2022-03-24T22:16:16","modified_gmt":"2022-03-24T22:16:16","slug":"progad-e-progep-explicam-como-comprovante-vacinal-sera-cobrado-na-ufsm","status":"publish","type":"post","link":"https:\/\/sinasefesm.com\/index.php\/2022\/03\/24\/progad-e-progep-explicam-como-comprovante-vacinal-sera-cobrado-na-ufsm\/","title":{"rendered":"Prograd e Progep explicam como comprovante vacinal ser\u00e1 cobrado na UFSM"},"content":{"rendered":"\n<p>Nesta quinta-feira, 24, a Prograd (Pr\u00f3-Reitoria de Gradua\u00e7\u00e3o da UFSM) e a Progep (Pr\u00f3-Reitoria de Gest\u00e3o de Pessoas da UFSM) promoveram uma reuni\u00e3o online com alguns dos sindicatos ligados \u00e0 Universidade para explicar e sanar d\u00favidas sobre a <a href=\"https:\/\/portal.ufsm.br\/documentos\/download.html;jsessionid=91625b14f8c12d1a4586165baca4?action=arquivosIndexados&amp;download=false&amp;id=14042973\" data-type=\"URL\" data-id=\"https:\/\/portal.ufsm.br\/documentos\/download.html;jsessionid=91625b14f8c12d1a4586165baca4?action=arquivosIndexados&amp;download=false&amp;id=14042973\" target=\"_blank\" rel=\"noreferrer noopener\">Instru\u00e7\u00e3o Normativa N\u00ba 01\/2022<\/a>, que estabelece o modo como o comprovante de vacina\u00e7\u00e3o deve ser cobrado dos t\u00e9cnico-administrativos, docentes e estudantes da institui\u00e7\u00e3o. Estiveram presentes representantes do Sinasefe, Sedufsm, Assufsm e Atens.<\/p>\n\n\n\n<p><strong>Situa\u00e7\u00e3o para servidores<\/strong><\/p>\n\n\n\n<p>Daniel Coronel, Pr\u00f3-Reitor de Gest\u00e3o de Pessoas, informou que os trabalhadores e as trabalhadoras vacinados(as) da UFSM devem anexar o comprovante de esquema vacinal completo (primeira e segunda dose, ou dose \u00fanica) no portal institucional da universidade, ou uma declara\u00e7\u00e3o de condi\u00e7\u00e3o, no caso de contraindica\u00e7\u00e3o m\u00e9dica. A comprova\u00e7\u00e3o pode ser feita at\u00e9 dia dois de abril, com direito a, ap\u00f3s essa data, interpor recurso com prazo de at\u00e9 10 dias.<\/p>\n\n\n\n<p>Para aqueles(as) que ainda n\u00e3o possuem o esquema vacinal completo, o comprovante da primeira dose deve ser anexado ao portal, junto a uma declara\u00e7\u00e3o de comprometimento de realiza\u00e7\u00e3o do esquema vacinal completo. J\u00e1 para os servidores e as servidoras que n\u00e3o pretendem se vacinar, \u00e9 poss\u00edvel optar por anexar no sistema um termo de compromisso para apresenta\u00e7\u00e3o peri\u00f3dica de teste negativo. Testes de farm\u00e1cia devem ser apresentados a cada 24 horas, ao passo que testes RT-PCR, a cada 72 horas. Em ambos os casos, os documentos a serem anexados est\u00e3o dispon\u00edveis na IN acima.<\/p>\n\n\n\n<p>Entretanto, Coronel enfatiza que, caso os documentos comprobat\u00f3rios n\u00e3o sejam anexados dentro do per\u00edodo estimado, os servidores e as servidoras ter\u00e3o seus acessos ao Portal do Ponto Eletr\u00f4nico restringidos, encargos suspensos e, consequentemente, sal\u00e1rios cortados.<\/p>\n\n\n\n<div class=\"wp-block-image\"><figure class=\"aligncenter size-full is-resized\"><img fetchpriority=\"high\" decoding=\"async\" src=\"https:\/\/sinasefesm.com\/wp-content\/uploads\/2022\/03\/foto-reuniao-2-1.png\" alt=\"\" class=\"wp-image-4469\" width=\"745\" height=\"352\" srcset=\"https:\/\/sinasefesm.com\/wp-content\/uploads\/2022\/03\/foto-reuniao-2-1.png 994w, https:\/\/sinasefesm.com\/wp-content\/uploads\/2022\/03\/foto-reuniao-2-1-300x142.png 300w, https:\/\/sinasefesm.com\/wp-content\/uploads\/2022\/03\/foto-reuniao-2-1-768x364.png 768w, https:\/\/sinasefesm.com\/wp-content\/uploads\/2022\/03\/foto-reuniao-2-1-150x71.png 150w, https:\/\/sinasefesm.com\/wp-content\/uploads\/2022\/03\/foto-reuniao-2-1-450x213.png 450w\" sizes=\"(max-width: 745px) 100vw, 745px\" \/><\/figure><\/div>\n\n\n\n<p><strong>Situa\u00e7\u00e3o para estudantes<\/strong><\/p>\n\n\n\n<p>A situa\u00e7\u00e3o para o corpo discente da UFSM \u00e9 semelhante, conforme informa Jeronimo Tybusch, Pr\u00f3-Reitor de Gradua\u00e7\u00e3o: os e as estudantes devem anexar o comprovante vacinal, ou declara\u00e7\u00e3o de condi\u00e7\u00e3o no Portal do Aluno at\u00e9 o in\u00edcio das aulas (11 de abril), tamb\u00e9m com direito a recurso de 10 dias. Se os documentos n\u00e3o forem enviados dentro do prazo, o aluno(a) ter\u00e1 o acesso ao Portal do Aluno restringido e sua matr\u00edcula cancelada.<\/p>\n\n\n\n<p>Assim como para servidores, alunos e alunas que ainda est\u00e3o regularizando sua situa\u00e7\u00e3o vacinal ter\u00e3o um per\u00edodo m\u00e1ximo para comprovar que completaram o esquema de vacina\u00e7\u00e3o: at\u00e9 a data dos 25% de integraliza\u00e7\u00e3o do semestre para solicitar matr\u00edcula.<\/p>\n\n\n\n<p>A Universidade orienta os e as estudantes da gradua\u00e7\u00e3o e t\u00e9cnicos subsequentes que n\u00e3o comprovaram a vacina\u00e7\u00e3o a efetuarem o trancamento total do curso, para manter o v\u00ednculo com a UFSM. P\u00f3s-graduandos(as) sem comprova\u00e7\u00e3o vacinal tamb\u00e9m ser\u00e3o colocados(as) em situa\u00e7\u00e3o de trancamento total excepcional.<\/p>\n\n\n\n<p>Tybusch apresentou durante a reuni\u00e3o o levantamento de vacinados feito pelo COE-E, que pode ser <a href=\"https:\/\/www.ufsm.br\/coronavirus\/cbio\/\" data-type=\"URL\" data-id=\"https:\/\/www.ufsm.br\/coronavirus\/cbio\/\" target=\"_blank\" rel=\"noreferrer noopener\">acessado aqui<\/a>. At\u00e9 dia 24 de mar\u00e7o, os dados mostram que 99,3% dos estudantes e servidores que responderam \u00e0 pesquisa est\u00e3o vacinados com ao menos uma dose, e 67,7% j\u00e1 tomaram as tr\u00eas doses dispon\u00edveis at\u00e9 ent\u00e3o.<\/p>\n\n\n\n<p>Questionado por Cl\u00e1udia do Amaral, Secret\u00e1ria Geral do Sinasefe, sobre a exig\u00eancia de comprovante vacinal para alunos(as) da educa\u00e7\u00e3o b\u00e1sica da UFSM (Col\u00e9gio Polit\u00e9cnico, CTISM e Ip\u00ea Amarelo), Jeronimo Tybusch explicou que tais institui\u00e7\u00f5es seguem as exig\u00eancias da legisla\u00e7\u00e3o correspondente aos seus respectivos n\u00edveis de ensino, que n\u00e3o requisitam comprovante vacinal. Portanto, a UFSM n\u00e3o pode exigir desses alunos(as) que apresentem o esquema de vacina\u00e7\u00e3o completo.<\/p>\n\n\n\n<p><strong>\u2018\u2019N\u00e3o \u00e9 aceit\u00e1vel que n\u00e3o demonstremos preocupa\u00e7\u00e3o com o coletivo\u2019\u2019<\/strong><\/p>\n\n\n\n<p>Ao final da reuni\u00e3o, Daniel Coronel exp\u00f4s que a Universidade vem sofrendo ataques por exigir o comprovante de vacina\u00e7\u00e3o da comunidade acad\u00eamica e reiterou sua opini\u00e3o: <em>\u2018\u2019eu entendo, como Pr\u00f3-Reitor de Gest\u00e3o de Pessoas, que essa medida [exig\u00eancia do comprovante] visa a seguran\u00e7a de todos n\u00f3s. \u00c9 uma medida importante e uma forma que n\u00f3s, como Universidade, como \u00f3rg\u00e3o respons\u00e1vel pela constru\u00e7\u00e3o do conhecimento, temos de combater a ignor\u00e2ncia e o autoritarismo. N\u00e3o \u00e9 razo\u00e1vel, n\u00e3o \u00e9 aceit\u00e1vel que n\u00e3o demonstremos preocupa\u00e7\u00e3o com o coletivo.\u2019\u2019<\/em><\/p>\n\n\n\n<p><em>Texto: Laurent Keller<\/em><\/p>\n\n\n\n<p><em>Revis\u00e3o: Bruna Homrich<\/em><\/p>\n","protected":false},"excerpt":{"rendered":"<p>Nesta quinta-feira, 24, a Prograd (Pr\u00f3-Reitoria de Gradua\u00e7\u00e3o da UFSM) e a Progep (Pr\u00f3-Reitoria de Gest\u00e3o de Pessoas da UFSM) promoveram uma reuni\u00e3o online com alguns dos sindicatos ligados \u00e0 Universidade para explicar e sanar d\u00favidas sobre a Instru\u00e7\u00e3o Normativa N\u00ba 01\/2022, que estabelece o modo como o comprovante de vacina\u00e7\u00e3o deve ser cobrado dos<\/p>\n","protected":false},"author":5,"featured_media":4468,"comment_status":"closed","ping_status":"closed","sticky":false,"template":"","format":"standard","meta":{"footnotes":""},"categories":[37,42,45],"tags":[],"class_list":{"0":"post-4456","1":"post","2":"type-post","3":"status-publish","4":"format-standard","5":"has-post-thumbnail","7":"category-destaque","8":"category-noticia","9":"category-sindicato"},"_links":{"self":[{"href":"https:\/\/sinasefesm.com\/index.php\/wp-json\/wp\/v2\/posts\/4456","targetHints":{"allow":["GET"]}}],"collection":[{"href":"https:\/\/sinasefesm.com\/index.php\/wp-json\/wp\/v2\/posts"}],"about":[{"href":"https:\/\/sinasefesm.com\/index.php\/wp-json\/wp\/v2\/types\/post"}],"author":[{"embeddable":true,"href":"https:\/\/sinasefesm.com\/index.php\/wp-json\/wp\/v2\/users\/5"}],"replies":[{"embeddable":true,"href":"https:\/\/sinasefesm.com\/index.php\/wp-json\/wp\/v2\/comments?post=4456"}],"version-history":[{"count":0,"href":"https:\/\/sinasefesm.com\/index.php\/wp-json\/wp\/v2\/posts\/4456\/revisions"}],"wp:featuredmedia":[{"embeddable":true,"href":"https:\/\/sinasefesm.com\/index.php\/wp-json\/wp\/v2\/media\/4468"}],"wp:attachment":[{"href":"https:\/\/sinasefesm.com\/index.php\/wp-json\/wp\/v2\/media?parent=4456"}],"wp:term":[{"taxonomy":"category","embeddable":true,"href":"https:\/\/sinasefesm.com\/index.php\/wp-json\/wp\/v2\/categories?post=4456"},{"taxonomy":"post_tag","embeddable":true,"href":"https:\/\/sinasefesm.com\/index.php\/wp-json\/wp\/v2\/tags?post=4456"}],"curies":[{"name":"wp","href":"https:\/\/api.w.org\/{rel}","templated":true}]}}