{"id":4473,"date":"2022-03-29T20:11:41","date_gmt":"2022-03-29T20:11:41","guid":{"rendered":"https:\/\/sinasefesm.com\/?p=4473"},"modified":"2022-03-29T20:11:41","modified_gmt":"2022-03-29T20:11:41","slug":"dicadosinasefe-quarto-de-despejo","status":"publish","type":"post","link":"https:\/\/sinasefesm.com\/index.php\/2022\/03\/29\/dicadosinasefe-quarto-de-despejo\/","title":{"rendered":"#DicadoSinasefe: Quarto de Despejo"},"content":{"rendered":"\n<p>21 de mar\u00e7o foi Dia Internacional de Luta pela Elimina\u00e7\u00e3o da Discrimina\u00e7\u00e3o Racial e, neste mesmo m\u00eas, a escritora Carolina Maria de Jesus completaria 108 anos se estivesse viva. Pensando em tais datas, o Sinasefe finaliza o m\u00eas de mar\u00e7o indicando aos filiados e \u00e0s filiadas o livro Quarto de Despejo.<\/p>\n\n\n\n<div class=\"wp-block-image\"><figure class=\"alignright size-full is-resized\"><img fetchpriority=\"high\" decoding=\"async\" src=\"https:\/\/sinasefesm.com\/wp-content\/uploads\/2022\/03\/Carolina_Maria_de_Jesus_assinando_seu_livro_Quarto_de_Despejo_em_1960.jpg\" alt=\"\" class=\"wp-image-4474\" width=\"240\" height=\"333\" srcset=\"https:\/\/sinasefesm.com\/wp-content\/uploads\/2022\/03\/Carolina_Maria_de_Jesus_assinando_seu_livro_Quarto_de_Despejo_em_1960.jpg 564w, https:\/\/sinasefesm.com\/wp-content\/uploads\/2022\/03\/Carolina_Maria_de_Jesus_assinando_seu_livro_Quarto_de_Despejo_em_1960-217x300.jpg 217w, https:\/\/sinasefesm.com\/wp-content\/uploads\/2022\/03\/Carolina_Maria_de_Jesus_assinando_seu_livro_Quarto_de_Despejo_em_1960-150x208.jpg 150w, https:\/\/sinasefesm.com\/wp-content\/uploads\/2022\/03\/Carolina_Maria_de_Jesus_assinando_seu_livro_Quarto_de_Despejo_em_1960-450x623.jpg 450w\" sizes=\"(max-width: 240px) 100vw, 240px\" \/><figcaption>Carolina Maria de Jesus<\/figcaption><\/figure><\/div>\n\n\n\n<p>Escrito durante os anos 50, o livro em forma de di\u00e1rio autobiogr\u00e1fico nos revela a desigualdade social do per\u00edodo no Brasil, por meio das adversidades vividas e relatadas por Carolina Maria de Jesus, uma mulher preta e favelada.<\/p>\n\n\n\n<p>O livro conta com uma linguagem coloquial, muitas vezes pr\u00f3xima \u00e0 oralidade e at\u00e9 com alguns desvios da norma padr\u00e3o da l\u00edngua portuguesa, o que, no entanto, n\u00e3o prejudica nem enfraquece a leitura. Pelo contr\u00e1rio: os erros gramaticais colaboram para compreendermos quem \u00e9 essa mulher, que p\u00f4de estudar por poucos anos de sua vida, assim como acontece, ainda hoje, com muitas brasileiras negras. Para se ter uma ideia, um estudo do IBGE de 2018 revela que apenas 10,4% das mulheres pretas e pardas conseguiram completar o ensino superior no Brasil.<\/p>\n\n\n\n<p>Ent\u00e3o, Quarto de Despejo traz uma perspectiva da favela que, at\u00e9 ent\u00e3o, n\u00e3o havia sido explorada: a vis\u00e3o de dentro, de algu\u00e9m que est\u00e1 imerso nesse meio e conhece as mazelas que nele existem, que incluem racismo, enfermidade, viol\u00eancia, neglig\u00eancia e fome.<\/p>\n\n\n\n<p>Infelizmente, as dificuldades enfrentadas por Carolina continuam representando a realidade de grande parte da popula\u00e7\u00e3o, mesmo depois de mais de 60 anos da publica\u00e7\u00e3o do livro, o que torna a leitura da obra t\u00e3o relevante at\u00e9 hoje.<\/p>\n\n\n\n<p>Para finalizar a indica\u00e7\u00e3o, deixamos aqui um trecho do livro: <em>\u2018\u2019escrevo a mis\u00e9ria e a vida infausta dos favelados. Eu era revoltada, n\u00e3o acreditava em ningu\u00e9m. Odiava os pol\u00edticos e os patr\u00f5es, porque o meu sonho era escrever e o pobre n\u00e3o pode ter ideal nobre. Eu sabia que ia angariar inimigos, porque ningu\u00e9m est\u00e1 habituado a esse tipo de literatura. Seja o que Deus quiser. Eu escrevi a realidade.\u2019\u2019<\/em><\/p>\n\n\n\n<p><em>Texto: Laurent Keller<\/em><\/p>\n\n\n\n<p><em>Revis\u00e3o: Bruna Homrich<\/em><\/p>\n","protected":false},"excerpt":{"rendered":"<p>21 de mar\u00e7o foi Dia Internacional de Luta pela Elimina\u00e7\u00e3o da Discrimina\u00e7\u00e3o Racial e, neste mesmo m\u00eas, a escritora Carolina Maria de Jesus completaria 108 anos se estivesse viva. Pensando em tais datas, o Sinasefe finaliza o m\u00eas de mar\u00e7o indicando aos filiados e \u00e0s filiadas o livro Quarto de Despejo. Escrito durante os anos<\/p>\n","protected":false},"author":5,"featured_media":4475,"comment_status":"closed","ping_status":"closed","sticky":false,"template":"","format":"standard","meta":{"footnotes":""},"categories":[35],"tags":[74,105,198],"class_list":{"0":"post-4473","1":"post","2":"type-post","3":"status-publish","4":"format-standard","5":"has-post-thumbnail","7":"category-dicadosinasefe","8":"tag-carolina-maria-de-jesus","9":"tag-dia-internacional-de-luta-pela-eliminacao-da-discriminacao-racial","10":"tag-quarto-de-despejo"},"_links":{"self":[{"href":"https:\/\/sinasefesm.com\/index.php\/wp-json\/wp\/v2\/posts\/4473","targetHints":{"allow":["GET"]}}],"collection":[{"href":"https:\/\/sinasefesm.com\/index.php\/wp-json\/wp\/v2\/posts"}],"about":[{"href":"https:\/\/sinasefesm.com\/index.php\/wp-json\/wp\/v2\/types\/post"}],"author":[{"embeddable":true,"href":"https:\/\/sinasefesm.com\/index.php\/wp-json\/wp\/v2\/users\/5"}],"replies":[{"embeddable":true,"href":"https:\/\/sinasefesm.com\/index.php\/wp-json\/wp\/v2\/comments?post=4473"}],"version-history":[{"count":0,"href":"https:\/\/sinasefesm.com\/index.php\/wp-json\/wp\/v2\/posts\/4473\/revisions"}],"wp:featuredmedia":[{"embeddable":true,"href":"https:\/\/sinasefesm.com\/index.php\/wp-json\/wp\/v2\/media\/4475"}],"wp:attachment":[{"href":"https:\/\/sinasefesm.com\/index.php\/wp-json\/wp\/v2\/media?parent=4473"}],"wp:term":[{"taxonomy":"category","embeddable":true,"href":"https:\/\/sinasefesm.com\/index.php\/wp-json\/wp\/v2\/categories?post=4473"},{"taxonomy":"post_tag","embeddable":true,"href":"https:\/\/sinasefesm.com\/index.php\/wp-json\/wp\/v2\/tags?post=4473"}],"curies":[{"name":"wp","href":"https:\/\/api.w.org\/{rel}","templated":true}]}}