{"id":4487,"date":"2022-04-08T21:06:33","date_gmt":"2022-04-08T21:06:33","guid":{"rendered":"https:\/\/sinasefesm.com\/?p=4487"},"modified":"2022-04-08T21:06:33","modified_gmt":"2022-04-08T21:06:33","slug":"9-de-abril-santa-maria-vai-as-ruas-protestar-contra-o-governo-bolsonaro","status":"publish","type":"post","link":"https:\/\/sinasefesm.com\/index.php\/2022\/04\/08\/9-de-abril-santa-maria-vai-as-ruas-protestar-contra-o-governo-bolsonaro\/","title":{"rendered":"9 de abril, Santa Maria vai \u00e0s ruas protestar contra governo Bolsonaro"},"content":{"rendered":"\n<p>Neste s\u00e1bado, 9 de abril, ocorre mais um ato em den\u00fancia \u00e0s pol\u00edticas adotadas pelo Governo Federal e que penalizam as trabalhadoras e trabalhadores. Com a consigna <em>&#8220;T\u00e1 tudo caro, fora Bolsonaro!&#8221;<\/em>, o ato ocorre em diversas cidades do pa\u00eds. Em Santa Maria, a concentra\u00e7\u00e3o tem in\u00edcio \u00e0s 14h, na Pra\u00e7a Saldanha Marinho. <\/p>\n\n\n\n<p>O Sinasefe Santa Maria convida suas filiadas e filiados a se fazerem presentes e fortalecerem a mobiliza\u00e7\u00e3o contra a carestia da vida, em defesa dos servi\u00e7os p\u00fablicos e dos direitos das servidoras e servidores, e pelo Fora Bolsonaro!<\/p>\n\n\n\n<p><\/p>\n","protected":false},"excerpt":{"rendered":"<p>Neste s\u00e1bado, 9 de abril, ocorre mais um ato em den\u00fancia \u00e0s pol\u00edticas adotadas pelo Governo Federal e que penalizam as trabalhadoras e trabalhadores. Com a consigna &#8220;T\u00e1 tudo caro, fora Bolsonaro!&#8221;, o ato ocorre em diversas cidades do pa\u00eds. Em Santa Maria, a concentra\u00e7\u00e3o tem in\u00edcio \u00e0s 14h, na Pra\u00e7a Saldanha Marinho. O Sinasefe<\/p>\n","protected":false},"author":3,"featured_media":4488,"comment_status":"closed","ping_status":"closed","sticky":false,"template":"","format":"standard","meta":{"footnotes":""},"categories":[37,39],"tags":[136,165],"class_list":{"0":"post-4487","1":"post","2":"type-post","3":"status-publish","4":"format-standard","5":"has-post-thumbnail","7":"category-destaque","8":"category-eventos","9":"tag-fora-bolsonaro","10":"tag-manifestacao"},"_links":{"self":[{"href":"https:\/\/sinasefesm.com\/index.php\/wp-json\/wp\/v2\/posts\/4487","targetHints":{"allow":["GET"]}}],"collection":[{"href":"https:\/\/sinasefesm.com\/index.php\/wp-json\/wp\/v2\/posts"}],"about":[{"href":"https:\/\/sinasefesm.com\/index.php\/wp-json\/wp\/v2\/types\/post"}],"author":[{"embeddable":true,"href":"https:\/\/sinasefesm.com\/index.php\/wp-json\/wp\/v2\/users\/3"}],"replies":[{"embeddable":true,"href":"https:\/\/sinasefesm.com\/index.php\/wp-json\/wp\/v2\/comments?post=4487"}],"version-history":[{"count":0,"href":"https:\/\/sinasefesm.com\/index.php\/wp-json\/wp\/v2\/posts\/4487\/revisions"}],"wp:featuredmedia":[{"embeddable":true,"href":"https:\/\/sinasefesm.com\/index.php\/wp-json\/wp\/v2\/media\/4488"}],"wp:attachment":[{"href":"https:\/\/sinasefesm.com\/index.php\/wp-json\/wp\/v2\/media?parent=4487"}],"wp:term":[{"taxonomy":"category","embeddable":true,"href":"https:\/\/sinasefesm.com\/index.php\/wp-json\/wp\/v2\/categories?post=4487"},{"taxonomy":"post_tag","embeddable":true,"href":"https:\/\/sinasefesm.com\/index.php\/wp-json\/wp\/v2\/tags?post=4487"}],"curies":[{"name":"wp","href":"https:\/\/api.w.org\/{rel}","templated":true}]}}