{"id":4491,"date":"2022-04-09T18:48:22","date_gmt":"2022-04-09T18:48:22","guid":{"rendered":"https:\/\/sinasefesm.com\/?p=4491"},"modified":"2022-04-09T18:48:22","modified_gmt":"2022-04-09T18:48:22","slug":"eleita-a-delegacao-que-representara-santa-maria-no-34o-consinasefe-marcado-para-maio","status":"publish","type":"post","link":"https:\/\/sinasefesm.com\/index.php\/2022\/04\/09\/eleita-a-delegacao-que-representara-santa-maria-no-34o-consinasefe-marcado-para-maio\/","title":{"rendered":"Eleita a delega\u00e7\u00e3o que representar\u00e1 Santa Maria no 34\u00ba Consinasefe, marcado para maio"},"content":{"rendered":"\n<p>A elei\u00e7\u00e3o de delegadas e delegados para o 34\u00ba Congresso do Sinasefe (Consinasefe) foi pauta da assembleia realizada pela se\u00e7\u00e3o sindical de Santa Maria na manh\u00e3 deste s\u00e1bado, 9 de abril. Ap\u00f3s debate, foram aprovados tr\u00eas delegados(as) e tr\u00eas observadores(as) para representarem a entidade no evento nacional. Como delegados(as) ir\u00e3o Miriane Fonseca (coordenadora geral do sindicato), Ad\u00e3o Damasceno (Secret\u00e1rio de Carreira e de Rela\u00e7\u00e3o de Trabalho) e Jos\u00e9 Ab\u00edlio de Freitas (coordenador geral do sindicato). J\u00e1 como observadores(as) foram indicados os nomes de Cassiana Marques (servidora t\u00e9cnico-administrativa em educa\u00e7\u00e3o) e Milton Ferrari (coordenador geral do sindicato).<\/p>\n\n\n\n<p>Marcado para ocorrer entre os dias 12 e 15 de maio, em Bras\u00edlia (DF), esse \u00e9 o primeiro Consinasefe presencial desde o in\u00edcio da pandemia. Com o tema \u201cEduca\u00e7\u00e3o n\u00e3o \u00e9 mercadoria! Derrotar Bolsonaro, o neofascismo e o neoliberalismo!\u201d, as discuss\u00f5es ser\u00e3o norteadas pelas 38 teses enviadas por filiadas e filiadas do pa\u00eds inteiro e que se dividem nos seguintes eixos tem\u00e1ticos: Conjuntura; Educa\u00e7\u00e3o; Mista (conjuntura e educa\u00e7\u00e3o) e Estatuinte. Mais abaixo, ainda nesta mat\u00e9ria, disponibilizaremos as teses para leitura na \u00edntegra.<\/p>\n\n\n\n<p>Na assembleia deste s\u00e1bado, dirigentes do Sinasefe Santa Maria destacaram a import\u00e2ncia do Consinasefe como um espa\u00e7o central de debates e delibera\u00e7\u00f5es a respeito da pol\u00edtica que o Sindicato Nacional \u2013 e, por consequ\u00eancia \u2013 suas se\u00e7\u00f5es sindicais devem empreender no pr\u00f3ximo per\u00edodo.<\/p>\n\n\n\n<p>Jos\u00e9 Ab\u00edlio de Freitas, um dos coordenadores gerais da se\u00e7\u00e3o sindical, explicou que as teses s\u00e3o elaboradas por filiados e filiadas cujas afinidades de pensamento possibilitam a formula\u00e7\u00e3o de diagn\u00f3sticos e proposi\u00e7\u00f5es comuns para as quest\u00f5es que afetam a educa\u00e7\u00e3o, os servi\u00e7os p\u00fablicos e os rumos que o pa\u00eds, como um todo, vem experimentando.<\/p>\n\n\n\n<p>\u201cA tese seria a carta de apresenta\u00e7\u00e3o de cada grupo, cumprindo o papel de expor o que cada coletivo pensa a n\u00edvel de conjuntura nacional e quais s\u00e3o suas propostas para, por exemplo, carreira (lembrando que o Sinasefe representa duas carreiras: a dos docentes e a dos t\u00e9cnico-administrativos em educa\u00e7\u00e3o). A partir das teses conseguimos perceber quais s\u00e3o as propostas e as liga\u00e7\u00f5es hist\u00f3ricas de cada um desses grupos\u201d, comenta o dirigente.<\/p>\n\n\n\n<p>Ad\u00e3o Damasceno, Secret\u00e1rio de Carreira e de Rela\u00e7\u00e3o de Trabalho, diz que falar sobre o Congresso \u00e9 falar sobre a hist\u00f3ria do Sinasefe. \u201cAs teses est\u00e3o na linha da educa\u00e7\u00e3o, da conjuntura e das altera\u00e7\u00f5es estatut\u00e1rias. Na educa\u00e7\u00e3o, discutiremos a quest\u00e3o dos col\u00e9gios militares, da reforma do ensino m\u00e9dio, do teletrabalho. Esse governo est\u00e1 atropelando o servi\u00e7o p\u00fablico\u201d, complementa.<\/p>\n\n\n\n<p>A mobiliza\u00e7\u00e3o do Sinasefe, em conjunto com outras entidades do funcionalismo p\u00fablico, pela recomposi\u00e7\u00e3o salarial de 19,99% foi lembrada pelo Tesoureiro Geral do Sinasefe Santa Maria, Cl\u00e1udio Renato Kelling. \u201cO foco principal das lutas do sindicato tem sido a defesa da nossa carreira e da recomposi\u00e7\u00e3o salarial para repor as perdas inflacion\u00e1rias. Essas quest\u00f5es, inclusive, devem estar contempladas nas teses do Consinasefe\u201d, comenta.<\/p>\n\n\n\n<p>A fim de realizarem a leitura e discuss\u00e3o coletiva das teses do 34\u00ba Consinasefe \u2013 preparando-se, assim, para os debates do evento -, delegados(as) e observadores(as) ir\u00e3o se reunir em encontros virtuais \u00e0s 17h das sextas-feiras. As reuni\u00f5es, contudo, n\u00e3o ser\u00e3o abertas somente \u00e0 delega\u00e7\u00e3o que ir\u00e1 para o Congresso, de forma que todas as filiadas e filiados interessados em se aprofundarem sobre os temas abordados nas teses podem participar. Quem tiver interesse em receber o link para acesso \u00e0 sala virtual de debates, pode escrever um email para <a href=\"mailto:sinasefesm@gmail.com\">sinasefesm@gmail.com<\/a>.<\/p>\n\n\n\n<h3 class=\"wp-block-heading\">Conhe\u00e7as as teses<\/h3>\n\n\n\n<h4 class=\"wp-block-heading\">Conjuntura<\/h4>\n\n\n\n<ol class=\"wp-block-list\" type=\"1\"><li><a href=\"https:\/\/sinasefe.org.br\/site\/download\/tese-de-conjuntura-nao-ha-capitalismo-sem-racismo\/\" target=\"_blank\" rel=\"noreferrer noopener\">N\u00e3o h\u00e1 capitalismo sem racismo<\/a><\/li><li><a href=\"https:\/\/sinasefe.org.br\/site\/download\/tese-de-conjuntura-o-sinasefe-e-o-combate-a-lgbtfobia\/\" target=\"_blank\" rel=\"noreferrer noopener\">O SINASEFE e o combate \u00e0 LGBT+fobia<\/a><\/li><li><a href=\"https:\/\/sinasefe.org.br\/site\/download\/tese-de-conjuntura-por-uma-militancia-sem-assedio-e-um-sindicato-que-nao-tolere-a-violencia\/\" target=\"_blank\" rel=\"noreferrer noopener\">Por uma milit\u00e2ncia sem ass\u00e9dio e um sindicato que n\u00e3o tolere a viol\u00eancia<\/a><\/li><li><a href=\"https:\/\/sinasefe.org.br\/site\/download\/tese-de-conjuntura-derrotar-o-neofascismo-e-lutar-em-defesa-dos-direitos-dos-trabalhadores\/\" target=\"_blank\" rel=\"noreferrer noopener\">Derrotar o neofascismo e lutar em defesa dos direitos dos trabalhadores<\/a><\/li><li><a href=\"https:\/\/sinasefe.org.br\/site\/download\/tese-de-conjuntura-crise-economica-e-pandemica\/\" target=\"_blank\" rel=\"noreferrer noopener\">Crise econ\u00f4mica e pand\u00eamica<\/a><\/li><li><a href=\"https:\/\/sinasefe.org.br\/site\/download\/tese-de-conjuntura-uma-retomada-da-nossa-historia-apos-o-fora-bolsonaro\/\" target=\"_blank\" rel=\"noreferrer noopener\">Uma retomada da nossa hist\u00f3ria, ap\u00f3s o Fora Bolsonaro!<\/a><\/li><li><a href=\"https:\/\/sinasefe.org.br\/site\/download\/tese-de-conjuntura-por-um-movimento-sindical-combativo-e-com-luta-de-classes-no-sinasefe\/\" target=\"_blank\" rel=\"noreferrer noopener\">Por um movimento sindical combativo e com luta de classes no SINASEFE<\/a><\/li><li><a href=\"https:\/\/sinasefe.org.br\/site\/download\/tese-de-conjuntura-o-papel-do-sinasefe-na-defesa-do-estado-democratico-de-direito\/\" target=\"_blank\" rel=\"noreferrer noopener\">O papel do SINASEFE na defesa do Estado Democr\u00e1tico de Direito<\/a><\/li><li><a href=\"https:\/\/sinasefe.org.br\/site\/download\/tese-de-conjuntura-a-unidade-sindical-primeiro-de-maio-e-a-busca-de-uma-nova-orientacao-para-o-sinasefe\/\" target=\"_blank\" rel=\"noreferrer noopener\">A Unidade Sindical Primeiro de Maio e a busca de uma nova orienta\u00e7\u00e3o para o SINASEFE<\/a><\/li><li><a href=\"https:\/\/sinasefe.org.br\/site\/download\/tese-de-conjuntura-sinasefe-na-luta-contra-todas-as-formas-de-opressao-e-discriminacao\/\" target=\"_blank\" rel=\"noreferrer noopener\">SINASEFE na luta contra todas as formas de opress\u00e3o e discrimina\u00e7\u00e3o<\/a><\/li><li><a href=\"https:\/\/sinasefe.org.br\/site\/download\/tese-de-conjuntura-o-capitalismo-em-crise-guerras-e-fome\/\" target=\"_blank\" rel=\"noreferrer noopener\">O capitalismo em crise, guerras e fome<\/a><\/li><li><a href=\"https:\/\/sinasefe.org.br\/site\/download\/tese-de-conjuntura-o-golpe-pandemia-e-o-agravamento-das-condicoes-de-vida-da-classe-trabalhadora-brasileira\/\" target=\"_blank\" rel=\"noreferrer noopener\">O golpe, pandemia e o agravamento das condi\u00e7\u00f5es de vida da classe trabalhadora brasileira<\/a><\/li><li><a href=\"https:\/\/sinasefe.org.br\/site\/download\/tese-de-conjuntura-diante-da-precarizacao-e-desmonte-do-servico-publico-federal-o-fora-bolsonaro-nos-impulsiona-a-tomar-de-vez-as-ruas\/\" target=\"_blank\" rel=\"noreferrer noopener\">Diante da precariza\u00e7\u00e3o e desmonte do Servi\u00e7o P\u00fablico Federal, o Fora Bolsonaro nos impulsiona a tomar de vez as ruas<\/a><\/li><li><a href=\"https:\/\/sinasefe.org.br\/site\/download\/tese-de-conjuntura-o-supermilitante\/\" target=\"_blank\" rel=\"noreferrer noopener\">O supermilitante<\/a><\/li><li><a href=\"https:\/\/sinasefe.org.br\/site\/download\/tese-de-conjuntura-100-anos-de-luta-anticapitalista\/\" target=\"_blank\" rel=\"noreferrer noopener\">100 anos de luta anticapitalista!<\/a><\/li><li><a href=\"https:\/\/sinasefe.org.br\/site\/download\/tese-de-conjuntura-construir-no-sinasefe-um-polo-por-uma-alternativa-socialista-e-revolucionaria\/\" target=\"_blank\" rel=\"noreferrer noopener\">Construir no SINASEFE um polo por uma alternativa socialista e revolucion\u00e1ria<\/a><\/li><li><a href=\"https:\/\/sinasefe.org.br\/site\/download\/tese-de-conjuntura-sinasefe-como-instrumento-de-luta-dos-educadores-federais-e-da-classe-trabalhadora-brasileira\/\" target=\"_blank\" rel=\"noreferrer noopener\">SINASEFE como instrumento de luta dos educadores federais e da classe trabalhadora brasileira<\/a><\/li><li><a href=\"https:\/\/sinasefe.org.br\/site\/download\/tese-de-conjuntura-tese-sobre-conjuntura-do-coletivo-pao-e-rosas-para-o-34o-consinasefe\/\" target=\"_blank\" rel=\"noreferrer noopener\">Tese sobre conjuntura do coletivo P\u00e3o e Rosas para o 34\u00ba CONSINASEFE<\/a><\/li><li><a href=\"https:\/\/sinasefe.org.br\/site\/download\/tese-de-conjuntura-tese-sobre-conjuntura-nacional\/\" target=\"_blank\" rel=\"noreferrer noopener\">Tese sobre conjuntura nacional<\/a><\/li><li><a href=\"https:\/\/sinasefe.org.br\/site\/download\/tese-de-conjuntura-sinasefe-unido-independente-democratico-e-de-lutas\/\" target=\"_blank\" rel=\"noreferrer noopener\">SINASEFE unido, independente, democr\u00e1tico e de lutas<\/a><\/li><\/ol>\n\n\n\n<h4 class=\"wp-block-heading\">Educa\u00e7\u00e3o<\/h4>\n\n\n\n<ol class=\"wp-block-list\" type=\"1\"><li><a href=\"https:\/\/sinasefe.org.br\/site\/download\/tese-de-educacao-educacao-e-democratizacao\/\" target=\"_blank\" rel=\"noreferrer noopener\">Educa\u00e7\u00e3o e democratiza\u00e7\u00e3o<\/a><\/li><li><a href=\"https:\/\/sinasefe.org.br\/site\/download\/tese-de-educacao-politicas-para-educacao-sob-o-governo-bolsonaro-e-seus-impactos-sobre-a-formacao-de-professores\/\" target=\"_blank\" rel=\"noreferrer noopener\">Pol\u00edticas para Educa\u00e7\u00e3o sob o Governo Bolsonaro e seus impactos sobre a forma\u00e7\u00e3o de professores<\/a><\/li><li><a href=\"https:\/\/sinasefe.org.br\/site\/download\/tese-de-educacao-politicas-de-ensino-pesquisa-e-extensao\/\" target=\"_blank\" rel=\"noreferrer noopener\">Pol\u00edticas de Ensino, Pesquisa e Extens\u00e3o<\/a><\/li><li><a href=\"https:\/\/sinasefe.org.br\/site\/download\/tese-de-educacao-por-uma-assistencia-estudantil-para-alem-do-assistencialismo\/\" target=\"_blank\" rel=\"noreferrer noopener\">Por uma Assist\u00eancia Estudantil para al\u00e9m do assistencialismo<\/a><\/li><li><a href=\"https:\/\/sinasefe.org.br\/site\/download\/tese-de-educacao-civilizar-os-colegios-militares\/\" target=\"_blank\" rel=\"noreferrer noopener\">Civilizar os Col\u00e9gios Militares!<\/a><\/li><li><a href=\"https:\/\/sinasefe.org.br\/site\/download\/tese-de-educacao-percepcao-dos-servidores-tecnico-administrativos-em-educacao-do-if-farroupilha-rs-sobre-o-programa-de-gestao-teletrabalho\/\" target=\"_blank\" rel=\"noreferrer noopener\">Percep\u00e7\u00e3o dos Servidores T\u00e9cnico-Administrativos em Educa\u00e7\u00e3o do IF Farroupilha-RS sobre o Programa de Gest\u00e3o Teletrabalho<\/a><\/li><li><a href=\"https:\/\/sinasefe.org.br\/site\/download\/tese-de-educacao-espac%cc%a7os-politicos-para-ocupar\/\" target=\"_blank\" rel=\"noreferrer noopener\">Espa\u00e7os pol\u00edticos para ocupar<\/a><\/li><li><a href=\"https:\/\/sinasefe.org.br\/site\/download\/tese-de-educacao-educacao-em-tempo-de-pandemia\/\" target=\"_blank\" rel=\"noreferrer noopener\">Educa\u00e7\u00e3o em tempo de pandemia<\/a><\/li><li><a href=\"https:\/\/sinasefe.org.br\/site\/download\/tese-de-educacao-o-sinasefe-e-a-educacao-que-queremos\/\" target=\"_blank\" rel=\"noreferrer noopener\">O SINASEFE e a Educa\u00e7\u00e3o que queremos<\/a><\/li><li><a href=\"https:\/\/sinasefe.org.br\/site\/download\/tese-de-educacao-tese-sobre-educacao-ao-34o-consinasefe\/\" target=\"_blank\" rel=\"noreferrer noopener\">Tese sobre Educa\u00e7\u00e3o ao 34\u00ba CONSINASEFE<\/a><\/li><li><a href=\"https:\/\/sinasefe.org.br\/site\/download\/tese-de-educacao-tese-sobre-a-questao-negra-ao-34o-consinasefe\/\" target=\"_blank\" rel=\"noreferrer noopener\">Tese sobre a quest\u00e3o negra ao 34\u00ba CONSINASEFE<\/a><\/li><li><a href=\"https:\/\/sinasefe.org.br\/site\/download\/tese-de-educacao-tese-sobre-educacao-do-coletivo-pao-e-rosas-para-o-34o-consinasefe\/\" target=\"_blank\" rel=\"noreferrer noopener\">Tese sobre Educa\u00e7\u00e3o do coletivo P\u00e3o e Rosas para o 34\u00ba CONSINASEFE<\/a><\/li><li><a href=\"https:\/\/sinasefe.org.br\/site\/download\/tese-de-educacao-tese-sobre-opressoes-ao-34o-consinasefe\/\" target=\"_blank\" rel=\"noreferrer noopener\">Tese sobre opress\u00f5es ao 34\u00ba CONSINASEFE<\/a><\/li><li><a href=\"https:\/\/sinasefe.org.br\/site\/download\/tese-de-educacao-defesa-do-ensino-medio-integrado-e-da-formacao-humana-integral\/\" target=\"_blank\" rel=\"noreferrer noopener\">Defesa do Ensino M\u00e9dio Integrado e da Forma\u00e7\u00e3o Humana Integral<\/a><\/li><li><a href=\"https:\/\/sinasefe.org.br\/site\/download\/tese-de-educacao-reforma-do-ensino-medio\/\" target=\"_blank\" rel=\"noreferrer noopener\">Reforma do Ensino M\u00e9dio<\/a><\/li><li><a href=\"https:\/\/sinasefe.org.br\/site\/download\/tese-de-educacao-colegios-militares-funcionamento-e-relacionamento-com-os-servidores-civis\/\" target=\"_blank\" rel=\"noreferrer noopener\">Col\u00e9gios Militares \u2013 funcionamento e relacionamento com os servidores civis<\/a><\/li><\/ol>\n\n\n\n<h4 class=\"wp-block-heading\">Conjuntura e Educa\u00e7\u00e3o<\/h4>\n\n\n\n<ol class=\"wp-block-list\" type=\"1\"><li><a href=\"https:\/\/sinasefe.org.br\/site\/download\/tese-de-conjuntura-e-educacao-inimigos-do-rei\/\" target=\"_blank\" rel=\"noreferrer noopener\">Inimigos do Rei<\/a><\/li><\/ol>\n\n\n\n<h4 class=\"wp-block-heading\">Estatuinte<\/h4>\n\n\n\n<ol class=\"wp-block-list\" type=\"1\"><li><a href=\"https:\/\/sinasefe.org.br\/site\/download\/tese-estatuinte-insercao-de-artigo-sobre-greve-no-estatuto-do-sinasefe\/\" target=\"_blank\" rel=\"noreferrer noopener\">Inser\u00e7\u00e3o de artigo sobre greve no Estatuto do SINASEFE<\/a><\/li><\/ol>\n","protected":false},"excerpt":{"rendered":"<p>A elei\u00e7\u00e3o de delegadas e delegados para o 34\u00ba Congresso do Sinasefe (Consinasefe) foi pauta da assembleia realizada pela se\u00e7\u00e3o sindical de Santa Maria na manh\u00e3 deste s\u00e1bado, 9 de abril. Ap\u00f3s debate, foram aprovados tr\u00eas delegados(as) e tr\u00eas observadores(as) para representarem a entidade no evento nacional. Como delegados(as) ir\u00e3o Miriane Fonseca (coordenadora geral do<\/p>\n","protected":false},"author":3,"featured_media":4494,"comment_status":"closed","ping_status":"closed","sticky":false,"template":"","format":"standard","meta":{"footnotes":""},"categories":[37,42,45],"tags":[],"class_list":{"0":"post-4491","1":"post","2":"type-post","3":"status-publish","4":"format-standard","5":"has-post-thumbnail","7":"category-destaque","8":"category-noticia","9":"category-sindicato"},"_links":{"self":[{"href":"https:\/\/sinasefesm.com\/index.php\/wp-json\/wp\/v2\/posts\/4491","targetHints":{"allow":["GET"]}}],"collection":[{"href":"https:\/\/sinasefesm.com\/index.php\/wp-json\/wp\/v2\/posts"}],"about":[{"href":"https:\/\/sinasefesm.com\/index.php\/wp-json\/wp\/v2\/types\/post"}],"author":[{"embeddable":true,"href":"https:\/\/sinasefesm.com\/index.php\/wp-json\/wp\/v2\/users\/3"}],"replies":[{"embeddable":true,"href":"https:\/\/sinasefesm.com\/index.php\/wp-json\/wp\/v2\/comments?post=4491"}],"version-history":[{"count":0,"href":"https:\/\/sinasefesm.com\/index.php\/wp-json\/wp\/v2\/posts\/4491\/revisions"}],"wp:featuredmedia":[{"embeddable":true,"href":"https:\/\/sinasefesm.com\/index.php\/wp-json\/wp\/v2\/media\/4494"}],"wp:attachment":[{"href":"https:\/\/sinasefesm.com\/index.php\/wp-json\/wp\/v2\/media?parent=4491"}],"wp:term":[{"taxonomy":"category","embeddable":true,"href":"https:\/\/sinasefesm.com\/index.php\/wp-json\/wp\/v2\/categories?post=4491"},{"taxonomy":"post_tag","embeddable":true,"href":"https:\/\/sinasefesm.com\/index.php\/wp-json\/wp\/v2\/tags?post=4491"}],"curies":[{"name":"wp","href":"https:\/\/api.w.org\/{rel}","templated":true}]}}