{"id":4513,"date":"2022-04-22T18:49:21","date_gmt":"2022-04-22T18:49:21","guid":{"rendered":"https:\/\/sinasefesm.com\/?p=4513"},"modified":"2022-04-22T18:49:21","modified_gmt":"2022-04-22T18:49:21","slug":"fonasefe-reivindica-reuniao-com-governo-federal-para-tratar-do-reajuste-de-1999","status":"publish","type":"post","link":"https:\/\/sinasefesm.com\/index.php\/2022\/04\/22\/fonasefe-reivindica-reuniao-com-governo-federal-para-tratar-do-reajuste-de-1999\/","title":{"rendered":"Fonasefe reivindica reuni\u00e3o com governo federal para tratar do reajuste de 19,99%"},"content":{"rendered":"\n<p>Na \u00faltima segunda-feira, 18 de abril, representantes do F\u00f3rum das Entidades Nacionais dos(as) Servidores(as) P\u00fablicos(as) Federais (Fonasefe) protocolaram um of\u00edcio junto ao Minist\u00e9rio da Economia solicitando reuni\u00e3o com o Secret\u00e1rio de Gest\u00e3o e Desempenho de Pessoal, Leonardo Mattos Sultani, para tratar sobre a recomposi\u00e7\u00e3o salarial de 19,99% a todas as categorias do funcionalismo p\u00fablico. Al\u00e9m deste \u00edndice de reajuste \u2013 referente \u00e0 infla\u00e7\u00e3o acumulada durante o governo Bolsonaro -, as entidades reivindicam tamb\u00e9m o cancelamento da Reforma Administrativa (PEC 32\/2020) e a revoga\u00e7\u00e3o do Teto de Gastos (EC 95\/2016).<\/p>\n\n\n\n<p>No documento, o Fonasefe criticou duramente a postura do governo de se mostrar completamente fechado para negocia\u00e7\u00f5es com as servidoras e servidores e ao mesmo tempo anunciar, para a m\u00eddia, um reajuste de 5% para o funcionalismo.<\/p>\n\n\n\n<div class=\"wp-block-image\"><figure class=\"alignleft size-full\"><img decoding=\"async\" src=\"https:\/\/sinasefesm.com\/wp-content\/uploads\/2022\/04\/Fonasefe-cobra-reuniao..jpg\" alt=\"\" class=\"wp-image-4518\"\/><\/figure><\/div>\n\n\n\n<p>\u201cpara nossa surpresa, a grande imprensa vem, reiteradamente, divulgando que o Governo Federal se disp\u00f5e a reajustar em 5% os sal\u00e1rios das categorias \u00e0s quais representamos; este m\u00e9todo de lan\u00e7ar informa\u00e7\u00f5es soltas na m\u00eddia, sem passar por uma mesa de negocia\u00e7\u00e3o conosco, \u00e9 desrespeitoso e n\u00e3o colabora em nada na manuten\u00e7\u00e3o das necess\u00e1rias rela\u00e7\u00f5es entre aqueles que s\u00e3o servidores do Estado Brasileiro e a Gest\u00e3o Federal\u201d, afirma o texto do of\u00edcio. <a href=\"https:\/\/sinasefe.org.br\/site\/download\/oficio-no-12-2022-solicita-reuniao-com-o-ministerio-da-economia-para-tratar-da-recomposicao-salarial-de-1999\/\" data-type=\"URL\" data-id=\"https:\/\/sinasefe.org.br\/site\/download\/oficio-no-12-2022-solicita-reuniao-com-o-ministerio-da-economia-para-tratar-da-recomposicao-salarial-de-1999\/\" target=\"_blank\" rel=\"noreferrer noopener\">Fa\u00e7a a leitura do documento na \u00edntegra aqui<\/a>.<\/p>\n\n\n\n<p><strong>Live<\/strong><\/p>\n\n\n\n<p>Fonasefe e Fonacate (F\u00f3rum Nacional Permanente de Carreiras T\u00edpicas de Estado) realizaram na \u00faltima quarta-feira, 20, uma live com o tema \u201cReajuste de 5% e as perspectivas da greve\u201d, debatendo com as categorias do funcionalismo federal as not\u00edcias do suposto reajuste por parte do Governo Federal e o andamento da constru\u00e7\u00e3o do movimento paredista pelas bases. O SINASEFE foi representado na live pelo coordenador geral David Lob\u00e3o. Assista a \u00edntegra do debate abaixo:<\/p>\n\n\n\n<figure class=\"wp-block-embed is-type-video is-provider-youtube wp-block-embed-youtube wp-embed-aspect-16-9 wp-has-aspect-ratio\"><div class=\"wp-block-embed__wrapper\">\n<iframe title=\"Live: reajuste de 5% e as perspectivas da greve\" width=\"768\" height=\"432\" src=\"https:\/\/www.youtube.com\/embed\/sf4yzbyX9us?feature=oembed\" frameborder=\"0\" allow=\"accelerometer; autoplay; clipboard-write; encrypted-media; gyroscope; picture-in-picture; web-share\" referrerpolicy=\"strict-origin-when-cross-origin\" allowfullscreen><\/iframe>\n<\/div><\/figure>\n\n\n\n<h3 class=\"wp-block-heading\">Jornada de Lutas<\/h3>\n\n\n\n<p>Na pr\u00f3xima semana, de 25 a 29 de abril, os servidores p\u00fablicos realizar\u00e3o uma&nbsp;<a rel=\"noreferrer noopener\" href=\"https:\/\/sinasefe.org.br\/site\/25-a-29-04-jornada-de-lutas-em-brasilia-df-e-nos-estados\/\" target=\"_blank\">Jornada de Lutas em Bras\u00edlia-DF e nos Estados<\/a>, com atos em todo Brasil e com o refor\u00e7o da vig\u00edlia em Bras\u00edlia-DF, prevendo ainda uma Paralisa\u00e7\u00e3o Nacional do funcionalismo federal no dia 28\/04.<\/p>\n\n\n\n<p>Os trabalhadores do servi\u00e7o p\u00fablico exigem a abertura de negocia\u00e7\u00e3o para que suas reivindica\u00e7\u00f5es sejam atendidas.\u00a0<strong>Recomposi\u00e7\u00e3o salarial n\u00e3o \u00e9 aumento, \u00e9 direito!<\/strong><\/p>\n\n\n\n<p><em>Fonte e imagens: Sinasefe Nacional <\/em><\/p>\n\n\n\n<p><em>Edi\u00e7\u00e3o: Bruna Homrich<\/em><\/p>\n","protected":false},"excerpt":{"rendered":"<p>Na \u00faltima segunda-feira, 18 de abril, representantes do F\u00f3rum das Entidades Nacionais dos(as) Servidores(as) P\u00fablicos(as) Federais (Fonasefe) protocolaram um of\u00edcio junto ao Minist\u00e9rio da Economia solicitando reuni\u00e3o com o Secret\u00e1rio de Gest\u00e3o e Desempenho de Pessoal, Leonardo Mattos Sultani, para tratar sobre a recomposi\u00e7\u00e3o salarial de 19,99% a todas as categorias do funcionalismo p\u00fablico. Al\u00e9m<\/p>\n","protected":false},"author":3,"featured_media":4525,"comment_status":"closed","ping_status":"closed","sticky":false,"template":"","format":"standard","meta":{"footnotes":""},"categories":[41,42,45],"tags":[],"class_list":{"0":"post-4513","1":"post","2":"type-post","3":"status-publish","4":"format-standard","5":"has-post-thumbnail","7":"category-movimento","8":"category-noticia","9":"category-sindicato"},"_links":{"self":[{"href":"https:\/\/sinasefesm.com\/index.php\/wp-json\/wp\/v2\/posts\/4513","targetHints":{"allow":["GET"]}}],"collection":[{"href":"https:\/\/sinasefesm.com\/index.php\/wp-json\/wp\/v2\/posts"}],"about":[{"href":"https:\/\/sinasefesm.com\/index.php\/wp-json\/wp\/v2\/types\/post"}],"author":[{"embeddable":true,"href":"https:\/\/sinasefesm.com\/index.php\/wp-json\/wp\/v2\/users\/3"}],"replies":[{"embeddable":true,"href":"https:\/\/sinasefesm.com\/index.php\/wp-json\/wp\/v2\/comments?post=4513"}],"version-history":[{"count":0,"href":"https:\/\/sinasefesm.com\/index.php\/wp-json\/wp\/v2\/posts\/4513\/revisions"}],"wp:featuredmedia":[{"embeddable":true,"href":"https:\/\/sinasefesm.com\/index.php\/wp-json\/wp\/v2\/media\/4525"}],"wp:attachment":[{"href":"https:\/\/sinasefesm.com\/index.php\/wp-json\/wp\/v2\/media?parent=4513"}],"wp:term":[{"taxonomy":"category","embeddable":true,"href":"https:\/\/sinasefesm.com\/index.php\/wp-json\/wp\/v2\/categories?post=4513"},{"taxonomy":"post_tag","embeddable":true,"href":"https:\/\/sinasefesm.com\/index.php\/wp-json\/wp\/v2\/tags?post=4513"}],"curies":[{"name":"wp","href":"https:\/\/api.w.org\/{rel}","templated":true}]}}