{"id":4529,"date":"2022-04-26T15:12:12","date_gmt":"2022-04-26T15:12:12","guid":{"rendered":"https:\/\/sinasefesm.com\/?p=4529"},"modified":"2022-04-26T15:12:12","modified_gmt":"2022-04-26T15:12:12","slug":"defesa-da-ufsm-e-tema-de-plenaria-unificada-que-ocorre-nesta-quinta-28","status":"publish","type":"post","link":"https:\/\/sinasefesm.com\/index.php\/2022\/04\/26\/defesa-da-ufsm-e-tema-de-plenaria-unificada-que-ocorre-nesta-quinta-28\/","title":{"rendered":"Defesa da UFSM \u00e9 tema de Plen\u00e1ria Unificada que ocorre nesta quinta, 28"},"content":{"rendered":"\n<p>Sinasefe, Sedufsm, Assufsm, Atens e DCE promovem, nesta quinta-feira, 28 de abril, a primeira Plen\u00e1ria Unificada presencial desde o in\u00edcio da pandemia. O encontro ocorre a partir das 9h30, no audit\u00f3rio Fl\u00e1vio Schneider (Centro de Ci\u00eancias Rurais, pr\u00e9dio 42), com o tema \u201cA defesa da UFSM diante dos desmontes dos servi\u00e7os p\u00fablicos\u201d.<\/p>\n\n\n\n<p>As aulas presenciais na UFSM foram retomadas no \u00faltimo dia 11 de abril, de forma que, agora, as atividades de mobiliza\u00e7\u00e3o t\u00eam como palco central o campus da universidade. Na Plen\u00e1ria desta semana, al\u00e9m de debaterem o cen\u00e1rio de contingenciamento or\u00e7ament\u00e1rio reservado \u00e0s universidades, docentes, t\u00e9cnico-administrativos em educa\u00e7\u00e3o e estudantes tamb\u00e9m comentar\u00e3o sobre os diversos ataques desferidos contra o servi\u00e7o p\u00fablico brasileiro, do que s\u00e3o exemplos, al\u00e9m dos cortes, a proposta de Reforma Administrativa (PEC 32\/20).<\/p>\n\n\n\n<p>Outro ponto a ser discutido entre os sindicatos \u00e9 a justeza da reivindica\u00e7\u00e3o de recomposi\u00e7\u00e3o salarial da ordem de 19,99% para todas as categorias do funcionalismo p\u00fablico federal, como forma de repor as perdas inflacion\u00e1rias acumuladas nos \u00faltimos tr\u00eas anos. Tal pauta \u00e9 uma das centrais apresentadas pela Campanha Salarial Unificada das servidoras e servidores.<\/p>\n\n\n\n<p>O Sinasefe Santa Maria convida suas filiadas e filiados a comparecem \u00e0 atividade e debaterem, conosco e com as demais entidades, caminhos poss\u00edveis para enfrentar e reverter as tentativas de desmanche do Estado brasileiro.<\/p>\n","protected":false},"excerpt":{"rendered":"<p>Sinasefe, Sedufsm, Assufsm, Atens e DCE promovem, nesta quinta-feira, 28 de abril, a primeira Plen\u00e1ria Unificada presencial desde o in\u00edcio da pandemia. O encontro ocorre a partir das 9h30, no audit\u00f3rio Fl\u00e1vio Schneider (Centro de Ci\u00eancias Rurais, pr\u00e9dio 42), com o tema \u201cA defesa da UFSM diante dos desmontes dos servi\u00e7os p\u00fablicos\u201d. As aulas presenciais<\/p>\n","protected":false},"author":3,"featured_media":4530,"comment_status":"closed","ping_status":"closed","sticky":false,"template":"","format":"standard","meta":{"footnotes":""},"categories":[39,41,42,45],"tags":[],"class_list":{"0":"post-4529","1":"post","2":"type-post","3":"status-publish","4":"format-standard","5":"has-post-thumbnail","7":"category-eventos","8":"category-movimento","9":"category-noticia","10":"category-sindicato"},"_links":{"self":[{"href":"https:\/\/sinasefesm.com\/index.php\/wp-json\/wp\/v2\/posts\/4529","targetHints":{"allow":["GET"]}}],"collection":[{"href":"https:\/\/sinasefesm.com\/index.php\/wp-json\/wp\/v2\/posts"}],"about":[{"href":"https:\/\/sinasefesm.com\/index.php\/wp-json\/wp\/v2\/types\/post"}],"author":[{"embeddable":true,"href":"https:\/\/sinasefesm.com\/index.php\/wp-json\/wp\/v2\/users\/3"}],"replies":[{"embeddable":true,"href":"https:\/\/sinasefesm.com\/index.php\/wp-json\/wp\/v2\/comments?post=4529"}],"version-history":[{"count":0,"href":"https:\/\/sinasefesm.com\/index.php\/wp-json\/wp\/v2\/posts\/4529\/revisions"}],"wp:featuredmedia":[{"embeddable":true,"href":"https:\/\/sinasefesm.com\/index.php\/wp-json\/wp\/v2\/media\/4530"}],"wp:attachment":[{"href":"https:\/\/sinasefesm.com\/index.php\/wp-json\/wp\/v2\/media?parent=4529"}],"wp:term":[{"taxonomy":"category","embeddable":true,"href":"https:\/\/sinasefesm.com\/index.php\/wp-json\/wp\/v2\/categories?post=4529"},{"taxonomy":"post_tag","embeddable":true,"href":"https:\/\/sinasefesm.com\/index.php\/wp-json\/wp\/v2\/tags?post=4529"}],"curies":[{"name":"wp","href":"https:\/\/api.w.org\/{rel}","templated":true}]}}