{"id":4533,"date":"2022-04-27T13:57:19","date_gmt":"2022-04-27T13:57:19","guid":{"rendered":"https:\/\/sinasefesm.com\/?p=4533"},"modified":"2022-04-27T13:57:19","modified_gmt":"2022-04-27T13:57:19","slug":"173a-plena-do-sinasefe-aprova-greve-a-partir-de-16-de-maio","status":"publish","type":"post","link":"https:\/\/sinasefesm.com\/index.php\/2022\/04\/27\/173a-plena-do-sinasefe-aprova-greve-a-partir-de-16-de-maio\/","title":{"rendered":"173\u00aa Plena do Sinasefe aprova greve a partir de 16 de maio"},"content":{"rendered":"\n<p> No dia 21 de abril ocorreu, de forma virtual, a 173\u00aa Plen\u00e1ria Nacional do Sinasefe (Plena). Ap\u00f3s um dia de debates, que se encerrou por volta das 19h30, um dos principais encaminhamentos aprovados foi o indicativo de deflagra\u00e7\u00e3o de greve por tempo indeterminado a partir do dia 16 de maio. A motiva\u00e7\u00e3o central da greve ser\u00e1 a defesa da reposi\u00e7\u00e3o salarial de 19,99% para todas as categorias do funcionalismo p\u00fablico, a fim de recompor as perdas inflacion\u00e1rias acumuladas durante os \u00faltimos tr\u00eas anos.<\/p>\n\n\n\n<p>\u201cMerecemos respeito, exigimos ser recebidos para negociar nossa pauta de greve e n\u00e3o admitimos ser \u2018informados\u2019 sobre nossas vidas por \u2018fofocas\u2019 lan\u00e7adas na imprensa\u201d, diz trecho de not\u00edcia publicada no site nacional do Sinasefe. Por \u2018fofoca\u2019, a entidade refere-se ao an\u00fancio feito pelo governo Bolsonaro de que concederia reajuste de 5% a todas as servidoras e servidores. Tal an\u00fancio, feito \u00e0 revelia das entidades, surpreendeu a todos(as), visto que o Executivo, desde janeiro deste ano, tem se negado invariavelmente a negociar com o funcionalismo. Al\u00e9m disso, o \u00edndice de 5% \u00e9 considerado insuficiente pelo movimento.<\/p>\n\n\n\n<p>Cabe lembrar que os(as) t\u00e9cnico-administrativos(as) em educa\u00e7\u00e3o j\u00e1 amargam quase cinco anos de congelamento salarial, e os(as) docentes, quase tr\u00eas. Segundo divulgado no site nacional, somente neste per\u00edodo a gasolina saltou de R$ 2,60 para R$ 7,80; o botij\u00e3o de g\u00e1s saiu de R$ 35,00 para R$ 120,00; e o quilo da carne foi de R$ 18,00 para R$ 50,00.<\/p>\n\n\n\n<p>O Sinasefe, desde o final do ano passado, caminha ao lado do Fonasefe e do Fonacate na constru\u00e7\u00e3o da Campanha Salarial 2022 do funcionalismo p\u00fablico federal, tendo estado junto quando, no dia 18 de janeiro, a carta de reivindica\u00e7\u00f5es das categorias foi protocolada pela primeira vez no Minist\u00e9rio da Economia. Na pauta exigida ao governo, al\u00e9m do reajuste de 19,99, tamb\u00e9m est\u00e3o a revoga\u00e7\u00e3o da Emenda Constitucional 95 (que congelou os investimentos p\u00fablicos por duas d\u00e9cadas, levando a que os servi\u00e7os p\u00fablicos sofressem de inani\u00e7\u00e3o or\u00e7ament\u00e1ria) e a retirada de pauta do Congresso Nacional da Reforma Administrativa (PEC 32\/20).<\/p>\n\n\n\n<p>Agora, o objetivo \u00e9 articular o movimento paredista nacional junto com sindicatos como ANDES-SN e Fasubra, tamb\u00e9m ligados \u00e0s universidades e institutos federais. Veja a convoca\u00e7\u00e3o de David Lob\u00e3o (coordenador geral do SINASEFE) sobre a articula\u00e7\u00e3o em andamento:<\/p>\n\n\n\n<figure class=\"wp-block-embed is-type-video is-provider-youtube wp-block-embed-youtube wp-embed-aspect-16-9 wp-has-aspect-ratio\"><div class=\"wp-block-embed__wrapper\">\n<iframe title=\"Greve Salarial do SINASEFE ser\u00e1 deflagrada em 16 de maio: recomposi\u00e7\u00e3o de 19,99%, j\u00e1!\" width=\"768\" height=\"432\" src=\"https:\/\/www.youtube.com\/embed\/VeI-FZ8B4w0?feature=oembed\" frameborder=\"0\" allow=\"accelerometer; autoplay; clipboard-write; encrypted-media; gyroscope; picture-in-picture; web-share\" referrerpolicy=\"strict-origin-when-cross-origin\" allowfullscreen><\/iframe>\n<\/div><\/figure>\n\n\n\n<p><strong>Demais encaminhamentos aprovados na 173\u00aa Plena foram:<\/strong><\/p>\n\n\n\n<div class=\"wp-block-image\"><figure class=\"alignleft size-full\"><img decoding=\"async\" src=\"https:\/\/sinasefesm.com\/wp-content\/uploads\/2022\/04\/173-Plena..png\" alt=\"\" class=\"wp-image-4535\"\/><\/figure><\/div>\n\n\n\n<ol class=\"wp-block-list\" type=\"1\"><li>Deflagra\u00e7\u00e3o de greve por tempo indeterminado a partir do dia 16 de maio de 2022;<\/li><li>Legitima\u00e7\u00e3o de todas as decis\u00f5es da\u00a0<a rel=\"noreferrer noopener\" href=\"https:\/\/sinasefe.org.br\/mulheres\/2022\/04\/22\/plenaria-de-mulheres-cobertura-em-tempo-real\/\" target=\"_blank\">Plen\u00e1ria Nacional de Mulheres de 23 de abril de 2022<\/a>, com rela\u00e7\u00e3o \u00e0 organiza\u00e7\u00e3o do Encontro Nacional de Mulheres. A comiss\u00e3o solicitar\u00e1 \u00e0\u00a0<a rel=\"noreferrer noopener\" href=\"https:\/\/sinasefe.org.br\/site\/documentos\/direcao-nacional\/coordenacao-de-administracao-e-financas\/\" target=\"_blank\">Coordena\u00e7\u00e3o de Administra\u00e7\u00e3o e Finan\u00e7as<\/a>\u00a0(CAF) os or\u00e7amentos para que seja feita a real compara\u00e7\u00e3o de valores da realiza\u00e7\u00e3o em Bras\u00edlia-DF e em Fortaleza-CE;<\/li><li>Aprova o parecer relativo \u00e0 presta\u00e7\u00e3o de contas da atual gest\u00e3o do SINASEFE, do per\u00edodo analisado e conclu\u00eddo pelo\u00a0<a rel=\"noreferrer noopener\" href=\"https:\/\/sinasefe.org.br\/site\/comissoes\/conselho-fiscal\/\" target=\"_blank\">Conselho Fiscal<\/a>;<\/li><li><a rel=\"noreferrer noopener\" href=\"https:\/\/sinasefe.org.br\/site\/nota-de-solidariedade-aos-colegas-da-base-sindical-da-secao-caceres-mt-do-ifmt\/\" target=\"_blank\">Nota de Solidariedade<\/a>\u00a0aos colegas da base sindical da se\u00e7\u00e3o C\u00e1ceres-MT do IFMT;<\/li><li><a rel=\"noreferrer noopener\" href=\"https:\/\/sinasefe.org.br\/site\/nota-de-solidariedade-aos-trabalhadores-da-prefeitura-de-sao-luis-ma\/\" target=\"_blank\">Nota de Solidariedade<\/a>\u00a0aos trabalhadores da Prefeitura de S\u00e3o Lu\u00eds-MA que est\u00e3o em greve.<\/li><\/ol>\n\n\n\n<p>Para ler as notas de solidariedade na \u00edntegra, <a href=\"https:\/\/sinasefe.org.br\/site\/download\/encaminhamentos-da-173a-plena-do-sinasefe\/\" data-type=\"URL\" data-id=\"https:\/\/sinasefe.org.br\/site\/download\/encaminhamentos-da-173a-plena-do-sinasefe\/\" target=\"_blank\" rel=\"noreferrer noopener\">clique aqui<\/a>. <\/p>\n","protected":false},"excerpt":{"rendered":"<p>No dia 21 de abril ocorreu, de forma virtual, a 173\u00aa Plen\u00e1ria Nacional do Sinasefe (Plena). Ap\u00f3s um dia de debates, que se encerrou por volta das 19h30, um dos principais encaminhamentos aprovados foi o indicativo de deflagra\u00e7\u00e3o de greve por tempo indeterminado a partir do dia 16 de maio. A motiva\u00e7\u00e3o central da greve<\/p>\n","protected":false},"author":3,"featured_media":4534,"comment_status":"closed","ping_status":"closed","sticky":false,"template":"","format":"standard","meta":{"footnotes":""},"categories":[37,41,42,45],"tags":[],"class_list":{"0":"post-4533","1":"post","2":"type-post","3":"status-publish","4":"format-standard","5":"has-post-thumbnail","7":"category-destaque","8":"category-movimento","9":"category-noticia","10":"category-sindicato"},"_links":{"self":[{"href":"https:\/\/sinasefesm.com\/index.php\/wp-json\/wp\/v2\/posts\/4533","targetHints":{"allow":["GET"]}}],"collection":[{"href":"https:\/\/sinasefesm.com\/index.php\/wp-json\/wp\/v2\/posts"}],"about":[{"href":"https:\/\/sinasefesm.com\/index.php\/wp-json\/wp\/v2\/types\/post"}],"author":[{"embeddable":true,"href":"https:\/\/sinasefesm.com\/index.php\/wp-json\/wp\/v2\/users\/3"}],"replies":[{"embeddable":true,"href":"https:\/\/sinasefesm.com\/index.php\/wp-json\/wp\/v2\/comments?post=4533"}],"version-history":[{"count":0,"href":"https:\/\/sinasefesm.com\/index.php\/wp-json\/wp\/v2\/posts\/4533\/revisions"}],"wp:featuredmedia":[{"embeddable":true,"href":"https:\/\/sinasefesm.com\/index.php\/wp-json\/wp\/v2\/media\/4534"}],"wp:attachment":[{"href":"https:\/\/sinasefesm.com\/index.php\/wp-json\/wp\/v2\/media?parent=4533"}],"wp:term":[{"taxonomy":"category","embeddable":true,"href":"https:\/\/sinasefesm.com\/index.php\/wp-json\/wp\/v2\/categories?post=4533"},{"taxonomy":"post_tag","embeddable":true,"href":"https:\/\/sinasefesm.com\/index.php\/wp-json\/wp\/v2\/tags?post=4533"}],"curies":[{"name":"wp","href":"https:\/\/api.w.org\/{rel}","templated":true}]}}