{"id":4542,"date":"2022-04-28T19:47:28","date_gmt":"2022-04-28T19:47:28","guid":{"rendered":"https:\/\/sinasefesm.com\/?p=4542"},"modified":"2022-04-28T19:47:28","modified_gmt":"2022-04-28T19:47:28","slug":"sinasefe-tem-primeiro-plantao-juridico-presencial-em-20-de-maio","status":"publish","type":"post","link":"https:\/\/sinasefesm.com\/index.php\/2022\/04\/28\/sinasefe-tem-primeiro-plantao-juridico-presencial-em-20-de-maio\/","title":{"rendered":"Sinasefe tem primeiro plant\u00e3o jur\u00eddico presencial em 20 de maio"},"content":{"rendered":"\n<p>O Sinasefe Santa Maria, em conjunto com sua assessoria jur\u00eddica, definiu a data de retorno dos plant\u00f5es jur\u00eddicos presenciais: 20 de maio, das 14h \u00e0s 17 horas, na sede do sindicato (Av. Rio Branco, 601 &#8211; Centro, Santa Maria &#8211; RS, 97010-423, Sala 02). Para marcar um hor\u00e1rio individualizado com os advogados, \u00e9 necess\u00e1rio realizar agendamento pr\u00e9vio pelo e-mail sinasefesm@gmail.com.<br>Este ser\u00e1 o primeiro atendimento feito presencialmente, ap\u00f3s dois anos de atividade remota, em decorr\u00eancia da pandemia de covid-19.<\/p>\n\n\n\n<p><\/p>\n\n\n\n<p><em>Texto: Laurent Keller<\/em><\/p>\n\n\n\n<p><em>Revis\u00e3o: Bruna Homrich<\/em><\/p>\n","protected":false},"excerpt":{"rendered":"<p>O Sinasefe Santa Maria, em conjunto com sua assessoria jur\u00eddica, definiu a data de retorno dos plant\u00f5es jur\u00eddicos presenciais: 20 de maio, das 14h \u00e0s 17 horas, na sede do sindicato (Av. Rio Branco, 601 &#8211; Centro, Santa Maria &#8211; RS, 97010-423, Sala 02). Para marcar um hor\u00e1rio individualizado com os advogados, \u00e9 necess\u00e1rio realizar<\/p>\n","protected":false},"author":5,"featured_media":4543,"comment_status":"closed","ping_status":"closed","sticky":false,"template":"","format":"standard","meta":{"footnotes":""},"categories":[37,39],"tags":[],"class_list":{"0":"post-4542","1":"post","2":"type-post","3":"status-publish","4":"format-standard","5":"has-post-thumbnail","7":"category-destaque","8":"category-eventos"},"_links":{"self":[{"href":"https:\/\/sinasefesm.com\/index.php\/wp-json\/wp\/v2\/posts\/4542","targetHints":{"allow":["GET"]}}],"collection":[{"href":"https:\/\/sinasefesm.com\/index.php\/wp-json\/wp\/v2\/posts"}],"about":[{"href":"https:\/\/sinasefesm.com\/index.php\/wp-json\/wp\/v2\/types\/post"}],"author":[{"embeddable":true,"href":"https:\/\/sinasefesm.com\/index.php\/wp-json\/wp\/v2\/users\/5"}],"replies":[{"embeddable":true,"href":"https:\/\/sinasefesm.com\/index.php\/wp-json\/wp\/v2\/comments?post=4542"}],"version-history":[{"count":0,"href":"https:\/\/sinasefesm.com\/index.php\/wp-json\/wp\/v2\/posts\/4542\/revisions"}],"wp:featuredmedia":[{"embeddable":true,"href":"https:\/\/sinasefesm.com\/index.php\/wp-json\/wp\/v2\/media\/4543"}],"wp:attachment":[{"href":"https:\/\/sinasefesm.com\/index.php\/wp-json\/wp\/v2\/media?parent=4542"}],"wp:term":[{"taxonomy":"category","embeddable":true,"href":"https:\/\/sinasefesm.com\/index.php\/wp-json\/wp\/v2\/categories?post=4542"},{"taxonomy":"post_tag","embeddable":true,"href":"https:\/\/sinasefesm.com\/index.php\/wp-json\/wp\/v2\/tags?post=4542"}],"curies":[{"name":"wp","href":"https:\/\/api.w.org\/{rel}","templated":true}]}}